{"id":248427,"date":"2025-07-14T02:16:13","date_gmt":"2025-07-14T02:16:13","guid":{"rendered":"https:\/\/www.europesays.com\/fr\/248427\/"},"modified":"2025-07-14T02:16:13","modified_gmt":"2025-07-14T02:16:13","slug":"rencontre-avec-lartiste-julien-lune-qui-reve-de-briller-parmi-les-etoiles","status":"publish","type":"post","link":"https:\/\/www.europesays.com\/fr\/248427\/","title":{"rendered":"rencontre avec l\u2019artiste Julien Lune qui r\u00eave de briller parmi les \u00e9toiles"},"content":{"rendered":"<p>            Par<br \/>\n        <strong><br \/>\n            <a href=\"https:\/\/actu.fr\/auteur\/mereva-balin\" title=\"Consulter tous les articles de M\u00e9r\u00e9va Balin\" target=\"_blank\" rel=\"noopener\">M\u00e9r\u00e9va Balin<\/a><br \/>\n        <\/strong><\/p>\n<p>        Publi\u00e9 le<\/p>\n<p>            13 juil. 2025 \u00e0 9h16        <\/p>\n<p>Il \u00e9crit, compose et enregistre chacun de ses titres depuis la maison familiale de <a href=\"https:\/\/actu.fr\/ile-de-france\/gargenville_78267\" target=\"_blank\" rel=\"noopener\">Gargenville<\/a> (Yvelines) parce qu\u2019il a \u00ab\u2009envie de s\u2019amuser avec sa musique.\u2009\u00bb Julien Lune, 22\u00a0ans, a mis en ligne la premi\u00e8re chanson de son futur album en avril\u00a02025.<\/p>\n<p class=\" wall-content\">Dans <a href=\"https:\/\/www.youtube.com\/watch?v=fsta89x1AJ4&amp;list=OLAK5uy_mfLjDtxnR693kyLXlRUzdHhPQdYtvIMyA\" target=\"_blank\" rel=\"noopener\">Ann\u00e9es lumi\u00e8res<\/a>, l\u2019artiste confie la douleur ressentie apr\u00e8s la <b>fin d\u2019une relation amoureuse<\/b>. \u00ab\u2009Je parle aussi des souvenirs que l\u2019on garde de la personne avec laquelle on se s\u00e9pare, explique ce fils d\u2019une adjointe au maire. Je travaille sur un album. Il doit sortir cette ann\u00e9e.\u2009\u00bb<\/p>\n<blockquote class=\"ac-article-quote wall-content\">\n<p>\u00ab\u2009Chaque titre y raconte une \u00e9tape du travail de deuil et de reconstruction apr\u00e8s une rupture.\u2009\u00bb<\/p>\n<p>Julien Lune<\/p><\/blockquote>\n<p>Un ancien membre de l\u2019association Passion du chant<\/p>\n<p class=\" wall-content\">Ainsi le deuxi\u00e8me titre mis en ligne, <a href=\"https:\/\/www.youtube.com\/watch?v=5tsB4Q0NzkI\" target=\"_blank\" rel=\"noopener\">R\u00e9tro<\/a>, est une continuit\u00e9 du premier. \u00ab\u2009C\u2019est une <b>m\u00e9taphore fil\u00e9e<\/b> sur la fa\u00e7on dont on prend du recul pour s\u2019apercevoir que nos souvenirs de la relation ont \u00e9t\u00e9 id\u00e9alis\u00e9s, d\u00e9crypte cet ancien laur\u00e9at du concours de l\u2019association <a href=\"https:\/\/www.passionduchant.fr\/\" target=\"_blank\" rel=\"noopener\">Passion du chant<\/a>. Dans cet album, je pars d\u2019un sentiment pour en d\u00e9velopper toutes les facettes.\u2009\u00bb<\/p>\n<p class=\" wall-content\"><b>Bleu azur<\/b>, son quatri\u00e8me titre, est sorti le vendredi 11 juillet 2025 sur toutes les plateformes d\u2019\u00e9coute. \u00ab\u2009Cette chanson est plus estivale avec un th\u00e8me plus joyeux\u2009\u00bb, annonce-t-il.<\/p>\n<p class=\" wall-content\">\n<p>De retour sur sc\u00e8ne<\/p>\n<p class=\" wall-content\">Sur la sc\u00e8ne, dress\u00e9e dans le parc du ch\u00e2teau de Rangiport pour la f\u00eate de la musique, le samedi 21\u00a0juin 2025, Julien Lune a interpr\u00e9t\u00e9 six de ses compositions (dont <b>trois in\u00e9dits<\/b>), avant de reprendre le titre Voyage, voyage de D\u00e9sireless. \u00ab\u2009Cela faisait six ans que je n\u2019\u00e9tais pas mont\u00e9 sur sc\u00e8ne, raconte celui qui a tent\u00e9 sa chance au t\u00e9l\u00e9crochet <a href=\"https:\/\/actu.fr\/ile-de-france\/limay_78335\/the-voice-kids-lyvelinois-yohan-age-de-15-ans-restera-t-il-debout-apres-son-audition-a-laveugle_61531789.html\" target=\"_blank\" rel=\"noopener\">The Voice Kids<\/a>. C\u2019\u00e9tait aussi la premi\u00e8re fois que je d\u00e9fendais mes titres devant un public.\u2009\u00bb<\/p>\n<p>Vid\u00e9os : en ce moment sur Actu<\/p>\n<blockquote class=\"ac-article-quote wall-content\">\n<p>\u00ab\u2009C\u2019\u00e9tait intimidant mais j\u2019ai re\u00e7u beaucoup de compliments. Je me suis senti tr\u00e8s \u00e0 l\u2019aise, \u00e0 ma place.\u2009\u00bb<\/p>\n<p>Julien Lune<\/p><\/blockquote>\n<p class=\" wall-content\">Ce retour sur sc\u00e8ne a empli de joie sa <b>premi\u00e8re fan<\/b> propuls\u00e9e agent artistique, sa m\u00e8re <a href=\"https:\/\/actu.fr\/ile-de-france\/gargenville_78267\/nos-enfants-ne-sont-pas-des-sardines-le-cri-du-coeur-de-parents-d-eleves-de-gargenville_59220240.html\" target=\"_blank\" rel=\"noopener\">Marjolaine Grolleau<\/a>. \u00ab\u2009Il a r\u00e9ussi \u00e0 toucher plusieurs g\u00e9n\u00e9rations, t\u00e9moigne-t-elle. Il y a des notes de nostalgie. Elles rappellent les ann\u00e9es 1980 dans sa musique.\u2009\u00bb<\/p>\n<p>    <a href=\"https:\/\/maps.google.com\/maps?q=48.9762933,1.811602&amp;z=15&amp;output=embed\" title=\"Ouvrie le lien\" target=\"_blank\" rel=\"noopener\">Cliquez ici pour visualiser le contenu<\/a><\/p>\n<p>Inspir\u00e9 par Videoclub et Taylor Swift<\/p>\n<p class=\" wall-content\">Le style de Julien Lune, c\u2019est l\u2019electro pop. \u00ab\u2009J\u2019ai investi dans un logiciel de composition, raconte-t-il. Apr\u00e8s plusieurs tests, c\u2019est le genre qui me correspond le mieux.\u2009\u00bb Ses inspirations vont du groupe Videoclub au chanteur Maxence, en passant par <a href=\"https:\/\/actu.fr\/ile-de-france\/paris_75056\/on-veut-etre-au-premier-rang-a-paris-les-fans-de-billie-eilish-campent-devant-bercy-avant-son-concert_62751458.html\" target=\"_blank\" rel=\"noopener\">Billie Eilish<\/a> et <a href=\"https:\/\/actu.fr\/loisirs-culture\/tout-m-appartient-desormais-pourquoi-taylor-swift-n-avait-pas-les-droits-de-ses-six-premiers-albums_62710845.html\" target=\"_blank\" rel=\"noopener\">Taylor Swift<\/a> \u00ab\u2009pour l\u2019\u00e9criture\u2009\u00bb.<\/p>\n<p class=\" wall-content\">L\u2019artiste en herbe peut aussi compter sur le soutien d\u2019un voisin providentiel, Jos\u00e9, ing\u00e9nieur du son et responsable du studio d\u2019enregistrement municipal de <a href=\"https:\/\/actu.fr\/ile-de-france\/limay_78335\" target=\"_blank\" rel=\"noopener\">Limay<\/a>. \u00ab\u2009Il s\u2019occupe des <b>arrangements dans son studio<\/b> personnel, explique Julien. C\u2019est gratifiant d\u2019\u00eatre valid\u00e9 par un professionnel. Il me tire \u00e9norm\u00e9ment vers le haut.\u2009\u00bb<\/p>\n<p>Un carnet de po\u00e8mes pour commencer<\/p>\n<p class=\" wall-content\">Encore au tout d\u00e9but d\u2019une jeune carri\u00e8re, <a href=\"https:\/\/www.instagram.com\/julien.lune\/\" target=\"_blank\" rel=\"noopener\">Julien Lune<\/a> a des envies plein la t\u00eate.<\/p>\n<blockquote class=\"ac-article-quote wall-content\">\n<p>\u00ab\u2009Mon r\u00eave ultime serait de vivre de ma musique et de voir mon nom en lettres rouges sur l\u2019Olympia.\u2009\u00bb<\/p>\n<p>Julien Lune<\/p><\/blockquote>\n<p class=\" wall-content\">\u00ab\u2009Mais si je touche d\u00e9j\u00e0 une personne avec mes chansons, qu\u2019elle se sent comprise, que ma musique cr\u00e9e un cocon, j\u2019ai d\u00e9j\u00e0 gagn\u00e9\u2026\u2009\u00bb, confie le futur \u00e9tudiant en master de <a href=\"https:\/\/francemusicotherapie.fr\/la-musicotherapie\/la-musicotherapie-et-sa-definition-a-travers-le-monde\/\" target=\"_blank\" rel=\"noopener\">musicoth\u00e9rapie<\/a>. C\u2019est que le jeune homme \u00e0 la <b>cr\u00e9ation artistique chevill\u00e9e au corps<\/b> depuis l\u2019enfance. \u00ab\u2009En CM 2, j\u2019avais un carnet de po\u00e8mes et je l\u2019emportais partout avec moi, se souvient-il. C\u2019est comme \u00e7a que j\u2019ai \u00e9crit ma premi\u00e8re chanson. Puis au lyc\u00e9e, j\u2019ai commenc\u00e9 \u00e0 composer.\u2009\u00bb<\/p>\n<p>Une fratrie soud\u00e9e<\/p>\n<p class=\" wall-content\">Pris par d\u2019autres obligations, il a laiss\u00e9 son art de c\u00f4t\u00e9 pendant quelques ann\u00e9es, avant d\u2019y revenir en 2024 pour le plus grand bonheur de sa m\u00e8re.<\/p>\n<blockquote class=\"ac-article-quote wall-content\">\n<p>\u00ab\u2009Je trouvais triste qu\u2019il se soit arr\u00eat\u00e9. Il am\u00e8ne quelque chose de diff\u00e9rent avec son chant.\u2009\u00bb<\/p>\n<p>Marjolaine Grolleau, m\u00e8re et agent artistique de Julien Lune<\/p><\/blockquote>\n<p class=\" wall-content\">\u00ab\u2009J\u2019ai la chance d\u2019avoir deux enfants artistes et une sportive\u2009\u00bb, confie cette amatrice de th\u00e9\u00e2tre et d\u2019art en g\u00e9n\u00e9ral.\u00a0C\u2019est d\u2019ailleurs d\u2019un <b>tatouage commun<\/b> avec son fr\u00e8re et sa s\u0153ur, que lui vient son pseudo. \u00ab\u2009La lune correspond bien \u00e0 mon caract\u00e8re\u2009\u00bb, glisse-t-il.<\/p>\n<p class=\" wall-content\">Suivez toute l\u2019actualit\u00e9 de vos villes et m\u00e9dias favoris en vous inscrivant \u00e0 <a href=\"https:\/\/moncompte.actu.fr\" title=\"D\u00e9couvez Mon Actu\" rel=\"nofollow noopener\" data-trk=\"{&quot;cta&quot;:{&quot;action&quot;:&quot;https:\\\/\\\/moncompte.actu.fr&quot;,&quot;category&quot;:&quot;mon compte&quot;,&quot;from&quot;:&quot;article footer&quot;,&quot;name&quot;:&quot;Mon actu&quot;,&quot;type&quot;:&quot;cta&quot;}}\" target=\"_blank\">Mon Actu<\/a>.<\/p>\n<ul class=\"ac-article-tag wall-content\">\n<li><a href=\"https:\/\/actu.fr\/tag\/fete-de-la-musique\" data-trk=\"{&quot;cta&quot;:{&quot;action&quot;:&quot;F\\u00eate de la musique&quot;,&quot;category&quot;:&quot;tag&quot;,&quot;from&quot;:&quot;article footer&quot;,&quot;name&quot;:&quot;F\\u00eate de la musique&quot;,&quot;type&quot;:&quot;cta&quot;}}\" target=\"_blank\" rel=\"noopener\">#F\u00eate de la musique<\/a><\/li>\n<li><a href=\"https:\/\/actu.fr\/tag\/musique\" data-trk=\"{&quot;cta&quot;:{&quot;action&quot;:&quot;Musique&quot;,&quot;category&quot;:&quot;tag&quot;,&quot;from&quot;:&quot;article footer&quot;,&quot;name&quot;:&quot;Musique&quot;,&quot;type&quot;:&quot;cta&quot;}}\" target=\"_blank\" rel=\"noopener\">#Musique<\/a><\/li>\n<\/ul>\n<p>                    <script async src=\"\/\/www.instagram.com\/embed.js\"><\/script><\/p>\n","protected":false},"excerpt":{"rendered":"Par M\u00e9r\u00e9va Balin Publi\u00e9 le 13 juil. 2025 \u00e0 9h16 Il \u00e9crit, compose et enregistre chacun de ses&hellip;\n","protected":false},"author":2,"featured_media":248428,"comment_status":"","ping_status":"","sticky":false,"template":"","format":"standard","meta":{"footnotes":""},"categories":[1355],"tags":[58,59,25885,1011,27,1652,1361,873],"class_list":{"0":"post-248427","1":"post","2":"type-post","3":"status-publish","4":"format-standard","5":"has-post-thumbnail","7":"category-musique","8":"tag-divertissement","9":"tag-entertainment","10":"tag-fete-de-la-musique","11":"tag-fr","12":"tag-france","13":"tag-loisirs-culture","14":"tag-music","15":"tag-musique"},"share_on_mastodon":{"url":"https:\/\/pubeurope.com\/@fr\/114849184640353765","error":""},"_links":{"self":[{"href":"https:\/\/www.europesays.com\/fr\/wp-json\/wp\/v2\/posts\/248427","targetHints":{"allow":["GET"]}}],"collection":[{"href":"https:\/\/www.europesays.com\/fr\/wp-json\/wp\/v2\/posts"}],"about":[{"href":"https:\/\/www.europesays.com\/fr\/wp-json\/wp\/v2\/types\/post"}],"author":[{"embeddable":true,"href":"https:\/\/www.europesays.com\/fr\/wp-json\/wp\/v2\/users\/2"}],"replies":[{"embeddable":true,"href":"https:\/\/www.europesays.com\/fr\/wp-json\/wp\/v2\/comments?post=248427"}],"version-history":[{"count":0,"href":"https:\/\/www.europesays.com\/fr\/wp-json\/wp\/v2\/posts\/248427\/revisions"}],"wp:featuredmedia":[{"embeddable":true,"href":"https:\/\/www.europesays.com\/fr\/wp-json\/wp\/v2\/media\/248428"}],"wp:attachment":[{"href":"https:\/\/www.europesays.com\/fr\/wp-json\/wp\/v2\/media?parent=248427"}],"wp:term":[{"taxonomy":"category","embeddable":true,"href":"https:\/\/www.europesays.com\/fr\/wp-json\/wp\/v2\/categories?post=248427"},{"taxonomy":"post_tag","embeddable":true,"href":"https:\/\/www.europesays.com\/fr\/wp-json\/wp\/v2\/tags?post=248427"}],"curies":[{"name":"wp","href":"https:\/\/api.w.org\/{rel}","templated":true}]}}