{"id":248429,"date":"2025-07-14T02:17:36","date_gmt":"2025-07-14T02:17:36","guid":{"rendered":"https:\/\/www.europesays.com\/fr\/248429\/"},"modified":"2025-07-14T02:17:36","modified_gmt":"2025-07-14T02:17:36","slug":"lunivers-ghibli-contrepoint-ideal-a-la-pop-culture-americaine","status":"publish","type":"post","link":"https:\/\/www.europesays.com\/fr\/248429\/","title":{"rendered":"L\u2019univers Ghibli, contrepoint id\u00e9al \u00e0 la pop culture am\u00e9ricaine"},"content":{"rendered":"<p>La plateforme de streaming gratuite de France T\u00e9l\u00e9visions meuble son \u00e9t\u00e9 avec des \u0153uvres choisies dans le catalogue merveilleux du studio japonais.<\/p>\n<p class=\"fig-paragraph\">\u00ab\u00a0Je n\u2019ai jamais rien vu de plus f\u00e9erique, de plus rassurant ou de plus impressionnant que les films de Miyazaki\u00a0\u00bb, note Antoine, 13\u00a0ans, adepte de cin\u00e9ma d\u2019animation depuis sa premi\u00e8re sortie au cin\u00e9ma. Il avait alors 3\u00a0ans. Le film\u00a0? Mon voisin Totoro, une ode \u00e0 la nature et \u00e0 l\u2019enfance sur fond de Japon rural des ann\u00e9es 1950. Un p\u00e8re anthropologue, une m\u00e8re \u00e0 l\u2019h\u00f4pital, deux petites filles de 10 et 4\u00a0ans, une petite vieille frip\u00e9e comme la peau d\u2019une pomme, des \u00ab\u00a0noiraudes\u00a0\u00bb, et \u00e0 l\u2019or\u00e9e de la for\u00eat qui borde la maison, un immense camphrier dans le tronc duquel vit une cr\u00e9ature \u00e0 la fois monstrueuse et merveilleuse, aupr\u00e8s de laquelle la petite Mei va trouver le r\u00e9confort n\u00e9cessaire \u00e0 l\u2019absence de sa maman.<\/p>\n<p class=\"fig-paragraph\">Deuxi\u00e8me film du Studio Ghibli, cofond\u00e9 en 1985 par Hayao Miyazaki et Isao Takahata, Mon voisin Totoro (1988) a \u00e9t\u00e9 montr\u00e9 en France pour la premi\u00e8re fois en 1993 au Festival d\u2019Annecy o\u00f9 il a \u00e9t\u00e9 accueilli avec le m\u00eame enthousiasme que celui du jeune Antoine. De la production audiovisuelle japonaise, le public fran\u00e7ais ne connaissait jusque-l\u00e0 pas grand-chose, la r\u00e9sumant, d\u2019un c\u00f4t\u00e9, aux films intellos d\u2019Ozu et de Kurosawa, de l\u2019autre, aux bluettes interstellaires et juv\u00e9niles du \u00ab\u00a0Club Doroth\u00e9e\u00a0\u00bb. De Nausicaa (1985), Le Ch\u00e2teau dans le ciel (1986), \u00e0 Ponyo sur la falaise (2008) en passant par le sublime Princesse Mononok\u00e9 (1997), Le Voyage de Chihiro (2001) et Arrietty, le petit monde des chapardeurs (2010), les cr\u00e9ations du Studio Ghibli s\u2019imposent d\u2019embl\u00e9e comme des chefs-d\u2019\u0153uvre d\u2019animation tous publics, mais aussi comme des cl\u00e9s d\u2019entr\u00e9e \u00e0 la culture japonaise, si particuli\u00e8re, et comme le contrepoint id\u00e9al \u00e0 la pop culture am\u00e9ricaine, en l\u2019esp\u00e8ce les films Disney.<\/p>\n<p>                                    <a class=\"fig-a11y-skip a11y-hidden\" href=\"#fig-a11y-skip-main-inarticle\"><br \/>\n        Passer la publicit\u00e9<br \/>\n    <\/a><\/p>\n<p>En harmonie avec la nature<\/p>\n<p class=\"fig-paragraph\">Non que ces derniers soient d\u00e9nu\u00e9s d\u2019int\u00e9r\u00eat. Inspir\u00e9s des contes et l\u00e9gendes occidentales (Charles Perrault, les fr\u00e8res Grimm\u2026), ils s\u2019emploient \u00e0 peindre le monde et \u00e0 transmettre aux enfants les notions de travail, de famille, d\u2019engagement, de solidarit\u00e9 et de courage. Autant de valeurs essentielles au mythe fondateur am\u00e9ricain. Les films Ghibli racontent peu ou prou les m\u00eames histoires. Elles sont universelles. S\u2019y ajoutent toutefois une spiritualit\u00e9 et une po\u00e9sie que les films Disney ne recherchent pas, peut-\u00eatre par volont\u00e9 de gagner le c\u0153ur du plus grand nombre. Cela tient \u00e0 l\u2019utilisation de la 2D r\u00e9alis\u00e9e \u00e0 la main, proche des dessins japonais traditionnels. \u00c0 la fascination de l\u2019Occident pour une mythologie foisonnante et omnipr\u00e9sente. Et au postulat des films Ghibli, toujours le m\u00eame. \u00ab\u00a0L\u2019int\u00e9r\u00eat ne porte pas seulement sur les relations entre humains. Le monde dans son ensemble, autrement dit les paysages, le temps qu\u2019il fait, la lumi\u00e8re, les plantes, l\u2019eau, le vent, tout cela est magnifique et je fais tout mon possible pour que cela soit inclus dans nos films.\u00a0\u00bb, dit le ma\u00eetre Hayao Miyazaki dans une rare interview. La nature et les \u00e9cosyst\u00e8mes sont des motifs r\u00e9currents. Lorsqu\u2019on l\u2019exploite ou la souille, elle se rebelle et provoque la destruction. On n\u2019oublie pas que le Japon est un pays de s\u00e9ismes. On n\u2019oublie pas non plus qu\u2019il est le seul \u00e0 avoir jamais subi les ravages d\u2019une atomisation. Ce dont t\u00e9moigne le mythe de Godzilla ou Gojira.<\/p>\n<p class=\"fig-paragraph\">Plus sensible qu\u2019autrefois. D\u00e9sireux de s\u2019ouvrir \u00e0 d\u2019autres chants du monde, le public a mordu aux app\u00e2ts. Le succ\u00e8s des films Ghibli est plan\u00e9taire. Le Studio a d\u00e9sormais son parc d\u2019attractions. Et les plateformes s\u2019arrachent les droits de diffusion de son catalogue. Dont France.tv, qui cet \u00e9t\u00e9 diffuse une demi-douzaine de r\u00e9f\u00e9rences, ainsi qu\u2019un joli documentaire.<\/p>\n","protected":false},"excerpt":{"rendered":"La plateforme de streaming gratuite de France T\u00e9l\u00e9visions meuble son \u00e9t\u00e9 avec des \u0153uvres choisies dans le catalogue&hellip;\n","protected":false},"author":2,"featured_media":248430,"comment_status":"","ping_status":"","sticky":false,"template":"","format":"standard","meta":{"footnotes":""},"categories":[1354],"tags":[1832,650,58,59,1346,1011,27,2400,1360,34712],"class_list":{"0":"post-248429","1":"post","2":"type-post","3":"status-publish","4":"format-standard","5":"has-post-thumbnail","7":"category-films","8":"tag-animation","9":"tag-cinema","10":"tag-divertissement","11":"tag-entertainment","12":"tag-films","13":"tag-fr","14":"tag-france","15":"tag-france-televisions","16":"tag-movies","17":"tag-studio-ghibli"},"share_on_mastodon":{"url":"https:\/\/pubeurope.com\/@fr\/114849188549530463","error":""},"_links":{"self":[{"href":"https:\/\/www.europesays.com\/fr\/wp-json\/wp\/v2\/posts\/248429","targetHints":{"allow":["GET"]}}],"collection":[{"href":"https:\/\/www.europesays.com\/fr\/wp-json\/wp\/v2\/posts"}],"about":[{"href":"https:\/\/www.europesays.com\/fr\/wp-json\/wp\/v2\/types\/post"}],"author":[{"embeddable":true,"href":"https:\/\/www.europesays.com\/fr\/wp-json\/wp\/v2\/users\/2"}],"replies":[{"embeddable":true,"href":"https:\/\/www.europesays.com\/fr\/wp-json\/wp\/v2\/comments?post=248429"}],"version-history":[{"count":0,"href":"https:\/\/www.europesays.com\/fr\/wp-json\/wp\/v2\/posts\/248429\/revisions"}],"wp:featuredmedia":[{"embeddable":true,"href":"https:\/\/www.europesays.com\/fr\/wp-json\/wp\/v2\/media\/248430"}],"wp:attachment":[{"href":"https:\/\/www.europesays.com\/fr\/wp-json\/wp\/v2\/media?parent=248429"}],"wp:term":[{"taxonomy":"category","embeddable":true,"href":"https:\/\/www.europesays.com\/fr\/wp-json\/wp\/v2\/categories?post=248429"},{"taxonomy":"post_tag","embeddable":true,"href":"https:\/\/www.europesays.com\/fr\/wp-json\/wp\/v2\/tags?post=248429"}],"curies":[{"name":"wp","href":"https:\/\/api.w.org\/{rel}","templated":true}]}}