{"id":24843,"date":"2025-04-14T17:59:11","date_gmt":"2025-04-14T17:59:11","guid":{"rendered":"https:\/\/www.europesays.com\/fr\/24843\/"},"modified":"2025-04-14T17:59:11","modified_gmt":"2025-04-14T17:59:11","slug":"objectif-dargent-portraitiste-de-france-deux-photographes-de-draguignan-distingues-par-la-federation-francaise-de-la-photographie-et-des-metiers-de-limage","status":"publish","type":"post","link":"https:\/\/www.europesays.com\/fr\/24843\/","title":{"rendered":"Objectif d&rsquo;argent, Portraitiste de France&#8230; Deux photographes de Draguignan distingu\u00e9s par la F\u00e9d\u00e9ration fran\u00e7aise de la photographie et des m\u00e9tiers de l&rsquo;image"},"content":{"rendered":"<p>Libert\u00e9, libert\u00e9 ch\u00e9rie\u2026 ! Tout comme le titre du manuscrit publi\u00e9 par Pierre Mend\u00e8s France en 1942, ou le po\u00e8me de Paul \u00c9luard, \u2013 \u00ab\u00a0Sur mes cahiers d\u2019\u00e9colier, Sur mon pupitre et les arbres, Sur le sable sur la neige, J\u2019\u00e9cris ton nom\u2026\u00a0\u00bb \u2013 le th\u00e8me de la libert\u00e9 traverse les si\u00e8cles.<\/p>\n<p>Mais comment l\u2019exprimer r\u00e9ellement lorsqu\u2019on est un professionnel de l\u2019image?<\/p>\n<p>Tel a \u00e9t\u00e9 le d\u00e9fi, relev\u00e9 avec brio, par le photographe drac\u00e9nois<strong><a href=\"https:\/\/www.varmatin.com\/vie-locale\/je-les-remercie-de-mavoir-confie-leur-image-soixante-dracenoises-posent-devant-lobjectif-du-photographe-varois-gael-delaite-908858\" rel=\"nofollow noopener\" target=\"_blank\"> Ga\u00ebl Delaite, 50 ans<\/a>.<\/strong><\/p>\n<p>Gr\u00e2ce \u00e0 son talent et \u00e0 sa cr\u00e9ativit\u00e9, il vient de recevoir le prix Objectif d\u2019argent remis par la F\u00e9d\u00e9ration fran\u00e7aise de la photographie et des m\u00e9tiers de l\u2019image (FFPMI).<\/p>\n<p>              <img ci-src=\"https:\/\/www.varmatin.com\/vie-locale\/PRIX+PHOTOGRAPHES+DRA+%2837801846%29-pV1vfqCM.jpg?vh=50ae7a&amp;ci_seal=56f07f79d2\" alt=\"\"\/><br \/>\n        Apr\u00e8s le titre de Portraitiste de France, Ga\u00ebl Delaite a obtenu l\u2019Objectif d\u2019argent. <strong>Photo Alain Brun Jacob.<\/strong> <\/p>\n<p>Un prix remport\u00e9 face \u00e0 une soixantaine de participants, qui a ravi ce Varois, p\u00e8re de quatre enfants, r\u00e9compens\u00e9 <strong>i<a href=\"https:\/\/www.varmatin.com\/vie-locale\/deux-photographes-de-la-dracenie-ont-ete-elus-portraitistes-de-france--846361\" rel=\"nofollow noopener\" target=\"_blank\">l y a deux ans du titre de Portraitiste de France.\u00a0<\/a><\/strong><\/p>\n<p>\u00ab\u00a0Une de mes cons\u0153urs m\u2019a propos\u00e9 de participer \u00e0 ce concours ayant pour th\u00e8me \u00ab Libert\u00e9 ch\u00e9rie\u00a0\u00bb, et j\u2019ai accept\u00e9, se raconte-t-il. J\u2019ai souhait\u00e9 d\u00e9crire ce qui repr\u00e9sentait le plus la libert\u00e9 \u00e0 mes yeux, en m\u2019inspirant de \u00ab\u00a0La libert\u00e9 guidant le peuple\u00a0\u00bb, un tableau d\u2019Eug\u00e8ne Delacroix (1).\u00a0\u00bb<\/p>\n<p>Le th\u00e8me abord\u00e9 devait \u00eatre pr\u00e9sent\u00e9 en triptyque et au format carr\u00e9: \u00ab\u00a0J\u2019ai d\u00e9cid\u00e9 de reproduire l\u2019\u0153uvre comme axe du projet en gardant la m\u00eame lumi\u00e8re, et de la d\u00e9cliner en mettant en avant toutes les formes de libert\u00e9 et d\u2019oppression\u00a0\u00bb, poursuit-il.<\/p>\n<p>Afin de r\u00e9aliser ses trois clich\u00e9s, il lance un appel \u00e0 figurants sur ses r\u00e9seaux sociaux. Le 28 d\u00e9cembre dernier, le Studio de la rue Notre Dame du Peuple fourmille de Drac\u00e9nois (es) souhaitant prendre part \u00e0 ce beau projet. Habillage, s\u00e9ance de maquillage\u2026 Chaque d\u00e9tail compte.<\/p>\n<p>La premi\u00e8re photo repr\u00e9sente \u00e0 l\u2019identique l\u2019\u0153uvre originale du peintre. Des armes sont pr\u00e9sentes et les figurants, arborant des costumes d\u2019\u00e9poque, semblent plus vrais que nature.<\/p>\n<p>\u00ab\u00a0L\u2019id\u00e9e est de faire avec nos moyens, tout en \u00e9tant le plus fid\u00e8le possible \u00e0 l\u2019\u0153uvre de Delacroix.\u00a0\u00bb Le r\u00e9sultat est bluffant: \u00ab\u00a0Sur chaque tableau, je retravaille la lumi\u00e8re et le model\u00e9 de la peau, ce qui donne un c\u00f4t\u00e9 dessin\u00a0\u00bb, d\u00e9taille Ga\u00ebl Delaite.<\/p>\n<p>Un clich\u00e9 sur la libert\u00e9 sexuelle<\/p>\n<p>Sur le deuxi\u00e8me clich\u00e9, le th\u00e8me prend un tout autre sens: libert\u00e9 de la presse, esclavage, peine de mort, droit des femmes\u2026 Toutes les formes de libert\u00e9 y apparaissent avec justesse et r\u00e9alisme.<\/p>\n<p>\u00c0 l\u2019image de cette jeune \u00e9tudiante iranienne qui d\u00e9fia la police des m\u0153urs en sous-v\u00eatements, pour protester contre le port obligatoire du voile dans son pays, en novembre dernier. Le corps sans vie d\u2019une femme v\u00eatue d\u2019une burka, symbole d\u2019un lourd combat, est quant \u00e0 lui mis en sc\u00e8ne au premier plan.<\/p>\n<p>Concernant la troisi\u00e8me image, focus a \u00e9t\u00e9 mis sur la libert\u00e9 sexuelle, le drapeau LGBT tr\u00f4ne au-dessus de couples h\u00e9t\u00e9rosexuels, gays, lesbiens etc.: \u00ab\u00a0Une victime au sol repr\u00e9sente toutes les personnes pers\u00e9cut\u00e9es ou d\u00e9c\u00e9d\u00e9es en raison de leurs diff\u00e9rences.\u00a0\u00bb <\/p>\n<p>Une r\u00e9flexion humaniste et engag\u00e9e, suivie d\u2019un travail de fond men\u00e9 \u00e0 la perfection. Salu\u00e9e par la profession, l\u2019\u0153uvre de Ga\u00ebl Delaite aura fait toute la diff\u00e9rence.<\/p>\n<p>\u00c0 quand le prochain projet ?<\/p>\n<p>1. \u00ab\u00a0La libert\u00e9 guidant le peuple\u00a0\u00bb est une huile sur toile d\u2019Eug\u00e8ne Delacroix r\u00e9alis\u00e9e en 1830, inspir\u00e9e de la r\u00e9volution des Trois Glorieuses.<\/p>\n<p>&gt;&gt; Studio By Ga\u00ebl &amp; Clo Rue notre Dame du Peuple, \u00e0 Draguignan. <br \/>&#13;<br \/>\nPage Facebook: <a href=\"https:\/\/www.facebook.com\/gaelDphotos\" target=\"_blank\" rel=\"noopener nofollow\">Ga\u00ebl Photographie<\/a> et <a href=\"https:\/\/www.facebook.com\/gael.delaite\" target=\"_blank\" rel=\"noopener nofollow\">Ga\u00ebl Delaite.<\/a><\/p>\n<\/p>\n<p>                                Mademoiselle Clo \u00e9lue Portraitiste de France<\/p>\n<p>              <img ci-src=\"https:\/\/www.varmatin.com\/vie-locale\/PRIX+PHOTOGRAPHES+DRA+%2837801863%29-IZ6nNIwW.jpg?vh=5152ed&amp;ci_seal=91720233ae\" alt=\"\"\/><br \/>\n        Parmi les photographes r\u00e9compens\u00e9s, Clotilde s\u2019est plac\u00e9e en t\u00eate au niveau Paca. <strong>Photo Alain Brun Jacob.<\/strong> <\/p>\n<p>\u00ab\u00a0Nous sommes amis depuis 10 ans. Travailler ensemble \u00e9tait une \u00e9vidence.\u00a0\u00bb <\/p>\n<p>Dans le studio aux d\u00e9cors \u00e9clectiques de la rue Notre Dame du Peuple, le talent semble avoir pris racine.<\/p>\n<p>Photographe et collaboratrice de Ga\u00ebl Delaite depuis l\u2019ouverture de la boutique, Clotilde Di Grande, 45 ans, vient, elle aussi, d\u2019\u00eatre honor\u00e9e.<\/p>\n<p>Pour sa premi\u00e8re participation \u00e0 un concours, la sp\u00e9cialiste de l\u2019image a en effet re\u00e7u le titre de Portraitiste de France.<\/p>\n<p>Une r\u00e9compense qui comble de joie la Drac\u00e9noise arriv\u00e9e en t\u00eate dans la r\u00e9gion Sud. En t\u00e9moigne cette vid\u00e9o de la remise des prix dans laquelle la professionnelle exulte litt\u00e9ralement: \u00ab\u00a0Je suis fi\u00e8re de mon parcours! \u00c7a repr\u00e9sente de la pers\u00e9v\u00e9rance, \u00e9norm\u00e9ment de travail et de la l\u00e9gitimit\u00e9\u00a0\u00bb, l\u00e2che l\u2019ancienne pr\u00e9paratrice en pharmacie pendant 25 ans.<\/p>\n<p>La suite ? S\u2019\u00e9clater encore plus !<\/p>\n<p>              <img ci-src=\"https:\/\/www.varmatin.com\/vie-locale\/DAMBin+%282%29-IN7rN9ZI.jpg?vh=37f651&amp;ci_seal=fd48ce28e2\" alt=\"\"\/><br \/>\n        Gr\u00e2ce au travail r\u00e9alis\u00e9 sur ses portraits, ( ici celui de son papa), Mademoiselle Clo a \u00e9t\u00e9 \u00e9lue Portraitiste de France.  <strong>Photo DR Mademoiselle Clo .<\/strong> <\/p>\n<p>Passionn\u00e9e par l\u2019image depuis son plus jeune \u00e2ge, \u2013 \u00ab\u00a0l\u2019amour pour la photo me vient de mon p\u00e8re, G\u00e9rard Occelli. Il a photographi\u00e9 les plus grands artistes de jazz\u00a0\u00bb \u2013, la Varoise a sollicit\u00e9 des membres de sa famille ainsi que des Drac\u00e9nois (es) \u2013 \u00ab\u00a0\u00e7a me tenait \u00e0 c\u0153ur\u00a0\u00bb \u2013 afin de r\u00e9aliser les douze portraits impos\u00e9s pour le concours.<\/p>\n<p>\u00a0<\/p>\n<\/p>\n<p>En tout, neuf mois de travail ont \u00e9t\u00e9 n\u00e9cessaires pour mener \u00e0 bien le projet. Parmi les th\u00e9matiques requises, une femme enceinte, des photos de couples, un enfant de mois de six ans, une famille, une personne de plus de 60 ans etc.<\/p>\n<p>\u00ab\u00a0Les gens \u00e9taient ravis de participer. J\u2019ai r\u00e9alis\u00e9 le portrait de mon p\u00e8re tenant une de mes poules dans les bras\u00a0\u00bb, sourit la photographe. Sur les autres clich\u00e9s, la nature, de l\u2019amour, des sourires\u2026 l\u2019artiste d\u00e9voile toute sa sensibilit\u00e9.<\/p>\n<p>Quant aux projets, la photographe n\u2019en manque pas: \u00ab\u00a0La suite? C\u2019est de m\u2019\u00e9clater encore plus. La photo, c\u2019est beaucoup de partage et de bienveillance. Il y a un proverbe qui nous repr\u00e9sente avec Ga\u00ebl et qui dit: \u201cSeul on va plus vite, mais ensemble on va plus loin\u00a0\u00bb \u00bb, termine Mademoiselle Clo.<\/p>\n<p>&gt;&gt; Facebook : <a href=\"https:\/\/www.facebook.com\/Mademoiselleclo\" target=\"_blank\" rel=\"noopener nofollow\">Mademoiselle Clo<\/a><br \/>&#13;<br \/>\nInstagram: <a href=\"https:\/\/www.instagram.com\/mademoiselleclophotographe\/?hl=fr\" target=\"_blank\" rel=\"noopener nofollow\">mademoiselleclophotographe<\/a><\/p>\n<p><script async src=\"\/\/www.instagram.com\/embed.js\"><\/script><\/p>\n","protected":false},"excerpt":{"rendered":"Libert\u00e9, libert\u00e9 ch\u00e9rie\u2026 ! Tout comme le titre du manuscrit publi\u00e9 par Pierre Mend\u00e8s France en 1942, ou&hellip;\n","protected":false},"author":2,"featured_media":24844,"comment_status":"","ping_status":"","sticky":false,"template":"","format":"standard","meta":{"footnotes":""},"categories":[1358],"tags":[1348,1384,1385,1386,58,59,1011,27,3366],"class_list":{"0":"post-24843","1":"post","2":"type-post","3":"status-publish","4":"format-standard","5":"has-post-thumbnail","7":"category-arts-et-design","8":"tag-arts","9":"tag-arts-and-design","10":"tag-arts-et-design","11":"tag-design","12":"tag-divertissement","13":"tag-entertainment","14":"tag-fr","15":"tag-france","16":"tag-vie-locale"},"share_on_mastodon":{"url":"https:\/\/pubeurope.com\/@fr\/114337622538076777","error":""},"_links":{"self":[{"href":"https:\/\/www.europesays.com\/fr\/wp-json\/wp\/v2\/posts\/24843","targetHints":{"allow":["GET"]}}],"collection":[{"href":"https:\/\/www.europesays.com\/fr\/wp-json\/wp\/v2\/posts"}],"about":[{"href":"https:\/\/www.europesays.com\/fr\/wp-json\/wp\/v2\/types\/post"}],"author":[{"embeddable":true,"href":"https:\/\/www.europesays.com\/fr\/wp-json\/wp\/v2\/users\/2"}],"replies":[{"embeddable":true,"href":"https:\/\/www.europesays.com\/fr\/wp-json\/wp\/v2\/comments?post=24843"}],"version-history":[{"count":0,"href":"https:\/\/www.europesays.com\/fr\/wp-json\/wp\/v2\/posts\/24843\/revisions"}],"wp:featuredmedia":[{"embeddable":true,"href":"https:\/\/www.europesays.com\/fr\/wp-json\/wp\/v2\/media\/24844"}],"wp:attachment":[{"href":"https:\/\/www.europesays.com\/fr\/wp-json\/wp\/v2\/media?parent=24843"}],"wp:term":[{"taxonomy":"category","embeddable":true,"href":"https:\/\/www.europesays.com\/fr\/wp-json\/wp\/v2\/categories?post=24843"},{"taxonomy":"post_tag","embeddable":true,"href":"https:\/\/www.europesays.com\/fr\/wp-json\/wp\/v2\/tags?post=24843"}],"curies":[{"name":"wp","href":"https:\/\/api.w.org\/{rel}","templated":true}]}}