{"id":248439,"date":"2025-07-14T02:23:11","date_gmt":"2025-07-14T02:23:11","guid":{"rendered":"https:\/\/www.europesays.com\/fr\/248439\/"},"modified":"2025-07-14T02:23:11","modified_gmt":"2025-07-14T02:23:11","slug":"cisjordanie-funerailles-de-2-jeunes-tues-par-des-colons-toute-lactualite-en-france-et-dans-le-monde","status":"publish","type":"post","link":"https:\/\/www.europesays.com\/fr\/248439\/","title":{"rendered":"Cisjordanie : fun\u00e9railles de 2 jeunes tu\u00e9s par des colons | Toute l\u2019actualit\u00e9 en France et dans le Monde"},"content":{"rendered":"\n<p>\u00ab Les attaques, le harc\u00e8lement et les intimidations commis par les colons isra\u00e9liens \u00e0 l&rsquo;encontre des Palestiniens sont devenus une r\u00e9alit\u00e9 quotidienne \u00bb, a soulign\u00e9 le Bureau des affaires humanitaires des Nations unies (Ocha) le 10 juillet. Le jeune homme a \u00e9t\u00e9 tu\u00e9 alors qu&rsquo;il se trouvait sur des terres agricoles appartenant \u00e0 sa famille, dans un village voisin, selon des proches.<\/p>\n<p>Seif Musallet vivait en Floride o\u00f9 il g\u00e9rait un magasin de glaces et \u00e9tait venu passer l&rsquo;\u00e9t\u00e9 avec sa m\u00e8re et ses fr\u00e8res et s\u0153urs. D&rsquo;apr\u00e8s sa famille, des colons l&rsquo;auraient rou\u00e9 de coups, le laissant agoniser pendant trois heures, emp\u00eachant une \u00e9quipe de secouristes de l&rsquo;atteindre.<\/p>\n<p>Enqu\u00eate militaire en cours<\/p>\n<p>L&rsquo;arm\u00e9e isra\u00e9lienne a confirm\u00e9 que de \u00ab violents affrontements \u00bb avaient eu lieu vendredi \u00ab entre Palestiniens et civils isra\u00e9liens, accompagn\u00e9s d&rsquo;actes de vandalisme contre des biens palestiniens \u00bb dans ce secteur. Une enqu\u00eate est en cours, a pr\u00e9cis\u00e9 l&rsquo;arm\u00e9e.<\/p>\n<p>\u00ab Nous exigeons que justice soit rendue contre ces colons terroristes, cela ne fait aucun doute qu&rsquo;ils le sont, ils se trouvent sur des terres ill\u00e9galement, elles ne leur appartiennent pas \u00bb, a expliqu\u00e9 Kamil Hafez Musallet, le p\u00e8re du d\u00e9funt, \u00e0 l&rsquo;issue des fun\u00e9railles. \u00c9mu, il a d\u00e9nonc\u00e9 la \u00ab d\u00e9shumanisation \u00bb des Palestiniens.<\/p>\n<p>Appel \u00e0 la protection<\/p>\n<p>Un autre p\u00e8re endeuill\u00e9, lui aussi binational, a dit avoir sollicit\u00e9 de l&rsquo;aide de l&rsquo;ambassade am\u00e9ricaine depuis des semaines. \u00ab Nous avons besoin de protection \u00bb, a dit Hafez Abdoul Jabar, en expliquant qu&rsquo;il devenait impossible pour les habitants de cette r\u00e9gion de se rendre sur leurs terres sans risquer leur vie.<\/p>\n<p>Son fils a \u00e9t\u00e9 tu\u00e9 en janvier 2024 dans des circonstances non \u00e9lucid\u00e9es mais impliquant, selon la famille, des colons et l&rsquo;arm\u00e9e isra\u00e9lienne. Dans la cour de l&rsquo;\u00e9cole du village, des centaines d&rsquo;hommes et d&rsquo;adolescents ont dit ensemble les pri\u00e8res fun\u00e9raires pour Seif Musallet et pour Mohammed al-Shalabi, un Palestinien de 23 ans, lui aussi tu\u00e9 vendredi.<\/p>\n<p>Escalade depuis octobre 2023<\/p>\n<p>\u00ab Nous sommes des gens qui essayons de vivre en paix, nous essayons de prot\u00e9ger notre terre, nous n&rsquo;avons rien contre le monde, ni contre les Isra\u00e9liens, nous essayons seulement de pr\u00e9server notre terre \u00bb, a dit l&rsquo;oncle de Mohammed al-Shalabi, Samer al-Shalabi, en d\u00e9non\u00e7ant \u00ab des attaques barbares et sauvages \u00bb. Les violences dans ce territoire palestinien ont flamb\u00e9 depuis le d\u00e9but de la guerre \u00e0 Gaza le 7 octobre 2023.<\/p>\n<p>Au moins 951 Palestiniens, parmi lesquels de nombreux combattants, mais aussi beaucoup de civils, ont \u00e9t\u00e9 tu\u00e9s par des soldats ou des colons isra\u00e9liens, selon un d\u00e9compte de l&rsquo;AFP \u00e0 partir de donn\u00e9es de l&rsquo;Autorit\u00e9 palestinienne. Dans le m\u00eame temps, au moins 36 Isra\u00e9liens, parmi lesquels des civils et des soldats, ont \u00e9t\u00e9 tu\u00e9s dans des attaques palestiniennes ou lors d&rsquo;op\u00e9rations militaires isra\u00e9liennes, selon les donn\u00e9es officielles isra\u00e9liennes.<\/p>\n<p>Dans l&rsquo;\u00e9motion et la col\u00e8re de ces fun\u00e9railles, Samer al-Shalabi s&rsquo;interroge : \u00ab Nous nous tournerons le plus possible vers la justice, mais \u00e0 quoi servira la loi si le juge est notre ennemi ? \u00bb<\/p>\n<p>(AFP) Note : Cet article a \u00e9t\u00e9 \u00e9dit\u00e9 avec l&rsquo;aide de l&rsquo;Intelligence Artificielle.<\/p>\n","protected":false},"excerpt":{"rendered":"\u00ab Les attaques, le harc\u00e8lement et les intimidations commis par les colons isra\u00e9liens \u00e0 l&rsquo;encontre des Palestiniens sont&hellip;\n","protected":false},"author":2,"featured_media":248440,"comment_status":"","ping_status":"","sticky":false,"template":"","format":"standard","meta":{"footnotes":""},"categories":[5],"tags":[11,1011,27,14,12,9024,28],"class_list":{"0":"post-248439","1":"post","2":"type-post","3":"status-publish","4":"format-standard","5":"has-post-thumbnail","7":"category-international","8":"tag-actualites","9":"tag-fr","10":"tag-france","11":"tag-international","12":"tag-news","13":"tag-politics","14":"tag-world"},"share_on_mastodon":{"url":"https:\/\/pubeurope.com\/@fr\/114849212384502936","error":""},"_links":{"self":[{"href":"https:\/\/www.europesays.com\/fr\/wp-json\/wp\/v2\/posts\/248439","targetHints":{"allow":["GET"]}}],"collection":[{"href":"https:\/\/www.europesays.com\/fr\/wp-json\/wp\/v2\/posts"}],"about":[{"href":"https:\/\/www.europesays.com\/fr\/wp-json\/wp\/v2\/types\/post"}],"author":[{"embeddable":true,"href":"https:\/\/www.europesays.com\/fr\/wp-json\/wp\/v2\/users\/2"}],"replies":[{"embeddable":true,"href":"https:\/\/www.europesays.com\/fr\/wp-json\/wp\/v2\/comments?post=248439"}],"version-history":[{"count":0,"href":"https:\/\/www.europesays.com\/fr\/wp-json\/wp\/v2\/posts\/248439\/revisions"}],"wp:featuredmedia":[{"embeddable":true,"href":"https:\/\/www.europesays.com\/fr\/wp-json\/wp\/v2\/media\/248440"}],"wp:attachment":[{"href":"https:\/\/www.europesays.com\/fr\/wp-json\/wp\/v2\/media?parent=248439"}],"wp:term":[{"taxonomy":"category","embeddable":true,"href":"https:\/\/www.europesays.com\/fr\/wp-json\/wp\/v2\/categories?post=248439"},{"taxonomy":"post_tag","embeddable":true,"href":"https:\/\/www.europesays.com\/fr\/wp-json\/wp\/v2\/tags?post=248439"}],"curies":[{"name":"wp","href":"https:\/\/api.w.org\/{rel}","templated":true}]}}