{"id":248443,"date":"2025-07-14T02:25:11","date_gmt":"2025-07-14T02:25:11","guid":{"rendered":"https:\/\/www.europesays.com\/fr\/248443\/"},"modified":"2025-07-14T02:25:11","modified_gmt":"2025-07-14T02:25:11","slug":"budget-menaces-europe-ce-quil-faut-retenir-du-discours-aux-armees-demmanuel-macron","status":"publish","type":"post","link":"https:\/\/www.europesays.com\/fr\/248443\/","title":{"rendered":"Budget, menaces, Europe\u2026 Ce qu\u2019il faut retenir du discours aux arm\u00e9es d\u2019Emmanuel Macron"},"content":{"rendered":"<p> \u00abNul ne peut demeurer immobile. Nous avons une avance, mais demain, au m\u00eame rythme, nous serions d\u00e9pass\u00e9s\u00a0\u00bb, a affirm\u00e9 le pr\u00e9sident, appelant les parlementaires \u00e0 voter le budget pour l\u2019ann\u00e9e\u00a02026 quand il arrivera \u00e0 l\u2019Assembl\u00e9e, \u00ab\u00a0car les censures de fin d\u2019ann\u00e9e ont une cons\u00e9quence simple\u00a0: elles d\u00e9calent le budget des arm\u00e9es\u00a0\u00bb.<\/p>\n<p>Un budget des arm\u00e9es \u00e0 la hausse<\/p>\n<p>Malgr\u00e9 des finances publiques au plus mal, le pr\u00e9sident <a href=\"https:\/\/www.20minutes.fr\/politique\/emmanuel-macron\/\" class=\"color-ultramarine c-link\" target=\"_blank\" rel=\"noopener\">Emmanuel Macron<\/a> a annonc\u00e9 dimanche lors de son discours aux arm\u00e9es, une acc\u00e9l\u00e9ration de la hausse des d\u00e9penses de d\u00e9fense de la France dans les deux prochaines ann\u00e9es face \u00e0 \u00ab\u00a0un monde plus brutal\u00a0\u00bb et l\u2019aggravation des menaces, \u00e9manant notamment de la <a href=\"https:\/\/www.20minutes.fr\/monde\/russie\/\" class=\"color-ultramarine c-link\" target=\"_blank\" rel=\"noopener\">Russie<\/a>.<\/p>\n<p>\u00ab\u00a0Jamais depuis\u00a01945 la libert\u00e9 n\u2019avait \u00e9t\u00e9 si menac\u00e9e\u00a0\u00bb, a affirm\u00e9 le chef de l\u2019Etat devant un parterre de hauts grad\u00e9s lors de sa traditionnelle allocution aux arm\u00e9es \u00e0 la veille de la f\u00eate nationale dans les jardins du minist\u00e8re des Arm\u00e9es, \u00e0 l\u2019H\u00f4tel de Brienne.<\/p>\n<p>L\u2019Europe est \u00ab\u00a0mise en danger au moment o\u00f9 la guerre a \u00e9t\u00e9 port\u00e9e sur notre sol avec l\u2019<a href=\"https:\/\/www.20minutes.fr\/monde\/ukraine\/\" class=\"color-ultramarine c-link\" target=\"_blank\" rel=\"noopener\">invasion de l\u2019Ukraine<\/a>, alors que les Etats-Unis ont ajout\u00e9 une forme d\u2019incertitude\u00a0\u00bb quant \u00e0 la p\u00e9rennit\u00e9 de leur soutien, a expos\u00e9 M. Macron et \u00ab\u00a0notre Europe se trouve plac\u00e9e \u00e0 la lisi\u00e8re d\u2019un vaste arc de crises\u00a0\u00bb.<\/p>\n<p>En cons\u00e9quence, Emmanuel Macron a annonc\u00e9 vouloir renforcer l\u2019effort budg\u00e9taire pour la d\u00e9fense d\u00e9j\u00e0 engag\u00e9, en ajoutant des d\u00e9penses de 3,5\u00a0milliards d\u2019euros en\u00a02026 puis \u00e0 nouveau 3\u00a0milliards de plus en\u00a02027, de sorte que le budget de la d\u00e9fense aura quasiment doubl\u00e9 en dix ans sous ses deux mandats, pour atteindre pr\u00e8s de 64\u00a0milliards d\u2019euros \u00e0 cet horizon.<\/p>\n<\/p>\n<p>Une ind\u00e9pendance militaire et budg\u00e9taire<\/p>\n<p>Le budget d\u00e9fense de la France est d\u00e9j\u00e0 pass\u00e9 entre\u00a02017 et\u00a02025 de 32,2 \u00e0 50,5\u00a0milliards d\u2019euros.<\/p>\n<p>\u00ab\u00a0Une actualisation de la loi de programmation militaire\u00a0\u00bb pour 2024-2030, qui pr\u00e9voit en l\u2019\u00e9tat 413\u00a0milliards d\u2019euros pour les arm\u00e9es, \u00ab\u00a0sera pr\u00e9sent\u00e9e \u00e0 l\u2019automne, a dit le chef de l\u2019Etat.<\/p>\n<p>Il a toutefois affirm\u00e9 \u00ab refuser\u00a0\u00bb que cet \u00ab\u00a0effort nouveau et historique\u00a0\u00bb soit financ\u00e9 par \u00ab\u00a0l\u2019endettement\u00a0\u00bb, \u00e0 l\u2019heure o\u00f9 le gouvernement fran\u00e7ais cherche des \u00e9conomies pour redresser les comptes publics.<\/p>\n<p>\u00ab\u00a0Notre ind\u00e9pendance militaire est indissociable de notre ind\u00e9pendance financi\u00e8re, il sera donc financ\u00e9 par plus d\u2019activit\u00e9 et plus de production\u00a0\u00bb, a-t-il plaid\u00e9.<\/p>\n<p>\u00ab\u00a0Face \u00e0 un monde plus brutal, la Nation doit \u00eatre plus forte\u00a0\u00bb, car \u00ab\u00a0pour \u00eatre libres dans ce monde, il faut \u00eatre craint, pour \u00eatre craint il faut \u00eatre puissant\u00a0\u00bb, a insist\u00e9 le pr\u00e9sident. Or \u00ab\u00a0nous avons une avance, mais demain, au m\u00eame rythme, nous serions d\u00e9pass\u00e9s\u00a0\u00bb.<\/p>\n<p>La menace russe<\/p>\n<p>Le pr\u00e9sident fran\u00e7ais a notamment \u00e9voqu\u00e9 \u00ab\u00a0la permanence d\u2019une <a href=\"https:\/\/www.20minutes.fr\/societe\/4163214-20250711-france-cible-prioritaire-russie-faut-retenir-intervention-exceptionnelle-chef-armees\" target=\"_blank\" class=\"color-ultramarine c-link\" rel=\"noopener\">menace russe<\/a>, aux fronti\u00e8res de l\u2019Europe [\u2026], une menace pr\u00e9par\u00e9e, organis\u00e9e, durable, et \u00e0 laquelle nous devrons \u00eatre capables de faire face\u00a0\u00bb, mais aussi la d\u00e9sinformation, la lutte contre le <a href=\"https:\/\/www.20minutes.fr\/dossier\/terrorisme\" class=\"color-ultramarine c-link\" target=\"_blank\" rel=\"noopener\">terrorisme<\/a> ou encore les ruptures technologiques qu\u2019il faut pouvoir suivre, sur la base des conclusions d\u2019une Revue nationale strat\u00e9gique qui sera finalement publi\u00e9e lundi.<\/p>\n<p>Les ressources suppl\u00e9mentaires annonc\u00e9es doivent selon lui aider \u00e0 \u00ab\u00a0combler nos zones de fragilit\u00e9\u00a0\u00bb\u00a0: stocks de munitions, \u00ab\u00a0armes de saturation et armes de pr\u00e9cision\u00a0\u00bb, drones, \u00ab\u00a0capacit\u00e9s spatiales\u00a0\u00bb mais aussi les \u00ab\u00a0\u00e9quipements n\u00e9cessaires au quotidien pour que les op\u00e9rations soient men\u00e9es\u00a0\u00bb.<\/p>\n<p>Ces fonds serviront \u00e9galement \u00e0 renforcer les moyens de d\u00e9fense sol-air, de guerre \u00e9lectronique, dont la guerre en Ukraine a montr\u00e9 le r\u00f4le essentiel.<\/p>\n<p>M.\u00a0Macron a par ailleurs de nouveau \u00e9voqu\u00e9 dimanche la dimension europ\u00e9enne de la dissuasion nucl\u00e9aire fran\u00e7aise, en soulignant avoir \u00ab\u00a0mandat\u00e9 le ministre des Arm\u00e9es pour engager un dialogue strat\u00e9gique avec nos partenaires europ\u00e9ens qui y sont pr\u00eats\u00a0\u00bb.<\/p>\n<p>\u00ab\u00a0Je reviendrai plus pr\u00e9cis\u00e9ment, \u00e0 la fin de cette ann\u00e9e, sur les \u00e9volutions que cela emporte\u00a0\u00bb, a-t-il assur\u00e9.<\/p>\n<p>Une mobilisation de la jeunesse<\/p>\n<p>Le pr\u00e9sident a enfin abord\u00e9 \u00e9galement la question de la mobilisation de la jeunesse, \u00e0 qui il faut donner \u00ab\u00a0l\u2019occasion de servir\u00a0\u00bb, selon l\u2019Elys\u00e9e.<\/p>\n<p>\u00ab\u00a0Je crois aussi que l\u2019on doit donner \u00e0 la jeunesse un nouveau cadre pour servir, selon d\u2019autres modalit\u00e9s, au sein de nos arm\u00e9es\u00a0\u00bb, a-t-il affirm\u00e9 en annon\u00e7ant qu\u2019il donnerait des orientations \u00ab\u00a0\u00e0 l\u2019automne\u00a0\u00bb.<\/p>\n<p>Un service militaire volontaire \u00ab\u00a0r\u00e9nov\u00e9\u00a0\u00bb pourrait \u00eatre cr\u00e9\u00e9 pour proposer aux jeunes Fran\u00e7ais de recevoir une formation militaire susceptible de d\u00e9boucher sur leur engagement dans les arm\u00e9es, a confi\u00e9 une source proche du dossier \u00e0 l\u2019AFP.<\/p>\n","protected":false},"excerpt":{"rendered":"\u00abNul ne peut demeurer immobile. Nous avons une avance, mais demain, au m\u00eame rythme, nous serions d\u00e9pass\u00e9s\u00a0\u00bb, a&hellip;\n","protected":false},"author":2,"featured_media":248444,"comment_status":"","ping_status":"","sticky":false,"template":"","format":"standard","meta":{"footnotes":""},"categories":[2],"tags":[10915,47,11,1813,554,4527,1073,674,1011,27,1146,131,3579,12,316,132],"class_list":{"0":"post-248443","1":"post","2":"type-post","3":"status-publish","4":"format-standard","5":"has-post-thumbnail","7":"category-actualites","8":"tag-14-juillet","9":"tag-actualite","10":"tag-actualites","11":"tag-armee","12":"tag-defense","13":"tag-elysee","14":"tag-emmanuel-macron","15":"tag-europe","16":"tag-fr","17":"tag-france","18":"tag-guerre","19":"tag-guerre-en-ukraine","20":"tag-militaire","21":"tag-news","22":"tag-politique","23":"tag-russie"},"share_on_mastodon":{"url":"https:\/\/pubeurope.com\/@fr\/114849220047164069","error":""},"_links":{"self":[{"href":"https:\/\/www.europesays.com\/fr\/wp-json\/wp\/v2\/posts\/248443","targetHints":{"allow":["GET"]}}],"collection":[{"href":"https:\/\/www.europesays.com\/fr\/wp-json\/wp\/v2\/posts"}],"about":[{"href":"https:\/\/www.europesays.com\/fr\/wp-json\/wp\/v2\/types\/post"}],"author":[{"embeddable":true,"href":"https:\/\/www.europesays.com\/fr\/wp-json\/wp\/v2\/users\/2"}],"replies":[{"embeddable":true,"href":"https:\/\/www.europesays.com\/fr\/wp-json\/wp\/v2\/comments?post=248443"}],"version-history":[{"count":0,"href":"https:\/\/www.europesays.com\/fr\/wp-json\/wp\/v2\/posts\/248443\/revisions"}],"wp:featuredmedia":[{"embeddable":true,"href":"https:\/\/www.europesays.com\/fr\/wp-json\/wp\/v2\/media\/248444"}],"wp:attachment":[{"href":"https:\/\/www.europesays.com\/fr\/wp-json\/wp\/v2\/media?parent=248443"}],"wp:term":[{"taxonomy":"category","embeddable":true,"href":"https:\/\/www.europesays.com\/fr\/wp-json\/wp\/v2\/categories?post=248443"},{"taxonomy":"post_tag","embeddable":true,"href":"https:\/\/www.europesays.com\/fr\/wp-json\/wp\/v2\/tags?post=248443"}],"curies":[{"name":"wp","href":"https:\/\/api.w.org\/{rel}","templated":true}]}}