{"id":248456,"date":"2025-07-14T02:41:10","date_gmt":"2025-07-14T02:41:10","guid":{"rendered":"https:\/\/www.europesays.com\/fr\/248456\/"},"modified":"2025-07-14T02:41:10","modified_gmt":"2025-07-14T02:41:10","slug":"l-esprit-unitaire-ne-dure-quun-temps","status":"publish","type":"post","link":"https:\/\/www.europesays.com\/fr\/248456\/","title":{"rendered":"l\u2019 \u00ab esprit unitaire \u00bb ne dure qu\u2019un temps"},"content":{"rendered":"<p style=\"text-align: justify;\">Aux \u00e9lections municipales de mars 2026, il y aura-t-il deux listes de La France insoumise \u00e0 Rennes ? L\u2019une \u201cofficielle\u201c dirig\u00e9e par <a href=\"https:\/\/www.breizh-info.com\/2025\/05\/09\/246842\/violente-agression-filmee-detudiants-de-droite-a-rennes-la-depute-marie-mesmeur-lfi-setait-rendue-au-commissariat-en-soutien-aux-antifas-interpelles\/\" target=\"_blank\" rel=\"noopener\">Marie Mesmeur<\/a>, d\u00e9put\u00e9e de Rennes-Bruz\u00a0 et Gw\u00e9nol\u00e9 Bourr\u00e9e, ancien collaborateur de Louis Boyard, l\u2019autre \u201cdissidente\u201c conduite par Ulysse Rabat\u00e9. Si les deux premiers veulent d\u00e9fendre un \u00ab\u00a0programme de rupture municipale\u00a0\u00bb, le second voit les choses plus modestement\u00a0; sa candidature \u00ab\u00a0s\u2019inscrit dans le cadre d\u2019un large rassemblement de la gauche en faveur d\u2019une r\u00e9volution citoyenne \u00e0 Rennes\u00a0\u00bb\u00a0 (Le Mensuel de Rennes, juillet-ao\u00fbt 2025)<\/p>\n<p style=\"text-align: justify;\">Pendant ce temps, les cinq membres (Olivier Roullier, Tristan Lahais, Rozenn Andro, Gwendoline Affil\u00e9, Cyrille Morel) du groupe G\u00e9n\u00e9ration-s au conseil municipal r\u00e9clament \u00ab\u00a0une unit\u00e9 de la gauche et des \u00e9cologistes d\u00e8s le premier tour de l\u2019\u00e9lection, dans le prolongement de l\u2019esprit unitaire incarn\u00e9 par le Nouveau Front populaire et sans exclusive\u00a0\u00bb (Ouest-France, Rennes, jeudi 19 juin 2025). Le \u00ab\u00a0sans exclusive\u00a0\u00bb laisse perplexe\u2026 La maire Nathalie App\u00e9r\u00e9 (PS) est-elle de cet avis ? A-t-elle envie de s\u2019associer avec LFI d\u00e8s le premier tour\u00a0? Ce n\u2019est pas certain. A suivre\u2026<\/p>\n<p>B.M.<\/p>\n<p>Cr\u00e9dit photo : \u00c9douard Hue\/Wikimedia (cc)<br \/>[cc] Breizh-info.com, 2025, d\u00e9p\u00eaches libres de copie et de diffusion sous r\u00e9serve de mention et de lien vers la source d\u2019origine<\/p>\n","protected":false},"excerpt":{"rendered":"Aux \u00e9lections municipales de mars 2026, il y aura-t-il deux listes de La France insoumise \u00e0 Rennes ?&hellip;\n","protected":false},"author":2,"featured_media":248457,"comment_status":"","ping_status":"","sticky":false,"template":"","format":"standard","meta":{"footnotes":""},"categories":[2821],"tags":[1111,11,829,1777,674,1011,27,10736,12,584,25],"class_list":{"0":"post-248456","1":"post","2":"type-post","3":"status-publish","4":"format-standard","5":"has-post-thumbnail","7":"category-rennes","8":"tag-actu","9":"tag-actualites","10":"tag-bretagne","11":"tag-eu","12":"tag-europe","13":"tag-fr","14":"tag-france","15":"tag-nathalie-appere","16":"tag-news","17":"tag-rennes","18":"tag-republique-francaise"},"share_on_mastodon":{"url":"https:\/\/pubeurope.com\/@fr\/114849282935024923","error":""},"_links":{"self":[{"href":"https:\/\/www.europesays.com\/fr\/wp-json\/wp\/v2\/posts\/248456","targetHints":{"allow":["GET"]}}],"collection":[{"href":"https:\/\/www.europesays.com\/fr\/wp-json\/wp\/v2\/posts"}],"about":[{"href":"https:\/\/www.europesays.com\/fr\/wp-json\/wp\/v2\/types\/post"}],"author":[{"embeddable":true,"href":"https:\/\/www.europesays.com\/fr\/wp-json\/wp\/v2\/users\/2"}],"replies":[{"embeddable":true,"href":"https:\/\/www.europesays.com\/fr\/wp-json\/wp\/v2\/comments?post=248456"}],"version-history":[{"count":0,"href":"https:\/\/www.europesays.com\/fr\/wp-json\/wp\/v2\/posts\/248456\/revisions"}],"wp:featuredmedia":[{"embeddable":true,"href":"https:\/\/www.europesays.com\/fr\/wp-json\/wp\/v2\/media\/248457"}],"wp:attachment":[{"href":"https:\/\/www.europesays.com\/fr\/wp-json\/wp\/v2\/media?parent=248456"}],"wp:term":[{"taxonomy":"category","embeddable":true,"href":"https:\/\/www.europesays.com\/fr\/wp-json\/wp\/v2\/categories?post=248456"},{"taxonomy":"post_tag","embeddable":true,"href":"https:\/\/www.europesays.com\/fr\/wp-json\/wp\/v2\/tags?post=248456"}],"curies":[{"name":"wp","href":"https:\/\/api.w.org\/{rel}","templated":true}]}}