{"id":248460,"date":"2025-07-14T02:44:14","date_gmt":"2025-07-14T02:44:14","guid":{"rendered":"https:\/\/www.europesays.com\/fr\/248460\/"},"modified":"2025-07-14T02:44:14","modified_gmt":"2025-07-14T02:44:14","slug":"une-septuagenaire-tuee-lors-dun-ironman-a-nice-une-information-judiciaire-ouverte-un-an-2","status":"publish","type":"post","link":"https:\/\/www.europesays.com\/fr\/248460\/","title":{"rendered":"Une septuag\u00e9naire tu\u00e9e lors d\u2019un Ironman \u00e0 Nice\u00a0: une information judiciaire ouverte un an"},"content":{"rendered":"<p>Le 16\u00a0juin 2024, <a href=\"https:\/\/antibes.maville.com\/sport\/detail_-ironman-de-nice-la-pietonne-percutee-par-un-triathlete-est-morte-une-enquete-ouverte-_9580-6341845_actu.Htm\" target=\"_self\" rel=\"noopener\">une femme de 75\u00a0ans d\u00e9c\u00e9dait sur la promenade des Anglais<\/a> \u00e0 Nice (Alpes-Maritimes) apr\u00e8s avoir \u00e9t\u00e9 <a href=\"https:\/\/rennes.maville.com\/sport\/detail_-nice.-un-pieton-gravement-blesse-par-un-participant-lors-d-un-ironman-_54135-6338676_actu.Htm\" target=\"_self\" rel=\"noopener\">percut\u00e9e par un cycliste<\/a> qui participait \u00e0 un Ironman. Un an apr\u00e8s les faits, une information judiciaire a \u00e9t\u00e9 ouverte par le parquet de Nice, rapporte <a href=\"https:\/\/france3-regions.franceinfo.fr\/occitanie\/gard\/nimes\/l-affaire-est-prise-au-serieux-un-an-apres-le-deces-d-une-septuagenaire-a-l-ironman-une-information-judiciaire-est-ouverte-3184239.html\" target=\"_blank\" rel=\"noopener\"> France 3\u00a0Occitanie <\/a>. Le fils de la victime en a \u00e9t\u00e9 averti le 26\u00a0juin 2025. Objectif\u00a0: tenter d\u2019\u00e9tablir les responsabilit\u00e9s dans cette affaire d\u2019homicide involontaire.<\/p>\n<p>L\u2019enqu\u00eate devrait notamment permettre l\u2019analyse des images de vid\u00e9osurveillance. <strong>\u00ab\u00a0L\u2019accident et le contexte y sont visibles.\u00a0On y voit des choses tristes pour nous, mais tr\u00e8s int\u00e9ressantes pour l\u2019enqu\u00eate\u00a0\u00bb<\/strong>, a assur\u00e9 le fils de la victime. Un \u00e9l\u00e9ment qui doit notamment permettre d\u2019\u00e9tablir des responsabilit\u00e9s alors que deux versions s\u2019opposent.<\/p>\n<p>La faute \u00e0 la pi\u00e9tonne ou \u00e0 l\u2019organisation\u00a0?<\/p>\n<p>Selon les organisateurs de la course, la victime aurait <strong>\u00ab\u00a0travers\u00e9 la route malgr\u00e9 les instructions contraires donn\u00e9es par les \u00e9quipes de s\u00e9curit\u00e9, ce qui a engendr\u00e9 une collision grave avec un athl\u00e8te amateur\u00a0\u00bb<\/strong>. La famille, elle, remet en cause le syst\u00e8me de signalisation, pointant des <strong>\u00ab\u00a0manquements\u00a0\u00bb<\/strong> ainsi qu\u2019un <strong>\u00ab\u00a0comportement d\u00e9sinvolte\u00a0\u00bb<\/strong> des organisateurs.<\/p>\n<p><strong>\u00ab\u00a0On sait qu\u2019on est engag\u00e9s dans une proc\u00e9dure possiblement longue. \u00c7a n\u2019alt\u00e8re pas notre volont\u00e9 d\u2019aller jusqu\u2019au bout pour trouver les responsables\u00a0\u00bb<\/strong>, a soutenu le fils.\u00a0En fonction de la qualification retenue, les peines pourraient atteindre jusqu\u2019\u00e0 cinq ans de prison et 75\u00a0000\u00a0\u20ac d\u2019amende.<\/p>\n<p>Pour en savoir plus\u00a0: lire l\u2019article de\u00a0<a href=\"https:\/\/france3-regions.franceinfo.fr\/occitanie\/gard\/nimes\/l-affaire-est-prise-au-serieux-un-an-apres-le-deces-d-une-septuagenaire-a-l-ironman-une-information-judiciaire-est-ouverte-3184239.html\" target=\"_blank\" rel=\"noopener\"> France 3\u00a0Occitanie <\/a><\/p>\n<p>\u00a0<\/p>\n","protected":false},"excerpt":{"rendered":"Le 16\u00a0juin 2024, une femme de 75\u00a0ans d\u00e9c\u00e9dait sur la promenade des Anglais \u00e0 Nice (Alpes-Maritimes) apr\u00e8s avoir&hellip;\n","protected":false},"author":2,"featured_media":236616,"comment_status":"","ping_status":"","sticky":false,"template":"","format":"standard","meta":{"footnotes":""},"categories":[2819],"tags":[1111,11,9626,1777,674,1011,27,10623,6417,34259,8639,7826,12,2401,12884,882,25,3213,37561,10624,15606],"class_list":{"0":"post-248460","1":"post","2":"type-post","3":"status-publish","4":"format-standard","5":"has-post-thumbnail","7":"category-nice","8":"tag-actu","9":"tag-actualites","10":"tag-an","11":"tag-eu","12":"tag-europe","13":"tag-fr","14":"tag-france","15":"tag-golfe","16":"tag-information","17":"tag-ironman","18":"tag-judiciaire","19":"tag-lors","20":"tag-news","21":"tag-nice","22":"tag-ouverte","23":"tag-provence-alpes-cote-dazur","24":"tag-republique-francaise","25":"tag-saint","26":"tag-septuagenaire","27":"tag-tropez","28":"tag-tuee"},"share_on_mastodon":{"url":"https:\/\/pubeurope.com\/@fr\/114849295021016339","error":""},"_links":{"self":[{"href":"https:\/\/www.europesays.com\/fr\/wp-json\/wp\/v2\/posts\/248460","targetHints":{"allow":["GET"]}}],"collection":[{"href":"https:\/\/www.europesays.com\/fr\/wp-json\/wp\/v2\/posts"}],"about":[{"href":"https:\/\/www.europesays.com\/fr\/wp-json\/wp\/v2\/types\/post"}],"author":[{"embeddable":true,"href":"https:\/\/www.europesays.com\/fr\/wp-json\/wp\/v2\/users\/2"}],"replies":[{"embeddable":true,"href":"https:\/\/www.europesays.com\/fr\/wp-json\/wp\/v2\/comments?post=248460"}],"version-history":[{"count":0,"href":"https:\/\/www.europesays.com\/fr\/wp-json\/wp\/v2\/posts\/248460\/revisions"}],"wp:featuredmedia":[{"embeddable":true,"href":"https:\/\/www.europesays.com\/fr\/wp-json\/wp\/v2\/media\/236616"}],"wp:attachment":[{"href":"https:\/\/www.europesays.com\/fr\/wp-json\/wp\/v2\/media?parent=248460"}],"wp:term":[{"taxonomy":"category","embeddable":true,"href":"https:\/\/www.europesays.com\/fr\/wp-json\/wp\/v2\/categories?post=248460"},{"taxonomy":"post_tag","embeddable":true,"href":"https:\/\/www.europesays.com\/fr\/wp-json\/wp\/v2\/tags?post=248460"}],"curies":[{"name":"wp","href":"https:\/\/api.w.org\/{rel}","templated":true}]}}