{"id":24847,"date":"2025-04-14T18:01:11","date_gmt":"2025-04-14T18:01:11","guid":{"rendered":"https:\/\/www.europesays.com\/fr\/24847\/"},"modified":"2025-04-14T18:01:11","modified_gmt":"2025-04-14T18:01:11","slug":"je-vais-faire-valoir-mon-droit-de-reserve-eric-antoine-reagit-a-son-tour-a-larrivee-de-cyril-hanouna-dans-le-groupe-m6","status":"publish","type":"post","link":"https:\/\/www.europesays.com\/fr\/24847\/","title":{"rendered":"\u00ab\u00a0Je vais faire valoir mon droit de r\u00e9serve\u00a0\u00bb, \u00c9ric Antoine r\u00e9agit \u00e0 son tour \u00e0 l\u2019arriv\u00e9e de Cyril Hanouna dans le groupe M6"},"content":{"rendered":"<p><strong>L&rsquo;arriv\u00e9e de <a href=\"https:\/\/www.public.fr\/tag\/cyril-hanouna\" target=\"_blank\" rel=\"noopener\">Cyril Hanouna <\/a>au sein du groupe M6 semble diviser les foules<\/strong>. Mais qu&rsquo;en pense \u00c9ric Antoine, l&rsquo;animateur embl\u00e9matique de la sixi\u00e8me cha\u00eene ?<\/p>\n<p>Interview\u00e9 dans le dernier num\u00e9ro de T\u00e9l\u00e9 7 Jours, \u00e0 retrouver dans les kiosques ce lundi 14 avril 2025, le ma\u00eetre des jeux Lego Masters, Le Juste Prix, La Roue de la fortune et Les Tra\u00eetres a donn\u00e9 son avis. Et au contraire de ses homologues, il ne souhaite visiblement pas se prononcer trop t\u00f4t.<\/p>\n<p>\u00ab\u00a0<strong>Je vais faire valoir mon droit de r\u00e9serve !<\/strong> (Rires)\u00a0\u00bb, a-t-il confi\u00e9 \u00e0 nos confr\u00e8res. \u00ab\u00a0<strong>Mes patrons ont pris une d\u00e9cision et ils en sont responsables. Pour le moment, il n&rsquo;est pas encore arriv\u00e9 sur la cha\u00eene, donc je n&rsquo;ai pas \u00e0 m&rsquo;exprimer sur le sujet. J&rsquo;ai envie de dire : \u00c0 voir !&rsquo;<\/strong>\u00ab\u00a0<\/p>\n<p>Bruno Guillon et Karine Le\u00a0Marchand contre Cyril Hanouna<\/p>\n<p>Tandis qu&rsquo;\u00c9ric Antoine pr\u00e9f\u00e8re attendre le moment propice pour prendre la parole, certains de ses coll\u00e8gues ont d\u00e9j\u00e0 tranch\u00e9.<\/p>\n<p><a href=\"https:\/\/www.public.fr\/tag\/bruno-guillon\" target=\"_blank\" rel=\"noopener\"><strong>Bruno Guillon<\/strong><\/a>, par exemple, aurait notamment <a href=\"https:\/\/www.public.fr\/cyril-hanouna-pret-a-briller-dans-le-groupe-m6-bruno-guillon-a-t-il-demande-a-sa-direction-de-ne-pas-apparaitre-en-photo-avec-lanimateur\" target=\"_blank\" rel=\"noopener\">refus\u00e9 de prendre la pose aux c\u00f4t\u00e9s du trublion<\/a> pour la photo de rentr\u00e9e. <\/p>\n<p><a href=\"https:\/\/www.public.fr\/tag\/karine-le-marchand\" target=\"_blank\" rel=\"noopener\"><strong>Karine Le\u00a0Marchand<\/strong><\/a>, de son c\u00f4t\u00e9, a menac\u00e9 de quitter M6. \u00ab\u00a0<strong>S\u2019il vient, je m\u2019en vais<\/strong>. J\u2019esp\u00e8re qu\u2019un autre groupe aura la gentillesse de m\u2019h\u00e9berger\u00a0(&#8230;)\u00a0Il est hors de question que je sois dans le m\u00eame groupe et sur la m\u00eame photo qu\u2019une personne qui me harc\u00e8le, me m\u00e9prise et m\u2019insulte sans arr\u00eat depuis sept ans, qui me critique ouvertement, qui va tr\u00e8s tr\u00e8s loin depuis longtemps. (&#8230;)\u00a0Encore hier, il a attaqu\u00e9 le wokisme, il s\u2019est pr\u00e9sent\u00e9 comme pro-Elon Musk, il a racont\u00e9 qu\u2019il voulait lui envoyer des chocolats\u00a0\u00bb, a-t-elle lanc\u00e9 dans les colonnes de Lib\u00e9ration.<\/p>\n<p>Des accords pass\u00e9s dans le secret<\/p>\n<p>Par chance, des excuses publiques de l&rsquo;animateur de Touche pas \u00e0 mon poste ont visiblement apais\u00e9 les tensions. <\/p>\n<p>Depuis, la star de L&rsquo;amour est dans le pr\u00e9 a choisi de rester sur la Six. Cependant, elle aurait impos\u00e9 <strong>des clauses contractuelles strictes <\/strong>r\u00e9gissant toute interaction avec l&rsquo;animateur d&rsquo;Europe 1. <\/p>\n<p>Il a notamment \u00e9t\u00e9 convenu qu&rsquo;aucune photo commune ne serait prise pour les campagnes promotionnelles. <\/p>\n<p>      Mentionn\u00e9s dans cet article<\/p>\n<p>\u00c0 lire aussi<\/p>\n","protected":false},"excerpt":{"rendered":"L&rsquo;arriv\u00e9e de Cyril Hanouna au sein du groupe M6 semble diviser les foules. Mais qu&rsquo;en pense \u00c9ric Antoine,&hellip;\n","protected":false},"author":2,"featured_media":24848,"comment_status":"","ping_status":"","sticky":false,"template":"","format":"standard","meta":{"footnotes":""},"categories":[1356],"tags":[1083,58,59,1194,1011,27,494,252,1364],"class_list":{"0":"post-24847","1":"post","2":"type-post","3":"status-publish","4":"format-standard","5":"has-post-thumbnail","7":"category-television","8":"tag-cyril-hanouna","9":"tag-divertissement","10":"tag-entertainment","11":"tag-eric-antoine","12":"tag-fr","13":"tag-france","14":"tag-m6","15":"tag-television","16":"tag-tv"},"share_on_mastodon":{"url":"https:\/\/pubeurope.com\/@fr\/114337630426647056","error":""},"_links":{"self":[{"href":"https:\/\/www.europesays.com\/fr\/wp-json\/wp\/v2\/posts\/24847","targetHints":{"allow":["GET"]}}],"collection":[{"href":"https:\/\/www.europesays.com\/fr\/wp-json\/wp\/v2\/posts"}],"about":[{"href":"https:\/\/www.europesays.com\/fr\/wp-json\/wp\/v2\/types\/post"}],"author":[{"embeddable":true,"href":"https:\/\/www.europesays.com\/fr\/wp-json\/wp\/v2\/users\/2"}],"replies":[{"embeddable":true,"href":"https:\/\/www.europesays.com\/fr\/wp-json\/wp\/v2\/comments?post=24847"}],"version-history":[{"count":0,"href":"https:\/\/www.europesays.com\/fr\/wp-json\/wp\/v2\/posts\/24847\/revisions"}],"wp:featuredmedia":[{"embeddable":true,"href":"https:\/\/www.europesays.com\/fr\/wp-json\/wp\/v2\/media\/24848"}],"wp:attachment":[{"href":"https:\/\/www.europesays.com\/fr\/wp-json\/wp\/v2\/media?parent=24847"}],"wp:term":[{"taxonomy":"category","embeddable":true,"href":"https:\/\/www.europesays.com\/fr\/wp-json\/wp\/v2\/categories?post=24847"},{"taxonomy":"post_tag","embeddable":true,"href":"https:\/\/www.europesays.com\/fr\/wp-json\/wp\/v2\/tags?post=24847"}],"curies":[{"name":"wp","href":"https:\/\/api.w.org\/{rel}","templated":true}]}}