{"id":24849,"date":"2025-04-14T18:02:14","date_gmt":"2025-04-14T18:02:14","guid":{"rendered":"https:\/\/www.europesays.com\/fr\/24849\/"},"modified":"2025-04-14T18:02:14","modified_gmt":"2025-04-14T18:02:14","slug":"le-rappeur-cherbourgeois-lblanko-revient-a-la-musique-avec-un-hommage-a-son-ami-sulivan","status":"publish","type":"post","link":"https:\/\/www.europesays.com\/fr\/24849\/","title":{"rendered":"Le rappeur cherbourgeois L\u2019Blanko revient \u00e0 la musique avec un hommage \u00e0 son ami Sulivan"},"content":{"rendered":"<p>            Par<br \/>\n        <strong><br \/>\n            <a href=\"https:\/\/actu.fr\/auteur\/ludivine-laniepce\" title=\"Consulter tous les articles de Ludivine Laniepce\" target=\"_blank\" rel=\"noopener\">Ludivine Laniepce<\/a><br \/>\n        <\/strong><\/p>\n<p>        Publi\u00e9 le<\/p>\n<p>            14 avr. 2025 \u00e0 7h39        <\/p>\n<p>Un micro, un casque, une enceinte. Ajoutez \u00e0 cela un cam\u00e9raman venu de Rennes, des habitants du <b>quartier de Provinces<\/b> de <b>Cherbourg-Octeville<\/b> (commune d\u00e9l\u00e9gu\u00e9e de <a href=\"https:\/\/actu.fr\/normandie\/cherbourg-en-cotentin_50129\" target=\"_blank\" rel=\"noopener\">Cherbourg-en-Cotentin<\/a>, Manche) et, bien s\u00fbr, Flavien, <a href=\"https:\/\/actu.fr\/normandie\/cherbourg-en-cotentin_50129\/musique-un-rappeur-de-cherbourg-sort-un-clip-pour-montrer-une-image-positive-de-son-quartier_53062109.html\" target=\"_blank\" rel=\"noopener\">alias L\u2019Blanko sous son nom d\u2019artiste<\/a>.<\/p>\n<p class=\" wall-content\">Ce <b>samedi 12\u00a0avril 2025<\/b>, au Th\u00e9\u00e2tre de l\u2019\u0153uf, il n\u2019en fallait pas beaucoup plus au rappeur cherbourgeois pour tourner le clip de son nouveau titre, son Freestyle diezz #9# d\u00e9di\u00e9 \u00e0 Sulivan.<\/p>\n<p>      <img   decoding=\"async\" loading=\"lazy\" class=\"size-large\" src=\"https:\/\/www.europesays.com\/fr\/wp-content\/uploads\/2025\/04\/804e0bc91cf76a44e0bc91cf7884e0v-960x640.jpg\" alt=\"Tournage du clip Freestyle Diezz #9 de L'Blanko d\u00e9di\u00e9 \u00e0 Sulivan. Th\u00e9\u00e2tre de l'oeuf, quartier des Provinces, Cherbourg-Octeville.\" width=\"960\" height=\"640\"\/><br \/>\n    L\u2019Blanko, en surv\u00eatement, le chef d\u2019orchestre, ce samedi 12\u00a0avril 2025 \u00e0 Cherbourg-Octeville (Manche). \u00a9Ludivine LANIEPCE<\/p>\n<p class=\" wall-content\">Dans la nuit du 9 au 10\u00a0juin 2024, ce jeune homme du quartier des Provinces succombait apr\u00e8s avoir \u00e9t\u00e9 atteint par le <b>tir mortel<\/b> d\u2019une <b>polici\u00e8re <\/b>de Cherbourg. Un drame qui avait suscit\u00e9 <a href=\"https:\/\/actu.fr\/normandie\/cherbourg-en-cotentin_50129\/mort-de-sulivan-a-cherbourg-dans-les-rangs-de-la-marche-blanche-pour-le-petit-frere-du-quartier_61197414.html?utm_source=troove&amp;utm_medium=site\" target=\"_blank\" rel=\"noopener\">une vive \u00e9motion dans la cit\u00e9 portuaire<\/a>, tant du c\u00f4t\u00e9 <a href=\"https:\/\/actu.fr\/normandie\/cherbourg-en-cotentin_50129\/six-mois-apres-la-mere-de-sulivan-temoigne-il-laisse-un-grand-vide-tout-ca-pour-une-connerie_61974936.html\" target=\"_blank\" rel=\"noopener\">de ses proches<\/a> que du c\u00f4t\u00e9 <a href=\"https:\/\/actu.fr\/faits-divers\/mort-de-sulivan-a-cherbourg-apres-la-mise-en-examen-de-la-policiere-le-soutien-des-fonctionnaires-de-police_61192453.html\" target=\"_blank\" rel=\"noopener\">des forces de l\u2019ordre<\/a>. Un tir, <b>deux vies d\u00e9truites<\/b> et des dizaines de personnes bris\u00e9es par un geste qui a conduit \u00e0 la <b>mise en examen<\/b> pour<b> homicide volontaire <\/b>de cette polici\u00e8re d\u2019une quarantaine d\u2019ann\u00e9es.<\/p>\n<p>\u00ab\u2009Tous pour Suli\u2009\u00bb<\/p>\n<p class=\" wall-content\">Bient\u00f4t un an, songent douloureusement les proches de Sulivan, qui les a quitt\u00e9s \u00e0 19\u00a0ans. Depuis un an, aussi, L\u2019Blanko avait mis la musique en sourdine. La perte de ce \u00ab\u2009petit fr\u00e8re d\u2019Octeville\u2009\u00bb, puis celle de son beau-p\u00e8re, lui ont fait prendre un peu de distance avec la cr\u00e9ation artistique.<\/p>\n<blockquote class=\"ac-article-quote wall-content\">\n<p>J\u2019avais d\u00e9j\u00e0 \u00e9crit les trois quarts de ce texte que je devais enregistrer il y a un an. Je n\u2019avais plus envie\u2026 Puis je l\u2019ai repris, j\u2019ai \u00e9crit un nouveau refrain, cette fois pour Sulivan. Il venait sur le tournage de presque tous mes clips, il apparaissait quasiment dans tous. Celui-l\u00e0, il ne le verra jamais, mais il en sera l\u2019objet. Suli \u00e9tait gentil, respectueux, il esquivait les probl\u00e8mes. Il y en a qui cherchent les histoires toute l\u2019ann\u00e9e mais c\u2019est pourtant \u00e0 lui que c\u2019est arriv\u00e9\u2026<\/p>\n<p>L\u2019Blanko<\/p><\/blockquote>\n<p>Vid\u00e9os : en ce moment sur Actu<\/p>\n<p class=\" wall-content\">Plusieurs dizaines de personnes, toutes g\u00e9n\u00e9rations confondues, assistent au tournage au Th\u00e9\u00e2tre de l\u2019\u0153uf. On y retrouve les amis de Sulivan, les \u00ab\u2009grands\u2009\u00bb et les \u00ab\u2009petits\u2009\u00bb du quartier, un membre de sa famille et des m\u00e8res. \u00ab\u2009On est l\u00e0 pour soutenir sa maman, glisse l\u2019une d\u2019entre elles. Bient\u00f4t un an, d\u00e9j\u00e0\u2026\u2009\u00bb<\/p>\n<p>      <img   decoding=\"async\" loading=\"lazy\" class=\"size-large\" src=\"https:\/\/www.europesays.com\/fr\/wp-content\/uploads\/2025\/04\/36b9b1d91cf767ab9b1d91cf76eb9bv-960x640.jpg\" alt=\"Tournage du clip Freestyle Diezz #9 de L'Blanko d\u00e9di\u00e9 \u00e0 Sulivan. Th\u00e9\u00e2tre de l'oeuf, quartier des Provinces, Cherbourg-Octeville.\" width=\"960\" height=\"640\"\/><br \/>\n    Sur les gradins du Th\u00e9\u00e2tre de l\u2019\u0153uf de Cherbourg-Octeville (Manche), ce samedi 12\u00a0avril 2025. \u00a9Ludivine LANIEPCE<\/p>\n<p class=\" wall-content\">La premi\u00e8re prise commence. Au centre de cette agora \u00e0 ciel ouvert, L\u2019Blanko, derri\u00e8re son micro, s\u2019ex\u00e9cute. Sa voix retentit et convoque le souvenir de Sulivan.<\/p>\n<p class=\" wall-content\">Morceaux choisis\u2009: \u00ab\u2009J\u2019ai perdu un petit fr\u00e8re et un deuxi\u00e8me papa\u2009\u00bb, \u00ab\u2009Cette ann\u00e9e, j\u2019ai rien sorti, j\u2019avais pas trop la t\u00eate \u00e0 \u00e7a\u2009\u00bb, \u00ab\u2009L\u2019Blanko c\u2019est le blase, Octeville c\u2019est la base\u2009\u00bb. Et un refrain\u2009: \u00ab\u2009J\u2019pense \u00e0 Suli\u2009\u00bb, \u00ab\u2009Pour le reuf et la Justice\u2009\u00bb, \u00ab\u2009J\u2019pense \u00e0 Suli\u2009\u00bb\u2026 Une retrait\u00e9e applaudit spontan\u00e9ment\u2009: \u00ab\u2009C\u2019est bien, \u00e7a a du sens ce qu\u2019il dit.\u2009\u00bb<\/p>\n<p>      <img   decoding=\"async\" loading=\"lazy\" class=\"size-large\" src=\"https:\/\/www.europesays.com\/fr\/wp-content\/uploads\/2025\/04\/f8f12ac91cf76fcf12ac91cf7e0022v-960x640.jpg\" alt=\"Tournage du clip Freestyle Diezz #9 de L'Blanko d\u00e9di\u00e9 \u00e0 Sulivan. Th\u00e9\u00e2tre de l'oeuf, quartier des Provinces, Cherbourg-Octeville.\" width=\"960\" height=\"640\"\/><br \/>\n    Dans les gradins du Th\u00e9\u00e2tre de l\u2019\u0153uf de Cherbourg-Octeville (Manche), ce samedi 12\u00a0avril 2025. \u00a9Ludivine LANIEPCE<\/p>\n<p class=\" wall-content\">D\u2019autres prises suivent. De nouvelles id\u00e9es fusent. L\u2019Blanko sait ce qu\u2019il veut. Pendant que le cam\u00e9raman fait quelques plans de coupe, il dirige ceux qui portent le tee-shirt blanc de l\u2019<a href=\"https:\/\/actu.fr\/normandie\/cherbourg-en-cotentin_50129\/a-cherbourg-lassociation-tous-pour-suli-voit-le-jour_62140774.html\" target=\"_blank\" rel=\"noopener\">association \u00ab\u2009Tous pour Suli\u2009\u00bb<\/a>.<\/p>\n<p>\u00ab\u2009Rap conscient\u2009\u00bb<\/p>\n<p class=\" wall-content\">L\u2019Blanko, qui explore le rap depuis 10\u00a0ans, se r\u00e9clame du courant du \u00ab\u2009rap conscient\u2009\u00bb\u2009:<\/p>\n<blockquote class=\"ac-article-quote wall-content\">\n<p>Pour moi, la musique, c\u2019est la libert\u00e9 d\u2019expression. Certains ont besoin d\u2019un psy, moi j\u2019ai besoin de la musique pour m\u2019exprimer. J\u2019essaye de faire quelque chose de s\u00e9rieux, avec du texte, en faisant un effort sur mon \u00e9locution pour rester compr\u00e9hensible. C\u2019est comme \u00e7a qu\u2019on peut attirer des gens qui n\u2019aiment a priori pas le rap. Le tournage de ce clip, c\u2019\u00e9tait un beau moment pour moi.<\/p>\n<p>L\u2019Blanko<\/p><\/blockquote>\n<p class=\" wall-content\">Le clip sera disponible d\u2019ici trois semaines <a href=\"https:\/\/www.youtube.com\/c\/L%E2%80%99blanko\" target=\"_blank\" rel=\"noopener\">sur sa cha\u00eene YouTube<\/a>.<\/p>\n<p>\u00ab\u2009Si je pouvais, j\u2019en ferais encore des choses\u2009!\u2009\u00bb<\/p>\n<p class=\" wall-content\">Tout ne r\u00e9sume pourtant pas qu\u2019\u00e0 la musique pour cet homme de 28\u00a0ans. L\u2019essentiel est de <b>cr\u00e9er du lien<\/b>, en organisant par exemple des concours de p\u00e9tanque dans le quartier ou en animant des ateliers d\u2019\u00e9criture \u00e0 la Maison pour tous L\u00e9o Lagrange.<\/p>\n<p class=\" wall-content\">\u00ab\u2009Si je pouvais, j\u2019en ferais encore des choses\u2009!, s\u2019exclame-t-il. J\u2019ai envie de donner \u00e0 ce quartier ce que j\u2019aurais aim\u00e9 avoir quand j\u2019\u00e9tais gamin. On allait \u00e0 la Maison pour tous, on partait en vacances gr\u00e2ce \u00e0 \u00e7a\u2026 L\u2019associatif, \u00e7a permet beaucoup de choses.\u2009\u00bb Fid\u00e8le \u00e0 lui-m\u00eame, L\u2019Blanko distribuera gratuitement son CD qui sera pr\u00eat d\u00e8s lors qu\u2019il aura finalis\u00e9 un dixi\u00e8me et dernier \u00ab\u2009Freestyle\u2009\u00bb.<\/p>\n<p class=\" wall-content\">Suivez toute l\u2019actualit\u00e9 de vos villes et m\u00e9dias favoris en vous inscrivant \u00e0 <a href=\"https:\/\/moncompte.actu.fr\" title=\"D\u00e9couvez Mon Actu\" rel=\"nofollow noopener\" data-trk=\"{&quot;cta&quot;:{&quot;action&quot;:&quot;https:\\\/\\\/moncompte.actu.fr&quot;,&quot;category&quot;:&quot;mon compte&quot;,&quot;from&quot;:&quot;article footer&quot;,&quot;name&quot;:&quot;Mon actu&quot;,&quot;type&quot;:&quot;cta&quot;}}\" target=\"_blank\">Mon Actu<\/a>.<\/p>\n","protected":false},"excerpt":{"rendered":"Par Ludivine Laniepce Publi\u00e9 le 14 avr. 2025 \u00e0 7h39 Un micro, un casque, une enceinte. Ajoutez \u00e0&hellip;\n","protected":false},"author":2,"featured_media":24850,"comment_status":"","ping_status":"","sticky":false,"template":"","format":"standard","meta":{"footnotes":""},"categories":[1355],"tags":[8945,58,59,1011,27,1361,873,3616,104],"class_list":{"0":"post-24849","1":"post","2":"type-post","3":"status-publish","4":"format-standard","5":"has-post-thumbnail","7":"category-musique","8":"tag-associations-a-cherbourg","9":"tag-divertissement","10":"tag-entertainment","11":"tag-fr","12":"tag-france","13":"tag-music","14":"tag-musique","15":"tag-rap","16":"tag-societe"},"share_on_mastodon":{"url":"https:\/\/pubeurope.com\/@fr\/114337634451839660","error":""},"_links":{"self":[{"href":"https:\/\/www.europesays.com\/fr\/wp-json\/wp\/v2\/posts\/24849","targetHints":{"allow":["GET"]}}],"collection":[{"href":"https:\/\/www.europesays.com\/fr\/wp-json\/wp\/v2\/posts"}],"about":[{"href":"https:\/\/www.europesays.com\/fr\/wp-json\/wp\/v2\/types\/post"}],"author":[{"embeddable":true,"href":"https:\/\/www.europesays.com\/fr\/wp-json\/wp\/v2\/users\/2"}],"replies":[{"embeddable":true,"href":"https:\/\/www.europesays.com\/fr\/wp-json\/wp\/v2\/comments?post=24849"}],"version-history":[{"count":0,"href":"https:\/\/www.europesays.com\/fr\/wp-json\/wp\/v2\/posts\/24849\/revisions"}],"wp:featuredmedia":[{"embeddable":true,"href":"https:\/\/www.europesays.com\/fr\/wp-json\/wp\/v2\/media\/24850"}],"wp:attachment":[{"href":"https:\/\/www.europesays.com\/fr\/wp-json\/wp\/v2\/media?parent=24849"}],"wp:term":[{"taxonomy":"category","embeddable":true,"href":"https:\/\/www.europesays.com\/fr\/wp-json\/wp\/v2\/categories?post=24849"},{"taxonomy":"post_tag","embeddable":true,"href":"https:\/\/www.europesays.com\/fr\/wp-json\/wp\/v2\/tags?post=24849"}],"curies":[{"name":"wp","href":"https:\/\/api.w.org\/{rel}","templated":true}]}}