{"id":248492,"date":"2025-07-14T03:10:09","date_gmt":"2025-07-14T03:10:09","guid":{"rendered":"https:\/\/www.europesays.com\/fr\/248492\/"},"modified":"2025-07-14T03:10:09","modified_gmt":"2025-07-14T03:10:09","slug":"la-visite-detat-de-trump-au-royaume-uni-fixee-du-17-au-19-septembre","status":"publish","type":"post","link":"https:\/\/www.europesays.com\/fr\/248492\/","title":{"rendered":"La visite d&rsquo;\u00c9tat de Trump au Royaume-Uni fix\u00e9e du 17 au 19 septembre"},"content":{"rendered":"<p>Lors de son premier mandat, Donald Trump avait \u00e9t\u00e9 re\u00e7u en 2019 par la reine Elizabeth II, qui lui avait fait les honneurs de Buckingham Palace.<\/p>\n<p class=\"fig-paragraph\">La visite d&rsquo;\u00c9tat du pr\u00e9sident am\u00e9ricain\u00a0<a href=\"http:\/\/www.lefigaro.fr\/international\/dossier\/donald-trump-investi-47e-president-des-etats-unis-notre-dossier-pour-tout-comprendre\" data-fig-type=\"Topic\" data-gtm-custom-categorie=\"navigation\" data-gtm-custom-action=\"crossclick\" data-gtm-custom-label=\"Contextuel\" data-gtm-event=\"customEventSPE\" data-fig-domain=\"LEFIGARO\" rel=\"nofollow noopener\" target=\"_blank\">Donald Trump<\/a>\u00a0au Royaume-Uni, sa deuxi\u00e8me en deux mandats, a \u00e9t\u00e9 fix\u00e9e du 17 au 19 septembre, a annonc\u00e9 lundi le palais de Buckingham. Le locataire de la Maison Blanche et son \u00e9pouse Melania seront accueillis par le roi Charles III, chef d&rsquo;\u00c9tat britannique, et la\u00a0<a href=\"https:\/\/www.lefigaro.fr\/international\/couronnement-de-charles-iii-camilla-l-amante-diabolisee-devenue-reine-couronnee-20230505\" data-fig-type=\"Article\" data-gtm-custom-categorie=\"navigation\" data-gtm-custom-action=\"crossclick\" data-gtm-custom-label=\"Contextuel\" data-gtm-event=\"customEventSPE\" data-fig-domain=\"LEFIGARO\" rel=\"nofollow noopener\" target=\"_blank\">reine Camilla<\/a>, au ch\u00e2teau de Windsor pr\u00e8s de Londres.<\/p>\n<p class=\"fig-paragraph\">Donald Trump avait \u00e9t\u00e9 invit\u00e9 par une lettre du souverain que lui avait remise le Premier ministre Keir Starmer en f\u00e9vrier dernier. \u00abC&rsquo;est la premi\u00e8re fois qu&rsquo;un dirigeant est invit\u00e9 deux fois \u00e0 effectuer une visite d&rsquo;\u00c9tat\u00bb, avait alors soulign\u00e9 M. Starmer. Invitation qualifi\u00e9e quelques minutes plus tard d&rsquo;\u00abimmense honneur\u00bb par le pr\u00e9sident am\u00e9ricain.<\/p>\n<p>                                    <a class=\"fig-a11y-skip a11y-hidden\" href=\"#fig-a11y-skip-main-inarticle\"><br \/>\n        Passer la publicit\u00e9<br \/>\n    <\/a><\/p>\n<p class=\"fig-paragraph\">Lors de son premier mandat, Donald Trump avait \u00e9t\u00e9 re\u00e7u en 2019 par la reine Elizabeth II, qui lui avait fait les honneurs de Buckingham Palace et avait pr\u00e9sid\u00e9 un banquet en son honneur.<\/p>\n<p class=\"fig-paragraph\">Contrairement au pr\u00e9sident fran\u00e7ais Emmanuel Macron qui a pu s&rsquo;exprimer devant le Parlement britannique lors de sa r\u00e9cente visite d&rsquo;\u00c9tat, il n&rsquo;est pas pr\u00e9vu que Donald Trump s&rsquo;adresse devant la Chambre des Communes \u00e0 Westminster, en raison d&rsquo;un probl\u00e8me de calendrier.<\/p>\n<p class=\"fig-paragraph\">En effet, la chambre basse du Parlement britannique ne si\u00e9gera pas au moment de la visite du pr\u00e9sident am\u00e9ricain pour cause de pause parlementaire li\u00e9e aux congr\u00e8s de rentr\u00e9e des partis.<\/p>\n","protected":false},"excerpt":{"rendered":"Lors de son premier mandat, Donald Trump avait \u00e9t\u00e9 re\u00e7u en 2019 par la reine Elizabeth II, qui&hellip;\n","protected":false},"author":2,"featured_media":248493,"comment_status":"","ping_status":"","sticky":false,"template":"","format":"standard","meta":{"footnotes":""},"categories":[1588],"tags":[11,75,1777,674,12,473,1853,1851,1850,1852],"class_list":{"0":"post-248492","1":"post","2":"type-post","3":"status-publish","4":"format-standard","5":"has-post-thumbnail","7":"category-royaume-uni","8":"tag-actualites","9":"tag-donald-trump","10":"tag-eu","11":"tag-europe","12":"tag-news","13":"tag-royaume-uni","14":"tag-royaume-uni-de-grande-bretagne-et-dirlande-du-nord","15":"tag-uk","16":"tag-united-kingdom","17":"tag-united-kingdom-of-great-britain-and-northern-ireland"},"share_on_mastodon":{"url":"https:\/\/pubeurope.com\/@fr\/114849397067741878","error":""},"_links":{"self":[{"href":"https:\/\/www.europesays.com\/fr\/wp-json\/wp\/v2\/posts\/248492","targetHints":{"allow":["GET"]}}],"collection":[{"href":"https:\/\/www.europesays.com\/fr\/wp-json\/wp\/v2\/posts"}],"about":[{"href":"https:\/\/www.europesays.com\/fr\/wp-json\/wp\/v2\/types\/post"}],"author":[{"embeddable":true,"href":"https:\/\/www.europesays.com\/fr\/wp-json\/wp\/v2\/users\/2"}],"replies":[{"embeddable":true,"href":"https:\/\/www.europesays.com\/fr\/wp-json\/wp\/v2\/comments?post=248492"}],"version-history":[{"count":0,"href":"https:\/\/www.europesays.com\/fr\/wp-json\/wp\/v2\/posts\/248492\/revisions"}],"wp:featuredmedia":[{"embeddable":true,"href":"https:\/\/www.europesays.com\/fr\/wp-json\/wp\/v2\/media\/248493"}],"wp:attachment":[{"href":"https:\/\/www.europesays.com\/fr\/wp-json\/wp\/v2\/media?parent=248492"}],"wp:term":[{"taxonomy":"category","embeddable":true,"href":"https:\/\/www.europesays.com\/fr\/wp-json\/wp\/v2\/categories?post=248492"},{"taxonomy":"post_tag","embeddable":true,"href":"https:\/\/www.europesays.com\/fr\/wp-json\/wp\/v2\/tags?post=248492"}],"curies":[{"name":"wp","href":"https:\/\/api.w.org\/{rel}","templated":true}]}}