{"id":248494,"date":"2025-07-14T03:11:13","date_gmt":"2025-07-14T03:11:13","guid":{"rendered":"https:\/\/www.europesays.com\/fr\/248494\/"},"modified":"2025-07-14T03:11:13","modified_gmt":"2025-07-14T03:11:13","slug":"14-juillet-indonesie-suisse-finlande-allemagne-la-liste-des-pays-etrangers-qui-participeront-au-defile","status":"publish","type":"post","link":"https:\/\/www.europesays.com\/fr\/248494\/","title":{"rendered":"14\u00a0Juillet\u00a0: Indon\u00e9sie, Suisse, Finlande, Allemagne\u2026 la liste des pays \u00e9trangers qui participeront au d\u00e9fil\u00e9"},"content":{"rendered":"<p class=\"paragraph text_align_left lp-f-body-02\">Il y aura<a href=\"https:\/\/www.leparisien.fr\/faits-divers\/un-militaire-invite-pour-le-defile-du-14-juillet-a-paris-se-tue-en-faisant-une-chute-de-15-m-13-07-2025-ER67PZZ6IBHVJKVMS66IPABFKM.php\" target=\"_blank\" rel=\"noreferrer nofollow noopener\"> bien \u00e9videmment les habituelles troupes fran\u00e7aises<\/a>, issues des grandes \u00e9coles militaires ou des diff\u00e9rents r\u00e9gimes fran\u00e7ais. Mais comme chaque ann\u00e9e, des pays \u00e9trangers d\u00e9fileront <a href=\"https:\/\/www.leparisien.fr\/paris-75\/paris-metros-fermes-circulation-interdite-securite-le-dispositif-complet-pour-le-defile-et-le-concert-du-14-juillet-13-07-2025-IPW23YXFRJE2RPIO2MY2QXDMRQ.php\" target=\"_blank\" rel=\"noreferrer nofollow noopener\">ce 14 Juillet sur les Champs-\u00c9lys\u00e9es<\/a>.<\/p>\n<blockquote class=\"twitter-tweet\">\n<p lang=\"fr\" dir=\"ltr\">Demain, des militaires de nations alli\u00e9es d\u00e9fileront aux c\u00f4t\u00e9s de nos soldats, marins et aviateurs. <\/p>\n<p>Illustration de l\u2019amiti\u00e9, de la confiance et de la d\u00e9termination partag\u00e9e en exercice ou en op\u00e9ration.<\/p>\n<p>Les voici en images et en action. <a href=\"https:\/\/t.co\/RDsdsc6DRW\" rel=\"nofollow\">pic.twitter.com\/RDsdsc6DRW<\/a><\/p>\n<p>\u2014 Arm\u00e9e fran\u00e7aise &#8211; Op\u00e9rations militaires (@EtatMajorFR) <a href=\"https:\/\/twitter.com\/EtatMajorFR\/status\/1944401423631839610?ref_src=twsrc%5Etfw\" rel=\"nofollow noopener\" target=\"_blank\">July 13, 2025<\/a><\/p><\/blockquote>\n<p class=\"paragraph text_align_left lp-f-body-02\">Avec en t\u00eate de gondole l\u2019<b>Indon\u00e9sie<\/b>, \u00ab nation invit\u00e9e d\u2019honneur \u00bb pour le \u00ab 75e anniversaire des relations diplomatiques \u00bb avec Jakarta. \u00ab Le carr\u00e9 de la Nation \u00e9trang\u00e8re invit\u00e9e est compos\u00e9 des forces arm\u00e9es indon\u00e9siennes avec 88 militaires de l\u2019arm\u00e9e de Terre, 86 de la Marine et 86 de l\u2019arm\u00e9e de l\u2019Air. La musique militaire indon\u00e9sienne est \u00e9galement pr\u00e9sente avec le drumband Gabundan \u00e0 189 musiciens \u00bb, d\u00e9taille sur son site Internet le minist\u00e8re des Arm\u00e9es. Celui-ci ouvrira le d\u00e9fil\u00e9.<\/p>\n<p class=\"paragraph text_align_left lp-f-body-02\">Au sol paraderont des <b>soldats finlandais<\/b> membres de la mission conjointe avec la France au Liban. \u00ab Soldats fran\u00e7ais et finlandais s\u2019engagent c\u00f4te \u00e0 c\u00f4te et avec d\u00e9termination pour la stabilit\u00e9 et la s\u00e9curit\u00e9 au Sud Liban \u00bb, salue l\u2019arm\u00e9e fran\u00e7aise. Une compagnie belge et luxembourgeoise sera \u00e9galement pr\u00e9sente, juste apr\u00e8s l\u2019escadron de 13\/5 de Sathonay-Camp (Rh\u00f4ne) de la gendarmerie nationale.<\/p>\n<p class=\"paragraph text_align_left lp-f-body-02\">Dans les airs, plusieurs pays \u00e9trangers d\u00e9fileront aux c\u00f4t\u00e9s des Fran\u00e7ais. La <b>Suisse<\/b> d\u00e9j\u00e0, avec son F-18 \u00ab int\u00e9gr\u00e9 \u00e0 la premi\u00e8re s\u00e9quence a\u00e9rienne \u00bb et qui \u00ab incarne une surveillance conjointe de nos espaces a\u00e9riens \u00bb au-dessus des Alpes. Mais aussi l\u2019<b>Allemagne<\/b> avec des avions de chasse et le <b>Royaume-Uni<\/b> avec deux Typhoon, un avion de combat. Des appareils espagnols, dont des avions de chasse, seront aussi pr\u00e9sents.<\/p>\n<p class=\"paragraph text_align_left lp-f-body-02\">Enfin un h\u00e9licopt\u00e8re Ca\u00efman italien \u00ab accompagnera \u00bb nos appareils \u00ab de la Marine nationale \u00bb. \u00ab L\u2019<b>Italie<\/b> et la France sont partenaires dans les missions de surveillance des approches maritimes, le sauvetage ou l\u2019interception en mer comme dans les airs \u00bb, justifie l\u2019arm\u00e9e fran\u00e7aise.<\/p>\n<p class=\"paragraph text_align_left lp-f-body-02\">La c\u00e9r\u00e9monie d\u00e9butera aux alentours de 10h17, apr\u00e8s une revue des troupes sur les Champs-\u00c9lys\u00e9es par le pr\u00e9sident de la R\u00e9publique Emmanuel Macron. Elle doit prendre fin vers midi.<\/p>\n<p><script async src=\"https:\/\/platform.twitter.com\/widgets.js\" charset=\"utf-8\"><\/script><\/p>\n","protected":false},"excerpt":{"rendered":"Il y aura bien \u00e9videmment les habituelles troupes fran\u00e7aises, issues des grandes \u00e9coles militaires ou des diff\u00e9rents r\u00e9gimes&hellip;\n","protected":false},"author":2,"featured_media":248495,"comment_status":"","ping_status":"","sticky":false,"template":"","format":"standard","meta":{"footnotes":""},"categories":[1587],"tags":[11,672,1804,1805,1803,1777,674,1801,14,12,1802],"class_list":{"0":"post-248494","1":"post","2":"type-post","3":"status-publish","4":"format-standard","5":"has-post-thumbnail","7":"category-allemagne","8":"tag-actualites","9":"tag-allemagne","10":"tag-bundesrepublik-deutschland","11":"tag-de","12":"tag-deutschland","13":"tag-eu","14":"tag-europe","15":"tag-germany","16":"tag-international","17":"tag-news","18":"tag-republique-federale-dallemagne"},"share_on_mastodon":{"url":"https:\/\/pubeurope.com\/@fr\/114849401843533956","error":""},"_links":{"self":[{"href":"https:\/\/www.europesays.com\/fr\/wp-json\/wp\/v2\/posts\/248494","targetHints":{"allow":["GET"]}}],"collection":[{"href":"https:\/\/www.europesays.com\/fr\/wp-json\/wp\/v2\/posts"}],"about":[{"href":"https:\/\/www.europesays.com\/fr\/wp-json\/wp\/v2\/types\/post"}],"author":[{"embeddable":true,"href":"https:\/\/www.europesays.com\/fr\/wp-json\/wp\/v2\/users\/2"}],"replies":[{"embeddable":true,"href":"https:\/\/www.europesays.com\/fr\/wp-json\/wp\/v2\/comments?post=248494"}],"version-history":[{"count":0,"href":"https:\/\/www.europesays.com\/fr\/wp-json\/wp\/v2\/posts\/248494\/revisions"}],"wp:featuredmedia":[{"embeddable":true,"href":"https:\/\/www.europesays.com\/fr\/wp-json\/wp\/v2\/media\/248495"}],"wp:attachment":[{"href":"https:\/\/www.europesays.com\/fr\/wp-json\/wp\/v2\/media?parent=248494"}],"wp:term":[{"taxonomy":"category","embeddable":true,"href":"https:\/\/www.europesays.com\/fr\/wp-json\/wp\/v2\/categories?post=248494"},{"taxonomy":"post_tag","embeddable":true,"href":"https:\/\/www.europesays.com\/fr\/wp-json\/wp\/v2\/tags?post=248494"}],"curies":[{"name":"wp","href":"https:\/\/api.w.org\/{rel}","templated":true}]}}