{"id":248496,"date":"2025-07-14T03:12:26","date_gmt":"2025-07-14T03:12:26","guid":{"rendered":"https:\/\/www.europesays.com\/fr\/248496\/"},"modified":"2025-07-14T03:12:26","modified_gmt":"2025-07-14T03:12:26","slug":"budget-menaces-europe-ce-quil-faut-retenir-du-discours-aux-armees-demmanuel-macron-2","status":"publish","type":"post","link":"https:\/\/www.europesays.com\/fr\/248496\/","title":{"rendered":"Budget, menaces, Europe\u2026 Ce qu\u2019il faut retenir du discours aux arm\u00e9es d\u2019Emmanuel Macron"},"content":{"rendered":"<p><strong>l\u2019essentiel &#8211; Le Pr\u00e9sident de la R\u00e9publique a tenu son traditionnel discours devant l\u2019\u00e9tat-major \u00e0 la veille de la F\u00eate nationale<\/strong><\/p>\n<p>\u00ab Nul ne peut demeurer immobile. Nous avons une avance, mais demain, au m\u00eame rythme, nous serions d\u00e9pass\u00e9s \u00bb, a affirm\u00e9 le pr\u00e9sident, appelant les parlementaires \u00e0 voter le budget pour l\u2019ann\u00e9e 2026 quand il arrivera \u00e0 l\u2019Assembl\u00e9e, \u00ab car les censures de fin d\u2019ann\u00e9e ont une cons\u00e9quence simple : elles d\u00e9calent le budget des arm\u00e9es \u00bb.<\/p>\n<p>Un budget des arm\u00e9es \u00e0 la hausse<\/p>\n<p>Malgr\u00e9 des finances publiques au plus mal, le pr\u00e9sident <a href=\"https:\/\/www.20minutes.fr\/politique\/emmanuel-macron\/?at_medium=RSS%20feed&amp;at_campaign=ynews&amp;utm_source=yahoo&amp;utm_medium=rss&amp;utm_campaign=news_feed&amp;utm_content=in_article_link\" rel=\"nofollow noopener\" target=\"_blank\" data-ylk=\"slk:Emmanuel Macron;elm:context_link;itc:0;sec:content-canvas\" class=\"link \">Emmanuel Macron<\/a> a annonc\u00e9 dimanche lors de son discours aux arm\u00e9es, une acc\u00e9l\u00e9ration de la hausse des d\u00e9penses de d\u00e9fense de la France dans les deux prochaines ann\u00e9es face \u00e0 \u00ab un monde plus brutal \u00bb et l\u2019aggravation des menaces, \u00e9manant notamment de la <a href=\"https:\/\/www.20minutes.fr\/monde\/russie\/?at_medium=RSS%20feed&amp;at_campaign=ynews&amp;utm_source=yahoo&amp;utm_medium=rss&amp;utm_campaign=news_feed&amp;utm_content=in_article_link\" rel=\"nofollow noopener\" target=\"_blank\" data-ylk=\"slk:Russie;elm:context_link;itc:0;sec:content-canvas\" class=\"link \">Russie<\/a>.<\/p>\n<p>\u00ab Jamais depuis 1945 la libert\u00e9 n\u2019avait \u00e9t\u00e9 si menac\u00e9e \u00bb, a affirm\u00e9 le chef de l\u2019Etat devant un parterre de hauts grad\u00e9s lors de sa traditionnelle allocution aux arm\u00e9es \u00e0 la veille de la f\u00eate nationale dans les jardins du minist\u00e8re des Arm\u00e9es, \u00e0 l\u2019H\u00f4tel de Brienne.<\/p>\n<p>L\u2019Europe est \u00ab mise en danger au moment o\u00f9 la guerre a \u00e9t\u00e9 port\u00e9e sur notre sol avec l\u2019<a href=\"https:\/\/www.20minutes.fr\/monde\/ukraine\/?at_medium=RSS%20feed&amp;at_campaign=ynews&amp;utm_source=yahoo&amp;utm_medium=rss&amp;utm_campaign=news_feed&amp;utm_content=in_article_link\" rel=\"nofollow noopener\" target=\"_blank\" data-ylk=\"slk:invasion de l\u2019Ukraine;elm:context_link;itc:0;sec:content-canvas\" class=\"link \">invasion de l\u2019Ukraine<\/a>, alors que les Etats-Unis ont ajout\u00e9 une forme d\u2019incertitude \u00bb quant \u00e0 la p\u00e9rennit\u00e9 de leur soutien, a expos\u00e9 M. Macron et \u00ab notre Europe se trouve plac\u00e9e \u00e0 la lisi\u00e8re d\u2019un vaste arc de crises \u00bb.<\/p>\n<p>En cons\u00e9quence, Emmanuel Macron a annonc\u00e9 vouloir renforcer l\u2019effort budg\u00e9taire pour la d\u00e9fense d\u00e9j\u00e0 engag\u00e9, en ajoutant des d\u00e9penses de 3,5 milliards d\u2019euros en 2026 puis \u00e0 nouveau 3 milliards de plus en 2027, de sorte que le budget de la d\u00e9fens(&#8230;)<\/p>\n<p><a href=\"https:\/\/www.20minutes.fr\/politique\/4163461-20250713-budget-menaces-europe-faut-retenir-discours-armees-emmanuel-macron?at_medium=RSS%20feed&amp;at_campaign=ynews&amp;utm_source=yahoo&amp;utm_medium=rss&amp;utm_campaign=news_feed&amp;utm_content=read_more_link\" rel=\"nofollow noopener\" target=\"_blank\" data-ylk=\"slk:Lire la suite sur 20minutes;elm:context_link;itc:0;sec:content-canvas\" class=\"link \">Lire la suite sur 20minutes<\/a><\/p>\n<p>\u00c0 lire aussi :<br \/><a href=\"https:\/\/www.20minutes.fr\/societe\/4163057-20250711-defile-14-juillet-quelque-chose-fabuleux-vivre-emotion-policiers-descendront-champs-elysees?at_medium=RSS%20feed&amp;at_campaign=ynews&amp;utm_source=yahoo&amp;utm_medium=rss&amp;utm_campaign=news_feed&amp;utm_content=related_content_link\" rel=\"nofollow noopener\" target=\"_blank\" data-ylk=\"slk:D\u00e9fil\u00e9 du 14-Juillet : \u00ab Quelque chose de fabuleux \u00e0 vivre \u00bb\u2026 L\u2019\u00e9motion des policiers qui descendront les Champs-Elys\u00e9es;elm:context_link;itc:0;sec:content-canvas\" class=\"link \">D\u00e9fil\u00e9 du 14-Juillet : \u00ab Quelque chose de fabuleux \u00e0 vivre \u00bb\u2026 L\u2019\u00e9motion des policiers qui descendront les Champs-Elys\u00e9es<\/a><br \/><a href=\"https:\/\/www.20minutes.fr\/economie\/4151793-20250505-armee-retablissement-service-militaire-obligatoire-couterait-15-milliards-euros-an?at_medium=RSS%20feed&amp;at_campaign=ynews&amp;utm_source=yahoo&amp;utm_medium=rss&amp;utm_campaign=news_feed&amp;utm_content=related_content_link\" rel=\"nofollow noopener\" target=\"_blank\" data-ylk=\"slk:Arm\u00e9e : Le r\u00e9tablissement du service militaire obligatoire co\u00fbterait 15 milliards d\u2019euros par an;elm:context_link;itc:0;sec:content-canvas\" class=\"link \">Arm\u00e9e : Le r\u00e9tablissement du service militaire obligatoire co\u00fbterait 15 milliards d\u2019euros par an<\/a><\/p>\n","protected":false},"excerpt":{"rendered":"l\u2019essentiel &#8211; Le Pr\u00e9sident de la R\u00e9publique a tenu son traditionnel discours devant l\u2019\u00e9tat-major \u00e0 la veille de&hellip;\n","protected":false},"author":2,"featured_media":248497,"comment_status":"","ping_status":"","sticky":false,"template":"","format":"standard","meta":{"footnotes":""},"categories":[1586],"tags":[11,1073,1777,674,1011,27,38112,23194,12,10253,25],"class_list":{"0":"post-248496","1":"post","2":"type-post","3":"status-publish","4":"format-standard","5":"has-post-thumbnail","7":"category-europe","8":"tag-actualites","9":"tag-emmanuel-macron","10":"tag-eu","11":"tag-europe","12":"tag-fr","13":"tag-france","14":"tag-la-fete-nationale","15":"tag-ministere-des-armees","16":"tag-news","17":"tag-president-de-la-republique","18":"tag-republique-francaise"},"share_on_mastodon":{"url":"https:\/\/pubeurope.com\/@fr\/114849404899357857","error":""},"_links":{"self":[{"href":"https:\/\/www.europesays.com\/fr\/wp-json\/wp\/v2\/posts\/248496","targetHints":{"allow":["GET"]}}],"collection":[{"href":"https:\/\/www.europesays.com\/fr\/wp-json\/wp\/v2\/posts"}],"about":[{"href":"https:\/\/www.europesays.com\/fr\/wp-json\/wp\/v2\/types\/post"}],"author":[{"embeddable":true,"href":"https:\/\/www.europesays.com\/fr\/wp-json\/wp\/v2\/users\/2"}],"replies":[{"embeddable":true,"href":"https:\/\/www.europesays.com\/fr\/wp-json\/wp\/v2\/comments?post=248496"}],"version-history":[{"count":0,"href":"https:\/\/www.europesays.com\/fr\/wp-json\/wp\/v2\/posts\/248496\/revisions"}],"wp:featuredmedia":[{"embeddable":true,"href":"https:\/\/www.europesays.com\/fr\/wp-json\/wp\/v2\/media\/248497"}],"wp:attachment":[{"href":"https:\/\/www.europesays.com\/fr\/wp-json\/wp\/v2\/media?parent=248496"}],"wp:term":[{"taxonomy":"category","embeddable":true,"href":"https:\/\/www.europesays.com\/fr\/wp-json\/wp\/v2\/categories?post=248496"},{"taxonomy":"post_tag","embeddable":true,"href":"https:\/\/www.europesays.com\/fr\/wp-json\/wp\/v2\/tags?post=248496"}],"curies":[{"name":"wp","href":"https:\/\/api.w.org\/{rel}","templated":true}]}}