{"id":248498,"date":"2025-07-14T03:13:16","date_gmt":"2025-07-14T03:13:16","guid":{"rendered":"https:\/\/www.europesays.com\/fr\/248498\/"},"modified":"2025-07-14T03:13:16","modified_gmt":"2025-07-14T03:13:16","slug":"a-plougasnou-le-premier-marche-nocturne-dete-a-eu-lieu-vendredi-a-primel-tregastel","status":"publish","type":"post","link":"https:\/\/www.europesays.com\/fr\/248498\/","title":{"rendered":"\u00c0 Plougasnou, le premier march\u00e9 nocturne d\u2019\u00e9t\u00e9 a eu lieu vendredi \u00e0 Primel-Tr\u00e9gastel"},"content":{"rendered":"<p>Primel animations a lanc\u00e9 le premier des <a href=\"https:\/\/www.letelegramme.fr\/finistere\/plougasnou-29630\/le-calendrier-des-animations-estivales-a-plougasnou-commence-a-se-devoiler-6848770.php\" title=\"www.letelegramme.fr\" target=\"_blank\" rel=\"noopener\">sept march\u00e9s nocturnes de l\u2019\u00e9t\u00e9<\/a> \u00e0 Primel-Tr\u00e9gastel, \u00e0 Plougasnou, vendredi 11 juillet. Le rendez-vous a pu compter une quinzaine d\u2019exposants (l\u00e9gumes, confitures, liqueurs, maquillage naturel, g\u00e2teaux artisanaux, peinture, d\u00e9coration en bois naturel et cr\u00e9ations diverses) dont plusieurs reviennent chaque ann\u00e9e et sur une repr\u00e9sentation de deux musiciens venus de Morlaix.<\/p>\n<p><img decoding=\"async\" src=\"https:\/\/www.europesays.com\/fr\/wp-content\/uploads\/2025\/07\/6873a35f1f4176acc607b078.1.jpeg\" width=\"480\" height=\"300\" class=\"web_golden_m\" loading=\"lazy\" alt=\"Chaque vendredi jusqu\u2019au 22\u00a0ao\u00fbt, Primel Animations propose un march\u00e9 nocturne \u00e0 Primel-Tr\u00e9gastel.\"\/>Chaque vendredi jusqu\u2019au 22\u00a0ao\u00fbt, Primel Animations propose un march\u00e9 nocturne \u00e0 Primel-Tr\u00e9gastel.<\/p>\n<p>La SNSM tenait \u00e9galement son stand de goodies, tout comme les jeunes de l\u2019association PEP 53 qui y vendaient divers objets afin de financer un voyage \u00e0 Londres. De son c\u00f4t\u00e9, l\u2019association Primel animations proposait des hu\u00eetres, galettes, cr\u00eapes et boissons. Louis Remeur, peintre du Diben, a expos\u00e9 plusieurs de ses tableaux dont un a \u00e9t\u00e9 offert au gagnant du concours de caisse de kerhelen (jeu du palet revisit\u00e9). Le prochain march\u00e9 aura lieu vendredi 18 juillet, de 17\u00a0h \u00e0 22\u00a0h.<\/p>\n<p><b>Pratique<\/b><\/p>\n<p class=\"tech\">March\u00e9 nocturne de Primel-Tr\u00e9gastel au parking des Fr\u00e8res-Poupon \u00e0 Plougasnou.<\/p>\n<p class=\"note\">Tous les vendredis jusqu\u2019au 22 ao\u00fbt 2025, de 17\u00a0h \u00e0 22\u00a0h.<\/p>\n","protected":false},"excerpt":{"rendered":"Primel animations a lanc\u00e9 le premier des sept march\u00e9s nocturnes de l\u2019\u00e9t\u00e9 \u00e0 Primel-Tr\u00e9gastel, \u00e0 Plougasnou, vendredi 11&hellip;\n","protected":false},"author":2,"featured_media":248499,"comment_status":"","ping_status":"","sticky":false,"template":"","format":"standard","meta":{"footnotes":""},"categories":[1586],"tags":[11,1777,674,1779,1011,27,12,35449,25,1778,364],"class_list":{"0":"post-248498","1":"post","2":"type-post","3":"status-publish","4":"format-standard","5":"has-post-thumbnail","7":"category-europe","8":"tag-actualites","9":"tag-eu","10":"tag-europe","11":"tag-european-union","12":"tag-fr","13":"tag-france","14":"tag-news","15":"tag-plougasnou","16":"tag-republique-francaise","17":"tag-ue","18":"tag-union-europeenne"},"share_on_mastodon":{"url":"https:\/\/pubeurope.com\/@fr\/114849408976874899","error":""},"_links":{"self":[{"href":"https:\/\/www.europesays.com\/fr\/wp-json\/wp\/v2\/posts\/248498","targetHints":{"allow":["GET"]}}],"collection":[{"href":"https:\/\/www.europesays.com\/fr\/wp-json\/wp\/v2\/posts"}],"about":[{"href":"https:\/\/www.europesays.com\/fr\/wp-json\/wp\/v2\/types\/post"}],"author":[{"embeddable":true,"href":"https:\/\/www.europesays.com\/fr\/wp-json\/wp\/v2\/users\/2"}],"replies":[{"embeddable":true,"href":"https:\/\/www.europesays.com\/fr\/wp-json\/wp\/v2\/comments?post=248498"}],"version-history":[{"count":0,"href":"https:\/\/www.europesays.com\/fr\/wp-json\/wp\/v2\/posts\/248498\/revisions"}],"wp:featuredmedia":[{"embeddable":true,"href":"https:\/\/www.europesays.com\/fr\/wp-json\/wp\/v2\/media\/248499"}],"wp:attachment":[{"href":"https:\/\/www.europesays.com\/fr\/wp-json\/wp\/v2\/media?parent=248498"}],"wp:term":[{"taxonomy":"category","embeddable":true,"href":"https:\/\/www.europesays.com\/fr\/wp-json\/wp\/v2\/categories?post=248498"},{"taxonomy":"post_tag","embeddable":true,"href":"https:\/\/www.europesays.com\/fr\/wp-json\/wp\/v2\/tags?post=248498"}],"curies":[{"name":"wp","href":"https:\/\/api.w.org\/{rel}","templated":true}]}}