{"id":248502,"date":"2025-07-14T03:15:12","date_gmt":"2025-07-14T03:15:12","guid":{"rendered":"https:\/\/www.europesays.com\/fr\/248502\/"},"modified":"2025-07-14T03:15:12","modified_gmt":"2025-07-14T03:15:12","slug":"emmanuel-macron-annonce-65-milliards-deuros-de-depenses-supplementaires-dans-les-deux-ans-liberation","status":"publish","type":"post","link":"https:\/\/www.europesays.com\/fr\/248502\/","title":{"rendered":"Emmanuel Macron annonce 6,5\u00a0milliards d\u2019euros de d\u00e9penses suppl\u00e9mentaires dans les deux\u00a0ans \u2013 Lib\u00e9ration"},"content":{"rendered":"<p class=\"sc-ksZaOG ehjQrN text-element\">Il \u00e9tait question <a href=\"https:\/\/www.liberation.fr\/politique\/armees-a-la-veille-du-14-juillet-macron-sur-ses-grands-chevaux-pour-obtenir-des-credits-supplementaires-20250713_2VCYWENIEZF3LGMC4ZRZFGBRDY\/\" target=\"_blank\" rel=\"noreferrer noopener\" title=\"https:\/\/www.liberation.fr\/politique\/armees-a-la-veille-du-14-juillet-macron-sur-ses-grands-chevaux-pour-obtenir-des-credits-supplementaires-20250713_2VCYWENIEZF3LGMC4ZRZFGBRDY\/\">\u00abd\u2019annonces majeures\u00bb du chef de l\u2019Etat<\/a> sur \u00abl\u2019effort de d\u00e9fense\u00bb pour r\u00e9armer la France. Le discours d\u2019Emmanuel Macron aux arm\u00e9es aura finalement \u00e9t\u00e9 moins spectaculaire que les promesses des conseillers \u00e9lys\u00e9ens. A l\u2019h\u00f4tel de Brienne \u00e0 Paris, le pr\u00e9sident de la R\u00e9publique a entam\u00e9 ce dimanche 13 juillet au soir ce discours traditionnel par un constat alarmant sur l\u2019\u00e9tat du monde. \u00abNous vivons un moment de bascule. Jamais depuis 1945, la libert\u00e9 n\u2019avait \u00e9t\u00e9 autant menac\u00e9e\u00bb, \u00abattaqu\u00e9e par les puissances imp\u00e9rialistes et d\u2019annexion\u00bb comme la Russie, ainsi que par la \u00abloi du plus fort\u00bb qui s\u2019installe de plus en plus, a soulign\u00e9 le chef de l\u2019Etat, d\u2019un ton grave.<\/p>\n<p class=\"sc-ksZaOG ehjQrN text-element\">\u00abJamais \u00e0 ce point la paix sur notre continent n\u2019avait d\u00e9pendu de nos d\u00e9cisions pr\u00e9sentes\u00bb, a-t-il ajout\u00e9. \u00abNous, Europ\u00e9ens, devons assurer notre s\u00e9curit\u00e9 nous-m\u00eames\u00bb, face \u00abau retour de la prolif\u00e9ration des conflits majeurs\u00bb, a mis en garde le Pr\u00e9sident, en citant tant l\u2019Ukraine que le Moyen-Orient, ou encore l\u2019Inde et le Pakistan. \u00abPour \u00eatre libre dans ce monde, il faut \u00eatre craint. Pour \u00eatre craint, il faut \u00eatre puissant. Pour cela, la Nation doit \u00eatre plus forte\u00bb, a lanc\u00e9 Emmanuel Macron.<\/p>\n<p class=\"sc-ksZaOG ehjQrN text-element\">Cela passerait dans un premier temps par \u00abune meilleure prise de conscience des Fran\u00e7ais des menaces hybrides qui nous entourent\u00bb. Le chef des Arm\u00e9es a aussi \u00e9voqu\u00e9 le besoin qu\u2019elles \u00abgagnent en masse\u00bb, donnant ainsi rendez-vous \u00ab\u00e0 l\u2019automne\u00bb pour ses d\u00e9cisions concernant \u00abl\u2019avenir <a href=\"https:\/\/www.liberation.fr\/politique\/lelysee-reflechit-a-remplacer-le-snu-par-un-service-militaire-20250417_VHUHTAGLQNGFRONTV2GV7RCRKM\/\" target=\"_blank\" rel=\"noreferrer noopener\" title=\"https:\/\/www.liberation.fr\/politique\/lelysee-reflechit-a-remplacer-le-snu-par-un-service-militaire-20250417_VHUHTAGLQNGFRONTV2GV7RCRKM\/\">du Service national universel (SNU)<\/a>, l\u2019organisation de la mobilisation de notre jeunesse et l\u2019accroissement de notre r\u00e9serve\u00bb. Mais plus largement, Emmanuel Macron a soulign\u00e9 la n\u00e9cessit\u00e9 de \u00abprendre la mesure du tournant capacitaire \u00e0 engager\u00bb, a-t-il pr\u00e9venu, face \u00e0 \u00abtous les d\u00e9fis qui nous sont pos\u00e9s\u00bb, <a href=\"https:\/\/www.liberation.fr\/international\/amerique\/donald-trump-declare-la-paix-au-monde-entier-mais-ne-sait-lui-faire-que-la-guerre-20250708_6XVWFCFS3VGRFIZ2X2GN7KBBSU\/\" target=\"_blank\" rel=\"noreferrer noopener\" title=\"https:\/\/www.liberation.fr\/international\/amerique\/donald-trump-declare-la-paix-au-monde-entier-mais-ne-sait-lui-faire-que-la-guerre-20250708_6XVWFCFS3VGRFIZ2X2GN7KBBSU\/\">\u00ab\u00e0 l\u2019heure des pr\u00e9dateurs\u00bb<\/a>. \u00abNous avons une avance, mais demain, au m\u00eame rythme, nous serions d\u00e9pass\u00e9s\u00bb, faute de cr\u00e9dits suppl\u00e9mentaires pour la d\u00e9fense.<\/p>\n<p class=\"sc-ksZaOG ehjQrN text-element\">Annon\u00e7ant un \u00abeffort nouveau et historique\u00bb, le chef de l\u2019Etat a d\u00e9clar\u00e9 qu\u2019il souhaitait des moyens suppl\u00e9mentaires pour les arm\u00e9es par rapport \u00e0 la trajectoire financi\u00e8re pr\u00e9vue dans <a href=\"https:\/\/www.liberation.fr\/politique\/coupes-budgetaires-lois-de-programmation-lois-dexception-20241010_OOG7B5CRW5DFNOM7Y5WV2SCSWI\/\" target=\"_blank\" rel=\"noreferrer noopener\" title=\"https:\/\/www.liberation.fr\/politique\/coupes-budgetaires-lois-de-programmation-lois-dexception-20241010_OOG7B5CRW5DFNOM7Y5WV2SCSWI\/\">la loi de programmation militaire <\/a>(LPM) 2024-2030. \u00abLe salut de la patrie suppose que nous d\u00e9pensions plus pour notre d\u00e9fense et que chacun prenne sa part de cet investissement\u00bb, a-t-il profess\u00e9. Parmi les besoins \u00e0 financer, il a cit\u00e9 les stocks de munition, les drones, la d\u00e9fense a\u00e9rienne, la guerre \u00e9lectronique, la guerre spatiale et le d\u00e9veloppement de la r\u00e9serve militaire.<\/p>\n<p class=\"sc-ksZaOG ehjQrN text-element\">En pratique, le chef de l\u2019Etat souhaite anticiper de trois ans la cible fix\u00e9e \u00e0 2030 par la LPM : \u00abAlors que nous avions pr\u00e9vu de doubler le budget [par rapport \u00e0 2017] d\u2019ici \u00e0 2030, nous allons le doubler d\u2019ici \u00e0 2027\u00bb. L\u2019effort suppl\u00e9mentaire serait de 3,5 milliards d\u2019euros en 2026 et 3 milliards l\u2019ann\u00e9e suivante. \u00abNous consacrerons donc 64 milliards d\u2019euros \u00e0 notre d\u00e9fense en 2027\u00bb, a-t-il conclu, sans pr\u00e9ciser comment ce surcro\u00eet de d\u00e9pense serait financ\u00e9 : c\u2019est le Premier ministre Fran\u00e7ois Bayrou qui sera charg\u00e9 de l\u2019annoncer mardi 15 juillet, dans une allocution sur les pistes de financement du prochain budget.<\/p>\n<p class=\"sc-ksZaOG ehjQrN text-element\">Le chef de l\u2019Etat a cependant trac\u00e9 une ligne rouge : \u00abnous refusons que ce r\u00e9armement passe par l\u2019endettement. [Il doit \u00eatre] financ\u00e9 par plus d\u2019activit\u00e9 et plus de production\u00bb. Le sort de cet ajustement sera cependant entre les mains des parlementaires, qui votent le budget et sont \u00e9galement susceptibles de censurer le gouvernement de Fran\u00e7ois Bayrou. \u00abA chacun de prendre ses responsabilit\u00e9s\u00bb, les a avertis Macron.<\/p>\n<p class=\"sc-ksZaOG ehjQrN text-element\">L\u2019Elys\u00e9e avait pr\u00e9venu que le pr\u00e9sident de la R\u00e9publique tirerait \u00ables conclusions\u00bb <a href=\"https:\/\/www.liberation.fr\/economie\/mobilisation-generale-des-industriels-francais-de-la-defense-pour-rearmer-leurope-20250305_E5DGBDTE55DKVDJ26OWTVJQQ4Q\/\" target=\"_blank\" rel=\"noreferrer noopener\" title=\"https:\/\/www.liberation.fr\/economie\/mobilisation-generale-des-industriels-francais-de-la-defense-pour-rearmer-leurope-20250305_E5DGBDTE55DKVDJ26OWTVJQQ4Q\/\">du contexte de menace russe jug\u00e9e durable contre l\u2019Europe<\/a>, et du recours \u00e0 la force de plus en plus d\u00e9sinhib\u00e9 dans le monde. \u00abTr\u00e8s clairement, nous devons aujourd\u2019hui r\u00e9viser notre programmation et notre strat\u00e9gie, la r\u00e9viser \u00e0 la lumi\u00e8re de changement de la nature du risque\u00bb, avait pr\u00e9venu jeudi Emmanuel Macron.<\/p>\n<p class=\"sc-ksZaOG ehjQrN text-element\">Alors que les pays de l\u2019Otan se sont engag\u00e9s \u00e0 consacrer \u00e0 l\u2019avenir <a href=\"https:\/\/www.liberation.fr\/international\/europe\/a-bruxelles-les-allies-de-lotan-prets-a-repondre-a-la-demande-de-donald-trump-daugmenter-leurs-depenses-militaires-20250605_XGJMP6RLPBFUHHCPHJYHMZGDGA\/\" target=\"_blank\" rel=\"noreferrer noopener\" title=\"https:\/\/www.liberation.fr\/international\/europe\/a-bruxelles-les-allies-de-lotan-prets-a-repondre-a-la-demande-de-donald-trump-daugmenter-leurs-depenses-militaires-20250605_XGJMP6RLPBFUHHCPHJYHMZGDGA\/\">3,5 % de leur PIB \u00e0 leur d\u00e9fense<\/a>, Paris tablait jusqu\u2019alors sur un budget de 413 milliards d\u2019euros pr\u00e9vu entre 2024 et 2030 par la loi de programmation militaire, en d\u00e9pit de la traque aux \u00e9conomies pour r\u00e9duire l\u2019abyssal d\u00e9ficit des finances publiques du pays.<\/p>\n<p class=\"sc-ksZaOG ehjQrN text-element\">Lundi, lors du traditionnel d\u00e9fil\u00e9 du 14-juillet, de retour sur la prestigieuse avenue parisienne des Champs-Elys\u00e9es apr\u00e8s avoir \u00e9t\u00e9 d\u00e9plac\u00e9 l\u2019an pass\u00e9 en raison des Jeux Olympiques, l\u2019arm\u00e9e fran\u00e7aise entend mettre en valeur sa \u00abcr\u00e9dibilit\u00e9 op\u00e9rationnelle\u00bb et <a href=\"https:\/\/www.liberation.fr\/international\/europe\/il-fallait-bien-que-quelquun-prenne-les-choses-en-main-sur-la-defense-europeenne-la-france-prend-la-lumiere-20250311_C563MUROZFCLDGQBGDZX227Y7U\/\" target=\"_blank\" rel=\"noreferrer noopener\" title=\"https:\/\/www.liberation.fr\/international\/europe\/il-fallait-bien-que-quelquun-prenne-les-choses-en-main-sur-la-defense-europeenne-la-france-prend-la-lumiere-20250311_C563MUROZFCLDGQBGDZX227Y7U\/\">sa \u00absolidarit\u00e9 strat\u00e9gique\u00bb<\/a> avec ses partenaires.<\/p>\n<p class=\"sc-ksZaOG ehjQrN text-element\">Le d\u00e9fil\u00e9 <a href=\"https:\/\/www.liberation.fr\/politique\/lindonesie-invitee-dhonneur-centenaire-du-bleuet-chanson-inedite-de-goldman-le-programme-du-defile-du-14-juillet-20250711_GM436ISELJHBJNMQNWE5GYYTTE\/\" target=\"_blank\" rel=\"noreferrer noopener\" title=\"https:\/\/www.liberation.fr\/politique\/lindonesie-invitee-dhonneur-centenaire-du-bleuet-chanson-inedite-de-goldman-le-programme-du-defile-du-14-juillet-20250711_GM436ISELJHBJNMQNWE5GYYTTE\/\">met cette ann\u00e9e \u00e0 l\u2019honneur l\u2019Indon\u00e9sie<\/a>, avec qui la France a conclu un partenariat strat\u00e9gique pour peser dans la zone indo-pacifique.<\/p>\n<p class=\"sc-ksZaOG ehjQrN text-element\"><a href=\"https:\/\/www.liberation.fr\/international\/a-lecole-militaire-on-joue-a-la-guerre-pour-preparer-la-guerre-20250222_JBUCQ33KHVFAHMVHVDDQY35C5Q\/\" target=\"_blank\" rel=\"noreferrer noopener\" title=\"https:\/\/www.liberation.fr\/international\/a-lecole-militaire-on-joue-a-la-guerre-pour-preparer-la-guerre-20250222_JBUCQ33KHVFAHMVHVDDQY35C5Q\/\">Apr\u00e8s les \u00e9coles<\/a>, \u00abl\u2019ossature\u00bb de la parade militaire sera constitu\u00e9e autour des unit\u00e9s de la 7e brigade blind\u00e9e, qui paradera non pas \u00aben tenue de d\u00e9fil\u00e9 [\u2026] mais en bloc op\u00e9rationnel et en tenue de combat \u00e0 bord des engins blind\u00e9s\u00bb, selon le gouverneur militaire de Paris, le g\u00e9n\u00e9ral Lo\u00efc Mizon, responsable de l\u2019organisation. \u00abIl s\u2019agit de montrer un outil de combat qui est quasiment pr\u00eat \u00e0 partir, tel qu\u2019il est pr\u00e9sent\u00e9 \u00e0 nos concitoyens sur les Champs-\u00c9lys\u00e9es\u00bb, a expliqu\u00e9 le g\u00e9n\u00e9ral.<\/p>\n<p class=\"sc-ksZaOG ehjQrN text-element\">Paris se veut capable de d\u00e9ployer cette ann\u00e9e si n\u00e9cessaire une brigade \u00abbonne de guerre\u00bb -soit plus de 7 000 hommes avec toutes les munitions et la logistique- en dix jours. En 2027, l\u2019ambition est de faire de m\u00eame pour une division (plus de 20 000 hommes) en trente jours.<\/p>\n<p class=\"sc-ksZaOG ehjQrN text-element\"><b>Mise \u00e0 jour le 13\/07 \u00e0 21h40 :<\/b> correction des hausses budg\u00e9taires annonc\u00e9es par Emmanuel Macron (3,5 milliards en 2026 et non 2,5 milliards)<\/p>\n","protected":false},"excerpt":{"rendered":"Il \u00e9tait question \u00abd\u2019annonces majeures\u00bb du chef de l\u2019Etat sur \u00abl\u2019effort de d\u00e9fense\u00bb pour r\u00e9armer la France. Le&hellip;\n","protected":false},"author":2,"featured_media":248503,"comment_status":"","ping_status":"","sticky":false,"template":"","format":"standard","meta":{"footnotes":""},"categories":[2],"tags":[11,1073,1011,27,1876,12,25,297],"class_list":{"0":"post-248502","1":"post","2":"type-post","3":"status-publish","4":"format-standard","5":"has-post-thumbnail","7":"category-actualites","8":"tag-actualites","9":"tag-emmanuel-macron","10":"tag-fr","11":"tag-france","12":"tag-ministere-de-la-defense","13":"tag-news","14":"tag-republique-francaise","15":"tag-ukraine-la-crise"},"share_on_mastodon":{"url":"https:\/\/pubeurope.com\/@fr\/114849416708113104","error":""},"_links":{"self":[{"href":"https:\/\/www.europesays.com\/fr\/wp-json\/wp\/v2\/posts\/248502","targetHints":{"allow":["GET"]}}],"collection":[{"href":"https:\/\/www.europesays.com\/fr\/wp-json\/wp\/v2\/posts"}],"about":[{"href":"https:\/\/www.europesays.com\/fr\/wp-json\/wp\/v2\/types\/post"}],"author":[{"embeddable":true,"href":"https:\/\/www.europesays.com\/fr\/wp-json\/wp\/v2\/users\/2"}],"replies":[{"embeddable":true,"href":"https:\/\/www.europesays.com\/fr\/wp-json\/wp\/v2\/comments?post=248502"}],"version-history":[{"count":0,"href":"https:\/\/www.europesays.com\/fr\/wp-json\/wp\/v2\/posts\/248502\/revisions"}],"wp:featuredmedia":[{"embeddable":true,"href":"https:\/\/www.europesays.com\/fr\/wp-json\/wp\/v2\/media\/248503"}],"wp:attachment":[{"href":"https:\/\/www.europesays.com\/fr\/wp-json\/wp\/v2\/media?parent=248502"}],"wp:term":[{"taxonomy":"category","embeddable":true,"href":"https:\/\/www.europesays.com\/fr\/wp-json\/wp\/v2\/categories?post=248502"},{"taxonomy":"post_tag","embeddable":true,"href":"https:\/\/www.europesays.com\/fr\/wp-json\/wp\/v2\/tags?post=248502"}],"curies":[{"name":"wp","href":"https:\/\/api.w.org\/{rel}","templated":true}]}}