{"id":248504,"date":"2025-07-14T03:16:16","date_gmt":"2025-07-14T03:16:16","guid":{"rendered":"https:\/\/www.europesays.com\/fr\/248504\/"},"modified":"2025-07-14T03:16:16","modified_gmt":"2025-07-14T03:16:16","slug":"tour-de-france-a-quelle-heure-et-sur-quelle-chaine-tv-voir-la-10e-etape-dennezat-a-mont-dore-puy-de-sancy","status":"publish","type":"post","link":"https:\/\/www.europesays.com\/fr\/248504\/","title":{"rendered":"Tour de France : \u00e0 quelle heure et sur quelle cha\u00eene TV voir la 10e \u00e9tape d\u2019Ennezat \u00e0 Mont-Dore Puy de Sancy ?"},"content":{"rendered":"<p class=\"paragraph text_align_left lp-f-body-02\">Premi\u00e8re journ\u00e9e de montagne : la dixi\u00e8me \u00e9tape du <a href=\"https:\/\/www.leparisien.fr\/sports\/cyclisme\/tour-de-france\/\" target=\"_blank\" rel=\"noreferrer nofollow noopener\">Tour de France<\/a>, lundi entre Ennezat et Mont-Dore Puy de Sancy, propose un festival de cols dans le Massif Central, pour un 14 Juillet qui s\u2019annonce explosif.<\/p>\n<p class=\"paragraph text_align_left lp-f-body-02\">Exceptionnellement, le premier jour de repos, traditionnellement fix\u00e9 au deuxi\u00e8me lundi de la Grande Boucle, a \u00e9t\u00e9 <a href=\"https:\/\/www.leparisien.fr\/sports\/cyclisme\/tour-de-france\/tour-de-france-pourquoi-les-coureurs-ne-sont-pas-au-repos-ce-lundi-13-07-2025-EAGXHTPLYBBTDPV74Y5K23B7QM.php\" target=\"_blank\" rel=\"noreferrer nofollow noopener\">d\u00e9cal\u00e9 au lendemain <\/a>pour proposer de la course en ce jour de f\u00eate nationale.<\/p>\n<p class=\"paragraph text_align_left lp-f-body-02\">Les Fran\u00e7ais voudront naturellement briller sur cette \u00e9tape. Cela fait huit ans et la victoire de Warren Barguil \u00e0 Foix en 2017 qu\u2019un repr\u00e9sentant national n\u2019a pas gagn\u00e9 un 14 juillet.<\/p>\n<p class=\"paragraph text_align_left lp-f-body-02\">Parmi les candidats \u00e0 sa succession figure le jeune grimpeur Lenny Martinez, qui a coch\u00e9 cette \u00e9tape depuis des mois, all\u00e9ch\u00e9 par les huit ascensions r\u00e9pertori\u00e9es.<\/p>\n<p class=\"paragraph text_align_left lp-f-body-02\">\u00ab On en a class\u00e9 sept en deuxi\u00e8me cat\u00e9gorie. C\u2019est un festival de cols \u00bb, d\u00e9taille aupr\u00e8s de l\u2019AFP le traceur du Tour Thierry Gouvenou, qui en fait son \u00ab \u00e9tape favorite \u00bb.<\/p>\n<p class=\"paragraph text_align_left lp-f-body-02\">Elle ne comprend pas de col insurmontable mais une succession de mont\u00e9es pour un parcours en dents de scie qualifi\u00e9 de \u00ab brutal \u00bb par Tadej Pogacar, avec un d\u00e9nivel\u00e9 positif de 4400 m\u00e8tres sur seulement 165 km et une arriv\u00e9e in\u00e9dite dans la station thermale auvergnate.<\/p>\n<p class=\"paragraph text_align_left lp-f-body-02\"><b>La 10e \u00e9tape entre Ennezat et Mont-Dore Puy de Sancy, ce lundi 14 juillet, sera \u00e0 suivre \u00e0 partir de 13h10 (d\u00e9part fictif) sur les antennes de France T\u00e9l\u00e9visions (France 2 et France 3) et Eurosport 1 ainsi qu\u2019en direct comment\u00e9 sur notre site leparisien.fr.<\/b><\/p>\n","protected":false},"excerpt":{"rendered":"Premi\u00e8re journ\u00e9e de montagne : la dixi\u00e8me \u00e9tape du Tour de France, lundi entre Ennezat et Mont-Dore Puy&hellip;\n","protected":false},"author":2,"featured_media":248505,"comment_status":"","ping_status":"","sticky":false,"template":"","format":"standard","meta":{"footnotes":""},"categories":[4],"tags":[11,207,459,1011,27,12,25,60,210],"class_list":{"0":"post-248504","1":"post","2":"type-post","3":"status-publish","4":"format-standard","5":"has-post-thumbnail","7":"category-france","8":"tag-actualites","9":"tag-cyclisme","10":"tag-departements-horsidfo","11":"tag-fr","12":"tag-france","13":"tag-news","14":"tag-republique-francaise","15":"tag-sports","16":"tag-tour-de-france"},"share_on_mastodon":{"url":"https:\/\/pubeurope.com\/@fr\/114849420631384274","error":""},"_links":{"self":[{"href":"https:\/\/www.europesays.com\/fr\/wp-json\/wp\/v2\/posts\/248504","targetHints":{"allow":["GET"]}}],"collection":[{"href":"https:\/\/www.europesays.com\/fr\/wp-json\/wp\/v2\/posts"}],"about":[{"href":"https:\/\/www.europesays.com\/fr\/wp-json\/wp\/v2\/types\/post"}],"author":[{"embeddable":true,"href":"https:\/\/www.europesays.com\/fr\/wp-json\/wp\/v2\/users\/2"}],"replies":[{"embeddable":true,"href":"https:\/\/www.europesays.com\/fr\/wp-json\/wp\/v2\/comments?post=248504"}],"version-history":[{"count":0,"href":"https:\/\/www.europesays.com\/fr\/wp-json\/wp\/v2\/posts\/248504\/revisions"}],"wp:featuredmedia":[{"embeddable":true,"href":"https:\/\/www.europesays.com\/fr\/wp-json\/wp\/v2\/media\/248505"}],"wp:attachment":[{"href":"https:\/\/www.europesays.com\/fr\/wp-json\/wp\/v2\/media?parent=248504"}],"wp:term":[{"taxonomy":"category","embeddable":true,"href":"https:\/\/www.europesays.com\/fr\/wp-json\/wp\/v2\/categories?post=248504"},{"taxonomy":"post_tag","embeddable":true,"href":"https:\/\/www.europesays.com\/fr\/wp-json\/wp\/v2\/tags?post=248504"}],"curies":[{"name":"wp","href":"https:\/\/api.w.org\/{rel}","templated":true}]}}