{"id":248506,"date":"2025-07-14T03:17:15","date_gmt":"2025-07-14T03:17:15","guid":{"rendered":"https:\/\/www.europesays.com\/fr\/248506\/"},"modified":"2025-07-14T03:17:15","modified_gmt":"2025-07-14T03:17:15","slug":"golf-la-pga-un-objectif-realiste-pour-les-golfeurs-quebecois-rds","status":"publish","type":"post","link":"https:\/\/www.europesays.com\/fr\/248506\/","title":{"rendered":"Golf : La PGA, un objectif r\u00e9aliste pour les golfeurs qu\u00e9b\u00e9cois ? &#8211; RDS"},"content":{"rendered":"<ol>\n<li><a href=\"https:\/\/news.google.com\/rss\/articles\/CBMinAFBVV95cUxPLU4yTmJPSHRuRGxXVDdlOTIyZ213WEZlekVHdk5LN3dXNTM1aWRVZ3Y0VGNjUHdHTjVIalNuMlJGTnlSbU1KN1FHemtJOWhpQzhjWDV5eFdKNWpXRWp6VXpsN0diWDdhU1lRNFptYTlwRUdNNng3Szc2LUxmTU8wT21kRmVVRGh4WWtuZVM2czFfbGxfeTNrMUdNd3A?oc=5\" target=\"_blank\" rel=\"noopener\">Golf : La PGA, un objectif r\u00e9aliste pour les golfeurs qu\u00e9b\u00e9cois ?<\/a>&nbsp;&nbsp;RDS<\/li>\n<li><a href=\"https:\/\/news.google.com\/rss\/articles\/CBMiwAFBVV95cUxPRHFsNXkyZGpHeUlkV0d0enUxcmQya242OEtBZE1ZOVdCODVnWFpJaUF2bHllZEE5X1NRY3V2QXUxenpZYmtuNUI2VTJzWm90TmZwVVVLVjY3VThlMEhnRHNKNDhTZWl1cTFBam9aTWhIS3l5TnpJc0txMEdWdFhFeDR5bzVaaEhtVHpoTHFndVhVSzBQdGxEWGRrQmY1QmhPVXZsTXNQT3pqdUh6X1NDOWRSUHBWeU1wdElnSDlxQkE?oc=5\" target=\"_blank\" rel=\"noopener\">Vincent Mucci est le nouveau champion du Duc de Kent<\/a>&nbsp;&nbsp;Le Soleil<\/li>\n<li><a href=\"https:\/\/news.google.com\/rss\/articles\/CBMisgFBVV95cUxNYU9XYjJnU3lzYTFXVnZpbl9iZkYyX2JjNkRpbUVRYWFhNkdmR2h4S1piV2gxM1dLUl8zMlNRWDVseksyZV85cTdjVjZNTG80UDNqVUQ4ejJzMnp6bUNTYld2ZWZLOHU5U2pJUFBXTV8yVmlYUjREeEdXdEZybUhNZWUxUjlzRlF2MkNWWUdwaFI4a1IyZHMxSzc0cC1LV3gxdHAwWndlY2g0aHdCc0tEOWVR?oc=5\" target=\"_blank\" rel=\"noopener\">Au lendemain de fortes pluies: quelques cas survenus au Duc de Kent<\/a>&nbsp;&nbsp;Golf Media-info en Ligne<\/li>\n<li><a href=\"https:\/\/news.google.com\/rss\/articles\/CBMivAFBVV95cUxOSktlUXp2Wms3d0YxNWpGR3llN2RFVzFxSzV1ODhST3NpZzFjTnBVMkR3NEVDbUozaV84VHFydTFGR0VKeTFCaTlVd2dhNHk4WExBcnZPWkF6Vy04OW1Ubl9fX3F3c0c3SVkzMTRsOEdUM0ZlVVJLTWV5TTUzOE9Da3FRdlFGWEpOaXdYY3lSYmFmYUdjX0ZVa3gyc0poSmFKMnROTUlKUlZiNU9uY1NiNWR2VXRPc0VpNTEzTQ?oc=5\" target=\"_blank\" rel=\"noopener\">La PGA est-elle \u00e0 la port\u00e9e de certains golfeurs Qu\u00e9b\u00e9cois dans les prochaines ann\u00e9es?<\/a>&nbsp;&nbsp;RDS<\/li>\n<li><a href=\"https:\/\/news.google.com\/rss\/articles\/CBMiakFVX3lxTE51TUJja0dnZGQxbW1nV081TF9rNG1zaUlGVWtteXJuLVhTYW51Qzd4TDdEd1Blb0Y3c2pLdnVtbHRsV21XU2J1cnpldTJWdWFuOHBJdWVFUjBxUXdTcHlVWHF3Ymx5dnNqMEE?oc=5\" target=\"_blank\" rel=\"noopener\">Si bons et pourtant\u2026<\/a>&nbsp;&nbsp;Golf Media-info en Ligne<\/li>\n<\/ol>\n","protected":false},"excerpt":{"rendered":"Golf : La PGA, un objectif r\u00e9aliste pour les golfeurs qu\u00e9b\u00e9cois ?&nbsp;&nbsp;RDS Vincent Mucci est le nouveau champion&hellip;\n","protected":false},"author":2,"featured_media":248507,"comment_status":"","ping_status":"","sticky":false,"template":"","format":"standard","meta":{"footnotes":""},"categories":[1418],"tags":[1011,27,1472,8188,60],"class_list":{"0":"post-248506","1":"post","2":"type-post","3":"status-publish","4":"format-standard","5":"has-post-thumbnail","7":"category-golf","8":"tag-fr","9":"tag-france","10":"tag-golf","11":"tag-pga","12":"tag-sports"},"share_on_mastodon":{"url":"https:\/\/pubeurope.com\/@fr\/114849424480414538","error":""},"_links":{"self":[{"href":"https:\/\/www.europesays.com\/fr\/wp-json\/wp\/v2\/posts\/248506","targetHints":{"allow":["GET"]}}],"collection":[{"href":"https:\/\/www.europesays.com\/fr\/wp-json\/wp\/v2\/posts"}],"about":[{"href":"https:\/\/www.europesays.com\/fr\/wp-json\/wp\/v2\/types\/post"}],"author":[{"embeddable":true,"href":"https:\/\/www.europesays.com\/fr\/wp-json\/wp\/v2\/users\/2"}],"replies":[{"embeddable":true,"href":"https:\/\/www.europesays.com\/fr\/wp-json\/wp\/v2\/comments?post=248506"}],"version-history":[{"count":0,"href":"https:\/\/www.europesays.com\/fr\/wp-json\/wp\/v2\/posts\/248506\/revisions"}],"wp:featuredmedia":[{"embeddable":true,"href":"https:\/\/www.europesays.com\/fr\/wp-json\/wp\/v2\/media\/248507"}],"wp:attachment":[{"href":"https:\/\/www.europesays.com\/fr\/wp-json\/wp\/v2\/media?parent=248506"}],"wp:term":[{"taxonomy":"category","embeddable":true,"href":"https:\/\/www.europesays.com\/fr\/wp-json\/wp\/v2\/categories?post=248506"},{"taxonomy":"post_tag","embeddable":true,"href":"https:\/\/www.europesays.com\/fr\/wp-json\/wp\/v2\/tags?post=248506"}],"curies":[{"name":"wp","href":"https:\/\/api.w.org\/{rel}","templated":true}]}}