{"id":248511,"date":"2025-07-14T03:22:09","date_gmt":"2025-07-14T03:22:09","guid":{"rendered":"https:\/\/www.europesays.com\/fr\/248511\/"},"modified":"2025-07-14T03:22:09","modified_gmt":"2025-07-14T03:22:09","slug":"programme-horaires-brno-gp-tchequie-2","status":"publish","type":"post","link":"https:\/\/www.europesays.com\/fr\/248511\/","title":{"rendered":"Programme \/ Horaires Brno (GP Tch\u00e9quie)"},"content":{"rendered":"<p>&#13;<\/p>\n<p><strong>Le Grand Prix moto de Tch\u00e9quie 2025 se d\u00e9roule du 18 au 20 juillet \u00e0 Brno. Voici le programme et les horaires du week-end !<\/strong><\/p>\n<p>Le Grand Prix est \u00e0 suivre sur les antennes du groupe Canal+ (France) et de <strong>LN24 Sports <\/strong>(Belgique).<\/p>\n<p><strong>Vendredi 18 juillet :<\/strong><br \/>9h00 &#8211; 9h35 : Moto3, Essais Libres 1<br \/>9h50 &#8211; 10h30 : Moto2, Essais Libres 1<br \/>10h45 &#8211; 11h30 : MotoGP, Essais Libres 1<\/p>\n<p>13h15 &#8211; 13h50 : Moto3, Essais<br \/>14h05 &#8211; 14h45 : Moto2, Essais<br \/>15h00 &#8211; 16h00 : MotoGP, Essais<\/p>\n<p><strong>Samedi 19 juillet :<\/strong><br \/>8h40 &#8211; 9h10 : Moto3, Essais Libres 2<br \/>9h25 &#8211; 9h55 : Moto2, Essais Libres 2<br \/>10h10 &#8211; 10h40 : MotoGP, Essais Libres 2<br \/>10h50 &#8211; 11h05 : MotoGP, Q1<br \/>11h15 &#8211; 11h30 : MotoGP, Q2<\/p>\n<p>12h50 &#8211; 13h05 : Moto3, Q1<br \/>13h15 &#8211; 13h30 : Moto3, Q2<br \/>13h45 &#8211; 14h00 : Moto2, Q1<br \/>14h10 &#8211; 14h25 : Moto2, Q2<br \/>15h00 : MotoGP, Sprint (10 tours)<\/p>\n<p><strong>Dimanche 20 juillet :<\/strong><br \/>9h40 &#8211; 9h50 : MotoGP, Warm Up<br \/>11h00 : Moto3, Course (16 tours)<br \/>12h15 : Moto2, Course (18 tours)<br \/>14h00 : MotoGP, Course (21 tours)<\/p>\n<p>&#13;<br \/>\n           &#13;<br \/>\n&#13;<br \/>\n    &#13;<br \/>\n    &#13;<\/p>\n","protected":false},"excerpt":{"rendered":"&#13; Le Grand Prix moto de Tch\u00e9quie 2025 se d\u00e9roule du 18 au 20 juillet \u00e0 Brno. Voici&hellip;\n","protected":false},"author":2,"featured_media":247747,"comment_status":"","ping_status":"","sticky":false,"template":"","format":"standard","meta":{"footnotes":""},"categories":[1413],"tags":[1011,27,1457,1456,60],"class_list":{"0":"post-248511","1":"post","2":"type-post","3":"status-publish","4":"format-standard","5":"has-post-thumbnail","7":"category-moto","8":"tag-fr","9":"tag-france","10":"tag-moto","11":"tag-motocycle","12":"tag-sports"},"share_on_mastodon":{"url":"https:\/\/pubeurope.com\/@fr\/114849444216601927","error":""},"_links":{"self":[{"href":"https:\/\/www.europesays.com\/fr\/wp-json\/wp\/v2\/posts\/248511","targetHints":{"allow":["GET"]}}],"collection":[{"href":"https:\/\/www.europesays.com\/fr\/wp-json\/wp\/v2\/posts"}],"about":[{"href":"https:\/\/www.europesays.com\/fr\/wp-json\/wp\/v2\/types\/post"}],"author":[{"embeddable":true,"href":"https:\/\/www.europesays.com\/fr\/wp-json\/wp\/v2\/users\/2"}],"replies":[{"embeddable":true,"href":"https:\/\/www.europesays.com\/fr\/wp-json\/wp\/v2\/comments?post=248511"}],"version-history":[{"count":0,"href":"https:\/\/www.europesays.com\/fr\/wp-json\/wp\/v2\/posts\/248511\/revisions"}],"wp:featuredmedia":[{"embeddable":true,"href":"https:\/\/www.europesays.com\/fr\/wp-json\/wp\/v2\/media\/247747"}],"wp:attachment":[{"href":"https:\/\/www.europesays.com\/fr\/wp-json\/wp\/v2\/media?parent=248511"}],"wp:term":[{"taxonomy":"category","embeddable":true,"href":"https:\/\/www.europesays.com\/fr\/wp-json\/wp\/v2\/categories?post=248511"},{"taxonomy":"post_tag","embeddable":true,"href":"https:\/\/www.europesays.com\/fr\/wp-json\/wp\/v2\/tags?post=248511"}],"curies":[{"name":"wp","href":"https:\/\/api.w.org\/{rel}","templated":true}]}}