{"id":248514,"date":"2025-07-14T03:24:11","date_gmt":"2025-07-14T03:24:11","guid":{"rendered":"https:\/\/www.europesays.com\/fr\/248514\/"},"modified":"2025-07-14T03:24:11","modified_gmt":"2025-07-14T03:24:11","slug":"tdf-tour-de-france-la-10e-etape-feu-dartifice-francais-au-mont-dore-le-parcours","status":"publish","type":"post","link":"https:\/\/www.europesays.com\/fr\/248514\/","title":{"rendered":"TDF. Tour de France &#8211; La 10e \u00e9tape&#8230; feu d&rsquo;artifice fran\u00e7ais au Mont-Dore ? Le parcours"},"content":{"rendered":"<p>La 10e \u00e9tape du <a href=\"https:\/\/www.cyclismactu.net\/..\/news-tdf-route-tour-de-france-tim-merlier-s-offre-9e-etape-mathieu-van-der-poel-crucifie-88929.html\" target=\"_blank\" rel=\"nofollow noopener\"><strong>Tour de France<\/strong><\/a>, disput\u00e9e ce lundi 14 juillet entre Ennezat et Le Mont-Dore (165,3 km), s\u2019annonce comme un tournant dans la course au Maillot Jaune. Avec 4 450 m\u00e8tres de d\u00e9nivel\u00e9 positif et une succession quasi ininterrompue de mont\u00e9es, c\u2019est la premi\u00e8re grande \u00e9tape de montagne de cette \u00e9dition. D\u00e8s les premiers kilom\u00e8tres, les coureurs grimperont la C\u00f4te de Loubeyrat (4,1 km \u00e0 6,3 %), lan\u00e7ant une journ\u00e9e propice aux \u00e9chapp\u00e9es. La suite du parcours alternera c\u00f4tes pi\u00e9geuses et ascensions soutenues, comme la C\u00f4te de la Baraque, de Charade et de Berzet, toutes class\u00e9es en 2\u1d49 cat\u00e9gorie. Le final sera particuli\u00e8rement exigeant avec une s\u00e9rie de cols (Gu\u00e9ry, Croix-Morand, Croix Saint-Robert) avant une descente technique et la mont\u00e9e finale vers Le Mont-Dore (3,3 km \u00e0 8 %), id\u00e9ale pour d\u00e9clencher des attaques parmi les leaders. L&rsquo;\u00e9tape promet du mouvement, des \u00e9carts et peut-\u00eatre des surprises avant la journ\u00e9e de repos.<\/p>\n<p>Vid\u00e9o &#8211; Mauro Gianetti, manager d&rsquo;UAE, \u00e9voque cette 10e \u00e9tape Lire la suite de l&rsquo;article&#13;<\/p>\n<p>\u00a0<\/p>\n<p>&#13;<br \/>\nLes favoris&#8230; ou une \u00e9chapp\u00e9e&#13;<\/p>\n<p><strong>Tadej Pogacar <\/strong>(UAE Team Emirates XRG), en jaune et en confiance, est le favori logique de cette \u00e9tape taill\u00e9e pour les grimpeurs explosifs. Sans <strong>Joao Almeida<\/strong> pour l\u2019\u00e9pauler, le Slov\u00e8ne devra g\u00e9rer avec une \u00e9quipe amoindrie, mais il a souvent prouv\u00e9 qu\u2019il savait dominer m\u00eame en solo. <strong>Jonas Vingegaard<\/strong> (Visma | Lease a Bike), pourrait attendre le moment opportun pour frapper, aid\u00e9 par un <strong>Matteo Jorgenson<\/strong> en forme. <strong>Remco Evenepoel<\/strong> (Soudal Quick-Step) pourrait lui aussi se montrer offensif.<\/p>\n<p>&#13;<\/p>\n<p>En ce 14 juillet, les Fran\u00e7ais seront surmotiv\u00e9s ! <strong>K\u00e9vin Vauquelin<\/strong> (Ark\u00e9a-B&amp;B Hotels), <strong>Julian Alaphilippe<\/strong> (Tudor), <strong>Romain Gr\u00e9goire<\/strong> (Groupama-FDJ) ou <strong>Lenny Martinez<\/strong> (Bahrain victorious) pourraient animer la course, sur un trac\u00e9 o\u00f9 l&rsquo;\u00e9chapp\u00e9e a de grandes chances de victoire.<\/p>\n<p>&#13;<\/p>\n<p>\u00a0<\/p>\n<p>&#13;<br \/>\n<strong>Le parcours de la 10e \u00e9tape<\/strong>&#13;<\/p>\n<p>&#8211; Lundi 14 juillet \u2013\u00a0<strong>\u00c9tape 10<\/strong>\u00a0:\u00a0\u00a0Ennezat \u2013 Le Mont-Dore Puy de Sancy \/ 165,3 km<\/p>\n<p>&#13;<\/p>\n<p><img decoding=\"async\" src=\"https:\/\/www.europesays.com\/fr\/wp-content\/uploads\/2025\/07\/tourdf10.jpg\" style=\"max-width:100%;max-height:100%;\" alt=\"image\" loading=\"lazy\"\/><\/p>\n<p>&#13;<\/p>\n<p>\u00a0<\/p>\n<p>&#13;<br \/>\nLa liste de d\u00e9part de ce <strong>Tour de France 2025,\u00a0<\/strong>c&rsquo;est\u00a0<strong style=\"font-size: 10px;\"><a href=\"https:\/\/www.cyclismactu.net\/..\/news-tdf-route-tour-de-france-la-startlist-du-tour-de-france-184-coureurs-depart-88207.html\" target=\"_blank\" rel=\"nofollow noopener\">\u00e0 retrouver ICI en cliquant sur ce lien<\/a><\/strong> !Tour de France &#8211; Classement g\u00e9n\u00e9ral provisoire apr\u00e8s la 9\u00e8 \u00e9tape<\/p>\n","protected":false},"excerpt":{"rendered":"La 10e \u00e9tape du Tour de France, disput\u00e9e ce lundi 14 juillet entre Ennezat et Le Mont-Dore (165,3&hellip;\n","protected":false},"author":2,"featured_media":248515,"comment_status":"","ping_status":"","sticky":false,"template":"","format":"standard","meta":{"footnotes":""},"categories":[1411],"tags":[1154,207,211,1011,27,209,60,210,212,208,213],"class_list":{"0":"post-248514","1":"post","2":"type-post","3":"status-publish","4":"format-standard","5":"has-post-thumbnail","7":"category-cyclisme","8":"tag-cycling","9":"tag-cyclisme","10":"tag-ffc","11":"tag-fr","12":"tag-france","13":"tag-route","14":"tag-sports","15":"tag-tour-de-france","16":"tag-uci","17":"tag-velo","18":"tag-world-tour"},"share_on_mastodon":{"url":"https:\/\/pubeurope.com\/@fr\/114849452124834875","error":""},"_links":{"self":[{"href":"https:\/\/www.europesays.com\/fr\/wp-json\/wp\/v2\/posts\/248514","targetHints":{"allow":["GET"]}}],"collection":[{"href":"https:\/\/www.europesays.com\/fr\/wp-json\/wp\/v2\/posts"}],"about":[{"href":"https:\/\/www.europesays.com\/fr\/wp-json\/wp\/v2\/types\/post"}],"author":[{"embeddable":true,"href":"https:\/\/www.europesays.com\/fr\/wp-json\/wp\/v2\/users\/2"}],"replies":[{"embeddable":true,"href":"https:\/\/www.europesays.com\/fr\/wp-json\/wp\/v2\/comments?post=248514"}],"version-history":[{"count":0,"href":"https:\/\/www.europesays.com\/fr\/wp-json\/wp\/v2\/posts\/248514\/revisions"}],"wp:featuredmedia":[{"embeddable":true,"href":"https:\/\/www.europesays.com\/fr\/wp-json\/wp\/v2\/media\/248515"}],"wp:attachment":[{"href":"https:\/\/www.europesays.com\/fr\/wp-json\/wp\/v2\/media?parent=248514"}],"wp:term":[{"taxonomy":"category","embeddable":true,"href":"https:\/\/www.europesays.com\/fr\/wp-json\/wp\/v2\/categories?post=248514"},{"taxonomy":"post_tag","embeddable":true,"href":"https:\/\/www.europesays.com\/fr\/wp-json\/wp\/v2\/tags?post=248514"}],"curies":[{"name":"wp","href":"https:\/\/api.w.org\/{rel}","templated":true}]}}