{"id":248518,"date":"2025-07-14T03:26:10","date_gmt":"2025-07-14T03:26:10","guid":{"rendered":"https:\/\/www.europesays.com\/fr\/248518\/"},"modified":"2025-07-14T03:26:10","modified_gmt":"2025-07-14T03:26:10","slug":"donald-et-melania-trump-spectateurs-pas-si-surprenants-de-la-finale-de-la-coupe-du-monde-des-clubs-opposant-le-psg-a-chelsea","status":"publish","type":"post","link":"https:\/\/www.europesays.com\/fr\/248518\/","title":{"rendered":"Donald et Melania Trump, spectateurs (pas si) surprenants de la finale de la Coupe du Monde des clubs opposant le PSG \u00e0 Chelsea"},"content":{"rendered":"<p>Spectateurs pr\u00e9sidentiels am\u00e9ricains pour une finale entre Europ\u00e9ens. Dimanche, <strong>Donald<\/strong> et <a href=\"https:\/\/www.vanityfair.fr\/dossier\/melania-trump\" isautogenerated=\"true\" rel=\"nofollow noopener\" target=\"_blank\"><strong>Melania Trump<\/strong><\/a> ont \u00e9t\u00e9 photographi\u00e9s dans les loges du Metlife Stadium de East Rutherford, dans le New Jersey, \u00e0 une heure de route du club de golf Trump de Bedminster. Le pr\u00e9sident am\u00e9ricain et son \u00e9pouse ont pris place aux c\u00f4t\u00e9s de <strong>Gianni Infantino<\/strong>, le patron de la FIFA, pour assister \u00e0 la finale de la Coupe du Monde des clubs entre Chelsea et le PSG.<\/p>\n<p>Avant le match, qui a \u00e9t\u00e9 d\u00e9cal\u00e9 tant l&rsquo;acc\u00e8s au stade a \u00e9t\u00e9 compliqu\u00e9 pour les spectateurs, un show \u00e0 l&rsquo;am\u00e9ricaine a eu lieu, avec deux autres acteurs europ\u00e9ens : <strong>Robbie Williams<\/strong> et <strong>Laura Pausini<\/strong> se sont produits au centre du terrain. Melania Trump, qui portait une paire de lunettes de soleil blanche \u00e0 verres r\u00e9fl\u00e9chissants, les a-t-elle bien vus ?<\/p>\n<p>Robbie Williams et Laura Pausini.<\/p>\n<p>Hector Vivas &#8211; FIFA\/Getty Images<\/p>\n<p>Robbie Williams et Laura Pausini.<\/p>\n<p>Patrick Smith &#8211; FIFA\/Getty Images<\/p>\n<p>Cela fait un mois que les meilleurs clubs du monde s&rsquo;affrontent dans cette comp\u00e9tition organis\u00e9e aux \u00c9tats-Unis. Si le soccer prend son envol dans le pays, il faut encore marquer sa pr\u00e9sence sur la carte mondiale du football, notamment avant la Coupe du monde de l&rsquo;ann\u00e9e prochaine, qui sera organis\u00e9e entre les \u00c9tats-Unis et le Canada \u2013 et <a href=\"https:\/\/www.vanityfair.fr\/article\/jd-vance-plaisante-a-propos-dexpulser-les-touristes-qui-assisteront-a-la-coupe-du-monde-2026-et-personne-ne-rit\" rel=\"nofollow noopener\" target=\"_blank\">qui inqui\u00e8te d\u00e9j\u00e0 tant la politique migratoire s&rsquo;est durcie<\/a> depuis le d\u00e9but du nouveau mandat Trump. Sur les 32 clubs venus des six continents, trois repr\u00e9sentaient les \u00c9tats-Unis : les Sounders de Seattle (que le Paris Saint-Germain a battu), le Los Angeles FC et l&rsquo;Inter Miami, le club dont <a href=\"https:\/\/www.vanityfair.fr\/dossier\/david-beckham\" isautogenerated=\"true\" rel=\"nofollow noopener\" target=\"_blank\"><strong>David Beckham<\/strong><\/a> est co-propri\u00e9taire et qui compte parmi ses rangs un certain <strong>Lionel Messi<\/strong>.<\/p>\n<p><a href=\"https:\/\/www.vanityfair.fr\/dossier\/donald-trump\" isautogenerated=\"true\" rel=\"nofollow noopener\" target=\"_blank\">Donald Trump<\/a> a rapidement pr\u00eat\u00e9 attention \u00e0 ce tournoi qui conclut une saison bien longue pour tous les joueurs. \u00c0 la mi-juin, il a m\u00eame re\u00e7u les joueurs de la Juventus de Turin dans le Bureau ovale avec Gianni Infantino. Ce dernier \u00e9tait d\u00e9j\u00e0 pr\u00e9sent \u00e0 la <a href=\"https:\/\/www.vanityfair.fr\/dossier\/maison-blanche\" isautogenerated=\"true\" rel=\"nofollow noopener\" target=\"_blank\">Maison-Blanche<\/a> un mois plus t\u00f4t pour une rencontre de la FIFA Task Force, au cours de laquelle il avait pr\u00e9sent\u00e9 le troph\u00e9e de la fameuse Coupe du monde des clubs au pr\u00e9sident am\u00e9ricain.<\/p>\n<p>Gianni Infantino et Donald Trump, en 2018.<\/p>\n<p>Bloomberg\/Getty Images<\/p>\n<p>Donald Trump et Gianni Infantino, en mai 2025.<\/p>\n<p>Bloomberg\/Getty Images<\/p>\n<p>Et de nouveau, en juin 2025.<\/p>\n<p>Bloomberg\/Getty Images<\/p>\n<p>Les deux hommes se connaissent bien : le pr\u00e9sident de la FIFA s&rsquo;\u00e9tait d\u00e9j\u00e0 rendu dans le Bureau ovale en 2018, lors de l&rsquo;annonce de la tenue de la Coupe du monde aux \u00c9tats-Unis. Il avait alors offert un maillot floqu\u00e9 du patronyme Trump et de 45, comme le 45e pr\u00e9sident des \u00c9tats-Unis, au locataire de la Maison-Blanche, qui a depuis re\u00e7u la version 47, mise \u00e0 jour apr\u00e8s sa r\u00e9\u00e9lection.<\/p>\n","protected":false},"excerpt":{"rendered":"Spectateurs pr\u00e9sidentiels am\u00e9ricains pour une finale entre Europ\u00e9ens. Dimanche, Donald et Melania Trump ont \u00e9t\u00e9 photographi\u00e9s dans les&hellip;\n","protected":false},"author":2,"featured_media":248519,"comment_status":"","ping_status":"","sticky":false,"template":"","format":"standard","meta":{"footnotes":""},"categories":[1359],"tags":[58,75,59,1011,27,21831,973],"class_list":{"0":"post-248518","1":"post","2":"type-post","3":"status-publish","4":"format-standard","5":"has-post-thumbnail","7":"category-people","8":"tag-divertissement","9":"tag-donald-trump","10":"tag-entertainment","11":"tag-fr","12":"tag-france","13":"tag-melania-trump","14":"tag-people"},"share_on_mastodon":{"url":"https:\/\/pubeurope.com\/@fr\/114849459873029611","error":""},"_links":{"self":[{"href":"https:\/\/www.europesays.com\/fr\/wp-json\/wp\/v2\/posts\/248518","targetHints":{"allow":["GET"]}}],"collection":[{"href":"https:\/\/www.europesays.com\/fr\/wp-json\/wp\/v2\/posts"}],"about":[{"href":"https:\/\/www.europesays.com\/fr\/wp-json\/wp\/v2\/types\/post"}],"author":[{"embeddable":true,"href":"https:\/\/www.europesays.com\/fr\/wp-json\/wp\/v2\/users\/2"}],"replies":[{"embeddable":true,"href":"https:\/\/www.europesays.com\/fr\/wp-json\/wp\/v2\/comments?post=248518"}],"version-history":[{"count":0,"href":"https:\/\/www.europesays.com\/fr\/wp-json\/wp\/v2\/posts\/248518\/revisions"}],"wp:featuredmedia":[{"embeddable":true,"href":"https:\/\/www.europesays.com\/fr\/wp-json\/wp\/v2\/media\/248519"}],"wp:attachment":[{"href":"https:\/\/www.europesays.com\/fr\/wp-json\/wp\/v2\/media?parent=248518"}],"wp:term":[{"taxonomy":"category","embeddable":true,"href":"https:\/\/www.europesays.com\/fr\/wp-json\/wp\/v2\/categories?post=248518"},{"taxonomy":"post_tag","embeddable":true,"href":"https:\/\/www.europesays.com\/fr\/wp-json\/wp\/v2\/tags?post=248518"}],"curies":[{"name":"wp","href":"https:\/\/api.w.org\/{rel}","templated":true}]}}