{"id":248522,"date":"2025-07-14T03:29:12","date_gmt":"2025-07-14T03:29:12","guid":{"rendered":"https:\/\/www.europesays.com\/fr\/248522\/"},"modified":"2025-07-14T03:29:12","modified_gmt":"2025-07-14T03:29:12","slug":"en-direct-celebrations-du-14-juillet-suivez-notre-emission-speciale-sur-tf1-tf1-et-lci","status":"publish","type":"post","link":"https:\/\/www.europesays.com\/fr\/248522\/","title":{"rendered":"EN DIRECT &#8211; C\u00e9l\u00e9brations du 14-Juillet\u00a0: suivez notre \u00e9mission sp\u00e9ciale sur TF1, TF1+ et LCI"},"content":{"rendered":"<ul class=\"jsx-862013697 ArticleChapo__List\">\n<li class=\"jsx-862013697 ArticleChapo__List_Item flex\">Ce lundi 14 juillet, TF1 propose une \u00e9mission exceptionnelle en direct et en co-diffusion sur LCI (canal 15), ainsi que sur TF1+.<\/li>\n<li class=\"jsx-862013697 ArticleChapo__List_Item flex\">Anne-Claire Coudray, Marie-Sophie Lacarrau, Gilles Bouleau ou encore Bruce Toussaint se succ\u00e8deront tout au long de la matin\u00e9e.<\/li>\n<li class=\"jsx-862013697 ArticleChapo__List_Item flex\">En apesanteur, en chute libre \u00e0 8.000 m\u00e8tres d&rsquo;altitude ou dans les Rafale de l&rsquo;arm\u00e9e de l&rsquo;Air et de l&rsquo;Espace, nos journalistes rel\u00e8veront des d\u00e9fis de taille avec, en point d&rsquo;orgue, le traditionnel d\u00e9fil\u00e9 militaire sur les Champs-\u00c9lys\u00e9es.<\/li>\n<\/ul>\n<p><a href=\"https:\/\/www.tf1info.fr\/emissions\/tf1\/14-juillet-l-edition-speciale-sur-tf1-et-lci-12158\/\" rel=\"noopener\" class=\"jsx-484472199 Link jsx-1428418400 jsx-640816507\" target=\"_blank\"><\/p>\n<p style=\"font-weight:400\" class=\"jsx-1837267516\">Suivez la couverture compl\u00e8te<\/p>\n<p style=\"font-weight:800\" class=\"jsx-1837267516\">14 Juillet : le d\u00e9fil\u00e9 <\/p>\n<p><\/a><\/p>\n<p data-module=\"article-paragraph\" class=\"jsx-3046738180 Paragraph\">Ce lundi 14 juillet 2025, TF1 prend de la hauteur. Tout au long de la matin\u00e9e, Anne-Claire Coudray, Marie-Sophie Lacarrau, Gilles Bouleau, Bruce Toussaint ainsi que l&rsquo;ensemble des envoy\u00e9s sp\u00e9ciaux des r\u00e9dactions de TF1 et LCI vous feront vivre un moment unique \u00e0 l&rsquo;occasion des comm\u00e9morations du 14-Juillet autour du traditionnel d\u00e9fil\u00e9 militaire.<\/p>\n<p data-module=\"article-paragraph\" class=\"jsx-3046738180 Paragraph\">Au menu : de nombreuses s\u00e9quences in\u00e9dites autour des innovations dans l&rsquo;arm\u00e9e et, en point d&rsquo;orgue, le grand d\u00e9fil\u00e9 sur les Champs-\u00c9lys\u00e9es, avec comme invit\u00e9 d\u2019honneur le com\u00e9dien Tomer Sisley. Ce dernier participera notamment \u00e0 une op\u00e9ration d\u2019exfiltration impressionnante au-dessus du ch\u00e2teau de Versailles, avec les gendarmes d\u2019\u00e9lite.<\/p>\n<p data-module=\"article-paragraph\" class=\"jsx-3046738180 Paragraph Paragraph__End\">Bruce Toussaint ouvrira cette \u00e9dition sp\u00e9ciale \u00e0 6h en direct de l&rsquo;Arc de Triomphe. Gilles Bouleau survolera ensuite Paris et les Champs-\u00c9lys\u00e9es en h\u00e9licopt\u00e8re. Anne-Claire Coudray se retrouvera quant \u00e0 elle en \u00ab\u00a0apesanteur\u00a0\u00bb, lors d&rsquo;un <a href=\"https:\/\/www.tf1info.fr\/replay-tf1\/videos\/video-embarquez-avec-anne-claire-coudray-pour-un-vol-parabolique-34839-2382484.html\" target=\"_blank\" rel=\"noopener\">vol parabolique (nouvelle fen\u00eatre)<\/a>, tandis que Marie-Sophie Lacarrau se joindra aux \u00e9quipes de <a href=\"https:\/\/www.tf1info.fr\/international\/videos\/video-14-juillet-le-defile-marie-sophie-lacarrau-le-grand-saut-sous-oxygene-47711-2382338.html\" target=\"_blank\" rel=\"noopener\">commandos parachutistes (nouvelle fen\u00eatre)<\/a>, pour effectuer un saut \u00e0 tr\u00e8s haute altitude, sous oxyg\u00e8ne.<\/p>\n<p><a href=\"https:\/\/www.tf1info.fr\/traditions-et-patrimoine\/video-defile-champs-elysees-dans-les-coulisses-des-repetitions-a-quelques-jours-du-14-juillet-2382096.html\" rel=\"noopener\" class=\"jsx-3308031228 Link flex\" target=\"_blank\"><img decoding=\"async\" src=\"https:\/\/www.europesays.com\/fr\/wp-content\/uploads\/2025\/07\/repetitions-14-juillet-2025-e70063-0@1x.jpeg\" alt=\"AFP\" loading=\"lazy\" importance=\"low\" fetchpriority=\"low\" class=\"\" aria-hidden=\"true\"\/><\/p>\n<p class=\"jsx-3657663356 ReadMoreArticle__Title\">Lire aussi<\/p>\n<p class=\"jsx-3657663356\">VID\u00c9O &#8211; D\u00e9fil\u00e9 du 14-Juillet : dans les coulisses des r\u00e9p\u00e9titions<\/p>\n<p><\/a>En immersion<\/p>\n<p data-module=\"article-paragraph\" class=\"jsx-3046738180 Paragraph\"><a href=\"https:\/\/www.tf1info.fr\/societe\/videos\/video-denis-brogniart-sur-tous-les-fronts-cet-ete-93017-2382086.html\" target=\"_blank\" rel=\"noopener\">Denis Brogniart<\/a> sera \u00e9galement en direct depuis le QG du GIGN pour une mission spectaculaire et in\u00e9dite. Quant \u00e0 Jean-Baptiste Boursier, il d\u00e9filera \u00e0 bord d\u2019un Alpha Jet de la Patrouille de France et livrera ses impressions quand il survolera les Champs-\u00c9lys\u00e9es.<\/p>\n<p data-module=\"article-paragraph\" class=\"jsx-3046738180 Paragraph\">\u00a0<\/p>\n<p data-module=\"article-paragraph\" class=\"jsx-3046738180 Paragraph Paragraph__End\">Fran\u00e7ois-Xavier M\u00e9nage sera pour sa part en immersion dans le tr\u00e8s ferm\u00e9 \u00ab\u00a0Centre d&rsquo;entra\u00eenement au combat\u00a0\u00bb des capitaines de l\u2019arm\u00e9e de Terre, dans la r\u00e9gion Grand-Est. Il fera vivre aux t\u00e9l\u00e9spectateurs l&rsquo;entra\u00eenement des forces arm\u00e9es dans les tranch\u00e9es, comme s\u2019ils y \u00e9taient.<\/p>\n<p data-module=\"article-paragraph\" class=\"jsx-3046738180 Paragraph Paragraph__End\"><strong>Un \u00e9v\u00e9nement \u00e0 suivre sur TF1, en co-diffusion sur LCI d\u00e8s 6h, sur TF1 +, dans ce direct ainsi que sur les r\u00e9seaux sociaux de TF1info.<\/strong><\/p>\n<p>La r\u00e9daction de TF1info<\/p>\n","protected":false},"excerpt":{"rendered":"Ce lundi 14 juillet, TF1 propose une \u00e9mission exceptionnelle en direct et en co-diffusion sur LCI (canal 15),&hellip;\n","protected":false},"author":2,"featured_media":248523,"comment_status":"","ping_status":"","sticky":false,"template":"","format":"standard","meta":{"footnotes":""},"categories":[1356],"tags":[10915,38891,1111,11,27438,1921,6779,681,58,59,1011,27,19839,1922,19428,252,199,1364,133,5010],"class_list":{"0":"post-248522","1":"post","2":"type-post","3":"status-publish","4":"format-standard","5":"has-post-thumbnail","7":"category-television","8":"tag-14-juillet","9":"tag-14-juillet-le-defile","10":"tag-actu","11":"tag-actualites","12":"tag-anne-claire-coudray","13":"tag-article-video","14":"tag-bruce-toussaint","15":"tag-denis-brogniart","16":"tag-divertissement","17":"tag-entertainment","18":"tag-fr","19":"tag-france","20":"tag-gilles-bouleau","21":"tag-info","22":"tag-marie-sophie-lacarrau","23":"tag-television","24":"tag-tf1","25":"tag-tv","26":"tag-video","27":"tag-video-sujets-de-societe"},"share_on_mastodon":{"url":"https:\/\/pubeurope.com\/@fr\/114849471829703443","error":""},"_links":{"self":[{"href":"https:\/\/www.europesays.com\/fr\/wp-json\/wp\/v2\/posts\/248522","targetHints":{"allow":["GET"]}}],"collection":[{"href":"https:\/\/www.europesays.com\/fr\/wp-json\/wp\/v2\/posts"}],"about":[{"href":"https:\/\/www.europesays.com\/fr\/wp-json\/wp\/v2\/types\/post"}],"author":[{"embeddable":true,"href":"https:\/\/www.europesays.com\/fr\/wp-json\/wp\/v2\/users\/2"}],"replies":[{"embeddable":true,"href":"https:\/\/www.europesays.com\/fr\/wp-json\/wp\/v2\/comments?post=248522"}],"version-history":[{"count":0,"href":"https:\/\/www.europesays.com\/fr\/wp-json\/wp\/v2\/posts\/248522\/revisions"}],"wp:featuredmedia":[{"embeddable":true,"href":"https:\/\/www.europesays.com\/fr\/wp-json\/wp\/v2\/media\/248523"}],"wp:attachment":[{"href":"https:\/\/www.europesays.com\/fr\/wp-json\/wp\/v2\/media?parent=248522"}],"wp:term":[{"taxonomy":"category","embeddable":true,"href":"https:\/\/www.europesays.com\/fr\/wp-json\/wp\/v2\/categories?post=248522"},{"taxonomy":"post_tag","embeddable":true,"href":"https:\/\/www.europesays.com\/fr\/wp-json\/wp\/v2\/tags?post=248522"}],"curies":[{"name":"wp","href":"https:\/\/api.w.org\/{rel}","templated":true}]}}