{"id":248524,"date":"2025-07-14T03:30:33","date_gmt":"2025-07-14T03:30:33","guid":{"rendered":"https:\/\/www.europesays.com\/fr\/248524\/"},"modified":"2025-07-14T03:30:33","modified_gmt":"2025-07-14T03:30:33","slug":"zaz-pleine-damour-se-livre-sur-son-mari-comme-rarement","status":"publish","type":"post","link":"https:\/\/www.europesays.com\/fr\/248524\/","title":{"rendered":"Zaz, pleine d&rsquo;amour, se livre sur son mari comme rarement"},"content":{"rendered":"<p class=\"articleContent-meta\">\n        Hier \u00e0 10:00 &#8211; par             Xavier Terrade<\/p>\n<p>                    Tweeter<\/p>\n<p>                    Partager sur Facebook<\/p>\n<p>                        <img decoding=\"async\" src=\"https:\/\/www.europesays.com\/fr\/wp-content\/uploads\/2025\/07\/zaz-fait-de-rares-confidences-sur-son-mari.jpg\" alt=\"Player Video\" class=\"player-applyRatio poster exclude-seedtag\"\/><\/p>\n<p>Zaz est une femme amoureuse, mais de qui ? D&rsquo;un homme originaire de l&rsquo;\u00eele Maurice qui l&rsquo;a soutenue quand elle a arr\u00eat\u00e9 l&rsquo;alcool. Ce samedi 12 juillet, la chanteuse de 45 ans \u00e9voque en toute intimit\u00e9 son mari dans une interview accord\u00e9e au Parisien.<\/p>\n<p>Zaz est de retour dans les bacs. Un peu apr\u00e8s la rentr\u00e9e, le 19 septembre prochain, la chanteuse rendra sa copie. Elle sortira son sixi\u00e8me album intitul\u00e9 Sains et saufs, chez T\u00f4t ou tard. Il s&rsquo;agit de la maison de disques de Vianney. <a href=\"https:\/\/www.programme.tv\/news\/actu\/239125-je-ne-me-voyais-pas-dedans-zaz-revele-pourquoi-elle-a-longtemps-refuse-de-devenir-coach-dans-the-voice\/\" target=\"_blank\" rel=\"noopener\">Le complice de l&rsquo;artiste de 45 ans dans The Voice<\/a> signe d&rsquo;ailleurs une des douze chansons de ce nouvel opus. \u00ab\u00a0<a href=\"https:\/\/www.programme.tv\/news\/actu\/239295-je-fumais-beaucoup-je-buvais-pas-mal-de-vin-zaz-se-confie-sans-filtre-sur-son-ancienne-hygiene-de-vie\/\" target=\"_blank\" rel=\"noopener\">Depuis que j&rsquo;ai arr\u00eat\u00e9 de boire<\/a>, je ne fuis plus mes \u00e9motions, je les affronte. L&rsquo;album d&rsquo;avant a \u00e9t\u00e9 tr\u00e8s compliqu\u00e9 \u00e0 faire, j&rsquo;\u00e9tais perdue. J&rsquo;avais envie que Zaz meure, j&rsquo;\u00e9tais en d\u00e9construction totale\u00a0\u00bb, raconte Zaz dans les colonnes du <a href=\"https:\/\/www.leparisien.fr\/culture-loisirs\/musique\/je-ne-fuis-plus-mes-emotions-je-les-affronte-zaz-se-confie-avant-la-sortie-de-son-formidable-album-11-07-2025-5RTMMCZXWZHR5EADMX5WLCV5U4.php?ts=1752305289957\" rel=\"nofollow noopener\" target=\"_blank\">Parisien<\/a> ce samedi 12 juillet. \u00ab\u00a0Je suis une machine \u00e0 d\u00e9tails, trop perfectionniste&#8230; Avant, les albums, c&rsquo;\u00e9tait de la douleur. Je n&rsquo;arrivais pas \u00e0 m&rsquo;arr\u00eater, ce n&rsquo;\u00e9tait jamais comme je voulais&#8230; Je m&rsquo;\u00e9tais promis cette fois de m&rsquo;amuser et je me suis amus\u00e9e\u00a0\u00bb, se f\u00e9licite celle qui a travaill\u00e9 sur six morceaux avec No\u00e9 Preszow et sur trois avec Rapha\u00ebl.<\/p>\n<p>                                \u00ab\u00a0On grandit ensemble, on s&rsquo;apprend des choses\u00a0\u00bb : Zaz se confie comme rarement sur son mari<\/p>\n<p>S&rsquo;il y a beaucoup d&rsquo;hommes dans son entourage professionnel qui se sont attel\u00e9s \u00e0 l&rsquo;\u00e9criture de son nouvel album, il n&rsquo;y en a qu&rsquo;un seul dans sa vie, son mari. Apais\u00e9e, d\u00e9sormais Zaz \u00ab\u00a0accueille l&rsquo;amour\u00a0\u00bb. \u00ab\u00a0J&rsquo;ai rencontr\u00e9 quelqu&rsquo;un de doux, gentil, bienveillant, qui donne sans rien attendre en retour\u00a0\u00bb, raconte l&rsquo;interpr\u00e8te de Je veux dans Le Parisien. \u00ab\u00a0Dans sa famille, ce sont des Mauriciens, ils sont tous comme \u00e7a, dans le don, ils rendent les choses plus belles\u00a0\u00bb, ajoute la femme amoureuse dans le quotidien. \u00ab\u00a0Quand j&rsquo;ai arr\u00eat\u00e9 de boire, on s&rsquo;est accompagn\u00e9. On grandit ensemble, on s&rsquo;apprend des choses. C&rsquo;\u00e9tait mon prof de kung-fu et de boxe\u00a0\u00bb, conclut la femme mari\u00e9e. Il y a quelques mois, un candidat de The Voice avait \u00e9voqu\u00e9 le compagnon de Zaz en pleine audition \u00e0 l&rsquo;aveugle. \u00ab\u00a0Mon mari est Mauricien. La maloya, La R\u00e9union, c&rsquo;est de la musique qui incarne une identit\u00e9 forte\u00a0\u00bb, avait d\u00e9clar\u00e9 la coach dans l&rsquo;\u00e9mission diffus\u00e9e le 15 mars dernier.<\/p>\n<p>                Le mari de Zaz avait d\u00e9j\u00e0 une petite fille avant de la rencontrer<\/p>\n<p>En 2021, Zaz avait r\u00e9v\u00e9l\u00e9 s&rsquo;\u00eatre mari\u00e9e dans le plus grand secret \u00e0 un homme qui \u00e9tait d\u00e9j\u00e0 p\u00e8re de famille. \u00ab\u00a0Faire rentrer un homme, faire entrer l&rsquo;amour, moi qui avais tout bien cadenass\u00e9\u2026 Et il y a aussi cette petite fille qui bouleverse tout, qui donne tout cet amour, il a fallu trouver ma place\u2026 Mais cela m&rsquo;a fait du bien\u00a0\u00bb, avait-elle r\u00e9v\u00e9l\u00e9 dans une pr\u00e9c\u00e9dente interview accord\u00e9e au Parisien, tout en restant tr\u00e8s discr\u00e8te au sujet de l&rsquo;homme qu&rsquo;elle a \u00e9pous\u00e9.<\/p>\n<p>Article \u00e9crit en collaboration avec 6Medias<\/p>\n<p>Rejoignez-nous sur Google News !<\/p>\n<p class=\"articleContent-pushTagline\">Abonnez-vous \u00e0 <a href=\"https:\/\/news.google.com\/publications\/CAAiEJwr-IZFXDFoZD1ePbkC_VcqFAgKIhCcK_iGRVwxaGQ9Xj25Av1X\" target=\"_blank\" rel=\"noopener\">T\u00e9l\u00e9 2 semaines sur Google News<\/a> pour ne manquer aucune info !<\/p>\n","protected":false},"excerpt":{"rendered":"Hier \u00e0 10:00 &#8211; par Xavier Terrade Tweeter Partager sur Facebook Zaz est une femme amoureuse, mais de&hellip;\n","protected":false},"author":2,"featured_media":248525,"comment_status":"","ping_status":"","sticky":false,"template":"","format":"standard","meta":{"footnotes":""},"categories":[1355],"tags":[1193,58,59,1011,27,13109,1361,873],"class_list":{"0":"post-248524","1":"post","2":"type-post","3":"status-publish","4":"format-standard","5":"has-post-thumbnail","7":"category-musique","8":"tag-couple","9":"tag-divertissement","10":"tag-entertainment","11":"tag-fr","12":"tag-france","13":"tag-mari","14":"tag-music","15":"tag-musique"},"share_on_mastodon":{"url":"https:\/\/pubeurope.com\/@fr\/114849475681636295","error":""},"_links":{"self":[{"href":"https:\/\/www.europesays.com\/fr\/wp-json\/wp\/v2\/posts\/248524","targetHints":{"allow":["GET"]}}],"collection":[{"href":"https:\/\/www.europesays.com\/fr\/wp-json\/wp\/v2\/posts"}],"about":[{"href":"https:\/\/www.europesays.com\/fr\/wp-json\/wp\/v2\/types\/post"}],"author":[{"embeddable":true,"href":"https:\/\/www.europesays.com\/fr\/wp-json\/wp\/v2\/users\/2"}],"replies":[{"embeddable":true,"href":"https:\/\/www.europesays.com\/fr\/wp-json\/wp\/v2\/comments?post=248524"}],"version-history":[{"count":0,"href":"https:\/\/www.europesays.com\/fr\/wp-json\/wp\/v2\/posts\/248524\/revisions"}],"wp:featuredmedia":[{"embeddable":true,"href":"https:\/\/www.europesays.com\/fr\/wp-json\/wp\/v2\/media\/248525"}],"wp:attachment":[{"href":"https:\/\/www.europesays.com\/fr\/wp-json\/wp\/v2\/media?parent=248524"}],"wp:term":[{"taxonomy":"category","embeddable":true,"href":"https:\/\/www.europesays.com\/fr\/wp-json\/wp\/v2\/categories?post=248524"},{"taxonomy":"post_tag","embeddable":true,"href":"https:\/\/www.europesays.com\/fr\/wp-json\/wp\/v2\/tags?post=248524"}],"curies":[{"name":"wp","href":"https:\/\/api.w.org\/{rel}","templated":true}]}}