{"id":248534,"date":"2025-07-14T03:38:13","date_gmt":"2025-07-14T03:38:13","guid":{"rendered":"https:\/\/www.europesays.com\/fr\/248534\/"},"modified":"2025-07-14T03:38:13","modified_gmt":"2025-07-14T03:38:13","slug":"demographie-voici-le-nouveau-chiffre-officiel-de-la-population-algerienne-en-2025","status":"publish","type":"post","link":"https:\/\/www.europesays.com\/fr\/248534\/","title":{"rendered":"D\u00e9mographie : Voici le nouveau chiffre officiel de la population alg\u00e9rienne en 2025"},"content":{"rendered":"<p>Le nombre d\u2019habitants en Alg\u00e9rie a atteint, au 1er juillet 2025, <strong>47 millions de personnes<\/strong>, selon les derni\u00e8res donn\u00e9es d\u00e9mographiques. Les enfants de moins de <strong>15 ans<\/strong> repr\u00e9sentent <strong>29 % de la population totale<\/strong>, tandis que la tranche des 15-59 ans constitue 59 %. Les personnes \u00e2g\u00e9es de 60 ans et plus, quant \u00e0 elles, comptent pour 11 % du total.<\/p>\n<p>Les statistiques du minist\u00e8re de la Sant\u00e9 indiquent que les femmes en \u00e2ge de procr\u00e9er (15-49 ans) repr\u00e9sentent <strong>24 %<\/strong> de la population, soit plus de 11,7 millions de femmes. Environ 873 000 naissances sont attendues en 2025, ce qui correspond \u00e0 un taux de 18,5 naissances pour 1 000 habitants.<\/p>\n<p>La population atteint 47 millions d\u2019habitants, tandis que le mariage et les naissances sont en d\u00e9clin<\/p>\n<p>Intervenant dans El Khabar, <strong>DJERAOUNE Nadia<\/strong>, sous directrice de la prospective et de la veille d\u00e9mographique au minist\u00e8re de la Sant\u00e9, a pr\u00e9cis\u00e9 que le nombre de naissances a commenc\u00e9 \u00e0 diminuer \u00e0 partir de 2020, juste apr\u00e8s la pand\u00e9mie de Covid-19.<\/p>\n<p><strong>\ud83d\udfe2 \u00c0 LIRE AUSSI :\u00a0<a href=\"https:\/\/www.algerie360.com\/en-2025-naitre-garcon-coute-plus-cher-le-scandale-des-cliniques-privees-eclate-en-algerie\/\" rel=\"nofollow noopener\" target=\"_blank\">En 2025, na\u00eetre \u00ab gar\u00e7on \u00bb co\u00fbte plus cher ? Le scandale des cliniques priv\u00e9es \u00e9clate en Alg\u00e9rie<\/a><\/strong><\/p>\n<p><a href=\"https:\/\/l.algerie360.com\/QRWjOq\" target=\"_blank\" title=\"Les climatiseurs r\u00e9sidentiels LG\" rel=\"nofollow noopener\"> <img loading=\"lazy\" decoding=\"async\" src=\"data:image\/svg+xml,%3Csvg%20xmlns=\" http:=\"\" data-src=\"https:\/\/www.europesays.com\/fr\/wp-content\/uploads\/2025\/07\/300x250.jpg.webp\" class=\"img-fluid lazy\" width=\"300\" height=\"250\" alt=\"Les climatiseurs r\u00e9sidentiels LG\" data-smush-webp-fallback=\"{&quot;src&quot;:&quot;https:\\\/\\\/www.algerie360.com\\\/wp-content\\\/uploads\\\/2025\\\/06\\\/300x250.jpg&quot;}\"\/><\/a><\/p>\n<p>Cette baisse marque une rupture apr\u00e8s six ann\u00e9es cons\u00e9cutives de croissance, o\u00f9 le pays enregistrait plus d\u2019un million de naissances par an <strong>depuis 2014.<\/strong><\/p>\n<p>Parmi les facteurs expliquant ce recul, on note :<\/p>\n<ul>\n<li>Des changements structurels dans la composition de la population.<\/li>\n<li>L\u2019\u00e9mergence d\u2019une nouvelle g\u00e9n\u00e9ration avec une vision diff\u00e9rente du mariage et de la vie familiale<\/li>\n<\/ul>\n<p>Alg\u00e9rie : Le mariage en net recul<\/p>\n<p>Le nombre de mariages a commenc\u00e9 <strong>\u00e0 baisser \u00e0 partir de 2014<\/strong>, passant de <strong>387 000 unions<\/strong> cette ann\u00e9e-l\u00e0 (soit 10 mariages pour 1 000 habitants) \u00e0 <strong>282 000 en 2023<\/strong>, selon les chiffres de l\u2019Office National des Statistiques (ONS). Les tendances pour 2024 restent stables, dans l\u2019attente des donn\u00e9es d\u00e9finitives.<\/p>\n<p>Cette diminution s\u2019explique par :<\/p>\n<ul>\n<li>Un changement de priorit\u00e9s, avec une plus grande focalisation sur la <strong>carri\u00e8re professionnelle<\/strong> et la <strong>formation personnelle<\/strong>.<\/li>\n<li>Une augmentation de l\u2019\u00e2ge moyen du mariage : <strong>27 ans pour les femmes<\/strong> et <strong>34 ans pour les hommes<\/strong> en 2019.<\/li>\n<\/ul>\n<p><strong>\ud83d\udfe2 \u00c0 LIRE AUSSI :\u00a0<a href=\"https:\/\/www.algerie360.com\/formation-professionnelle-en-algerie-ce-qui-change-avec-la-reforme\/\" rel=\"nofollow noopener\" target=\"_blank\">Formation professionnelle en Alg\u00e9rie : ce qui change avec la r\u00e9forme<\/a><\/strong><\/p>\n<p>DJERAOUNE souligne que le mariage pr\u00e9coce a quasiment disparu, les femmes consid\u00e9rant d\u00e9sormais que l\u2019\u00e2ge id\u00e9al pour se marier est de<strong> 24 ans<\/strong>. Par ailleurs, la majorit\u00e9 des couples optent pour trois enfants comme choix familial moyen.<\/p>\n<p>Une transition d\u00e9mographique en cours ?<\/p>\n<p>Cette \u00e9volution refl\u00e8te une transformation des mentalit\u00e9s et des aspirations sociales en Alg\u00e9rie, o\u00f9 les jeunes g\u00e9n\u00e9rations privil\u00e9gient davantage l\u2019autonomie et la stabilit\u00e9 professionnelle avant de fonder une famille.<\/p>\n<p>Les autorit\u00e9s sanitaires suivent de pr\u00e8s ces tendances, qui pourraient avoir des implications \u00e0 long terme sur la structure d\u00e9mographique du pays.<\/p>\n<p><img decoding=\"async\" class=\"lazy\" src=\"data:image\/svg+xml,%3Csvg%20xmlns=\" http:=\"\" data-src=\"https:\/\/www.europesays.com\/fr\/wp-content\/uploads\/2025\/07\/icons8-share-64.png.webp\" alt=\"Partager\" data-smush-webp-fallback=\"{&quot;src&quot;:&quot;https:\\\/\\\/www.algerie360.com\\\/wp-content\\\/uploads\\\/2025\\\/06\\\/icons8-share-64.png&quot;}\"\/><\/p>\n","protected":false},"excerpt":{"rendered":"Le nombre d\u2019habitants en Alg\u00e9rie a atteint, au 1er juillet 2025, 47 millions de personnes, selon les derni\u00e8res&hellip;\n","protected":false},"author":2,"featured_media":248535,"comment_status":"","ping_status":"","sticky":false,"template":"","format":"standard","meta":{"footnotes":""},"categories":[5],"tags":[328,11,1011,27,14,12,28],"class_list":{"0":"post-248534","1":"post","2":"type-post","3":"status-publish","4":"format-standard","5":"has-post-thumbnail","7":"category-international","8":"tag-a-la-une","9":"tag-actualites","10":"tag-fr","11":"tag-france","12":"tag-international","13":"tag-news","14":"tag-world"},"share_on_mastodon":{"url":"https:\/\/pubeurope.com\/@fr\/114849507198938377","error":""},"_links":{"self":[{"href":"https:\/\/www.europesays.com\/fr\/wp-json\/wp\/v2\/posts\/248534","targetHints":{"allow":["GET"]}}],"collection":[{"href":"https:\/\/www.europesays.com\/fr\/wp-json\/wp\/v2\/posts"}],"about":[{"href":"https:\/\/www.europesays.com\/fr\/wp-json\/wp\/v2\/types\/post"}],"author":[{"embeddable":true,"href":"https:\/\/www.europesays.com\/fr\/wp-json\/wp\/v2\/users\/2"}],"replies":[{"embeddable":true,"href":"https:\/\/www.europesays.com\/fr\/wp-json\/wp\/v2\/comments?post=248534"}],"version-history":[{"count":0,"href":"https:\/\/www.europesays.com\/fr\/wp-json\/wp\/v2\/posts\/248534\/revisions"}],"wp:featuredmedia":[{"embeddable":true,"href":"https:\/\/www.europesays.com\/fr\/wp-json\/wp\/v2\/media\/248535"}],"wp:attachment":[{"href":"https:\/\/www.europesays.com\/fr\/wp-json\/wp\/v2\/media?parent=248534"}],"wp:term":[{"taxonomy":"category","embeddable":true,"href":"https:\/\/www.europesays.com\/fr\/wp-json\/wp\/v2\/categories?post=248534"},{"taxonomy":"post_tag","embeddable":true,"href":"https:\/\/www.europesays.com\/fr\/wp-json\/wp\/v2\/tags?post=248534"}],"curies":[{"name":"wp","href":"https:\/\/api.w.org\/{rel}","templated":true}]}}