{"id":24855,"date":"2025-04-14T18:05:09","date_gmt":"2025-04-14T18:05:09","guid":{"rendered":"https:\/\/www.europesays.com\/fr\/24855\/"},"modified":"2025-04-14T18:05:09","modified_gmt":"2025-04-14T18:05:09","slug":"atp-monte-carlo-la-decision-prise-par-musetti-apres-sa-defaite-contre-alcaraz-en-finale","status":"publish","type":"post","link":"https:\/\/www.europesays.com\/fr\/24855\/","title":{"rendered":"ATP &#8211; Monte Carlo > La d\u00e9cision prise par Musetti apr\u00e8s sa d\u00e9faite contre Alcaraz en finale"},"content":{"rendered":"<p>Touch\u00e9 physi\u00adque\u00adment en finale du Masters 1000 de Monte\u2010Carlo, o\u00f9 il a \u00e9t\u00e9 renvers\u00e9 par Carlos Alcaraz apr\u00e8s un excellent premier set, Lorenzo Musetti a d\u00e9cid\u00e9 de d\u00e9clarer forfait pour l\u2019ATP 500 de Barcelone.\u00a0<\/p>\n<p><strong>\u00ab\u202fJe vais prendre une semaine de repos et revenir \u00e0 100\u202f% pour la suite. Roland\u2010Garros est un grand objectif pour moi. Je n\u2019ai pas beau\u00adcoup de points \u00e0 d\u00e9fendre et je veux y faire quelque chose de grand\u202f\u00bb<\/strong>, a annonc\u00e9 l\u2019Italien, battu en cinq sets par Novak Djokovic au troi\u00adsi\u00e8me tour de Roland\u2010Garros l\u2019ann\u00e9e derni\u00e8re.\u00a0<\/p>\n<blockquote class=\"twitter-tweet\">\n<p lang=\"en\" dir=\"ltr\">Barcelona update\u00a0:<br \/>OUT\u00a0: Musetti<br \/>IN\u00a0: Lucky\u00a0Loser<\/p>\n<p>\u2014 Entry List Updates (@EntryLists) <a href=\"https:\/\/twitter.com\/EntryLists\/status\/1911423577376579777?ref_src=twsrc%5Etfw\" data-wpel-link=\"external\" target=\"_blank\" rel=\"nofollow external noopener\">April 13,\u00a02025<\/a><\/p><\/blockquote>\n<p>A noter que Musetti s\u2019est install\u00e9 au 11e rang mondial ce\u00a0lundi.\u00a0<\/p>\n<p class=\"post-published-date\" style=\"color: silver; font-size: 75%; text-align: left;\">Publi\u00e9 le lundi 14 avril 2025 \u00e0 09:10<\/p>\n<p><script async src=\"https:\/\/platform.twitter.com\/widgets.js\" charset=\"utf-8\"><\/script><\/p>\n","protected":false},"excerpt":{"rendered":"Touch\u00e9 physi\u00adque\u00adment en finale du Masters 1000 de Monte\u2010Carlo, o\u00f9 il a \u00e9t\u00e9 renvers\u00e9 par Carlos Alcaraz apr\u00e8s&hellip;\n","protected":false},"author":2,"featured_media":24856,"comment_status":"","ping_status":"","sticky":false,"template":"","format":"standard","meta":{"footnotes":""},"categories":[9],"tags":[1744,105,1011,27,60],"class_list":{"0":"post-24855","1":"post","2":"type-post","3":"status-publish","4":"format-standard","5":"has-post-thumbnail","7":"category-sports","8":"tag-alcaraz","9":"tag-djokovic","10":"tag-fr","11":"tag-france","12":"tag-sports"},"share_on_mastodon":{"url":"https:\/\/pubeurope.com\/@fr\/114337646130309618","error":""},"_links":{"self":[{"href":"https:\/\/www.europesays.com\/fr\/wp-json\/wp\/v2\/posts\/24855","targetHints":{"allow":["GET"]}}],"collection":[{"href":"https:\/\/www.europesays.com\/fr\/wp-json\/wp\/v2\/posts"}],"about":[{"href":"https:\/\/www.europesays.com\/fr\/wp-json\/wp\/v2\/types\/post"}],"author":[{"embeddable":true,"href":"https:\/\/www.europesays.com\/fr\/wp-json\/wp\/v2\/users\/2"}],"replies":[{"embeddable":true,"href":"https:\/\/www.europesays.com\/fr\/wp-json\/wp\/v2\/comments?post=24855"}],"version-history":[{"count":0,"href":"https:\/\/www.europesays.com\/fr\/wp-json\/wp\/v2\/posts\/24855\/revisions"}],"wp:featuredmedia":[{"embeddable":true,"href":"https:\/\/www.europesays.com\/fr\/wp-json\/wp\/v2\/media\/24856"}],"wp:attachment":[{"href":"https:\/\/www.europesays.com\/fr\/wp-json\/wp\/v2\/media?parent=24855"}],"wp:term":[{"taxonomy":"category","embeddable":true,"href":"https:\/\/www.europesays.com\/fr\/wp-json\/wp\/v2\/categories?post=24855"},{"taxonomy":"post_tag","embeddable":true,"href":"https:\/\/www.europesays.com\/fr\/wp-json\/wp\/v2\/tags?post=24855"}],"curies":[{"name":"wp","href":"https:\/\/api.w.org\/{rel}","templated":true}]}}