{"id":248552,"date":"2025-07-14T03:57:09","date_gmt":"2025-07-14T03:57:09","guid":{"rendered":"https:\/\/www.europesays.com\/fr\/248552\/"},"modified":"2025-07-14T03:57:09","modified_gmt":"2025-07-14T03:57:09","slug":"a-rennes-les-beaux-arts-sinstallent-dans-les-quartiers","status":"publish","type":"post","link":"https:\/\/www.europesays.com\/fr\/248552\/","title":{"rendered":"\u00c0 Rennes, les Beaux-Arts s\u2019installent dans les quartiers"},"content":{"rendered":"\n<p>Publi\u00e9 dans la capitale financi\u00e8re du pays, c\u2019est un titre de tradition et de r\u00e9f\u00e9rence, \u00e0 tendance centriste et lib\u00e9rale. En pointe sur l\u2019international, il est lu par l\u2019ensemble des germanophones. Eric Gujer, son r\u00e9dacteur en chef depuis 2015, a impuls\u00e9 deux \u00e9volutions notables. Tout d\u2019abord, ce que certains ont d\u00e9plor\u00e9 comme une d\u00e9rive droiti\u00e8re des prises de position du journal, notamment sur les questions d\u2019immigration. Ensuite, la volont\u00e9 de se consolider sur le march\u00e9 allemand pour tenter de compenser l\u2019\u00e9rosion des ventes \u00e0 laquelle le quotidien, comme le reste de la presse, se trouve confront\u00e9.<\/p>\n<p>Lors de son lancement, le 12 janvier 1780, la Z\u00fcrcher Zeitung se positionne comme une sorte de Courrier international de l\u2019\u00e9poque. Dans le premier num\u00e9ro, le r\u00e9dacteur en chef Salomon Gessner \u00e9crit\u00a0: \u201cNous avons pris des dispositions pour recevoir les nouvelles par les meilleurs journaux fran\u00e7ais, anglais, italiens, hollandais et allemands, ainsi que par des correspondants particuliers, et de les imprimer aussi vite que peuvent le faire nos voisins.\u201d De fait, le titre s\u2019est sp\u00e9cialis\u00e9 sur l\u2019international, car la censure emp\u00eachait alors de faire un travail journalistique quelque peu s\u00e9rieux sur Zurich et la Suisse.<\/p>\n<p>Le site de la NZZ est une v\u00e9ritable banque de donn\u00e9es\u00a0: en plus des articles propres \u00e0 la r\u00e9daction en ligne, une centaine de dossiers regroupent les articles des versions papier et en ligne sur de grands\u00a0sujets.<\/p>\n","protected":false},"excerpt":{"rendered":"Publi\u00e9 dans la capitale financi\u00e8re du pays, c\u2019est un titre de tradition et de r\u00e9f\u00e9rence, \u00e0 tendance centriste&hellip;\n","protected":false},"author":2,"featured_media":248553,"comment_status":"","ping_status":"","sticky":false,"template":"","format":"standard","meta":{"footnotes":""},"categories":[2821],"tags":[1111,11,3734,829,251,1777,674,1011,27,3821,12,584,25],"class_list":{"0":"post-248552","1":"post","2":"type-post","3":"status-publish","4":"format-standard","5":"has-post-thumbnail","7":"category-rennes","8":"tag-actu","9":"tag-actualites","10":"tag-art","11":"tag-bretagne","12":"tag-culture","13":"tag-eu","14":"tag-europe","15":"tag-fr","16":"tag-france","17":"tag-la-france-vue-de-lu2019u00e9tranger","18":"tag-news","19":"tag-rennes","20":"tag-republique-francaise"},"share_on_mastodon":{"url":"https:\/\/pubeurope.com\/@fr\/114849581788711081","error":""},"_links":{"self":[{"href":"https:\/\/www.europesays.com\/fr\/wp-json\/wp\/v2\/posts\/248552","targetHints":{"allow":["GET"]}}],"collection":[{"href":"https:\/\/www.europesays.com\/fr\/wp-json\/wp\/v2\/posts"}],"about":[{"href":"https:\/\/www.europesays.com\/fr\/wp-json\/wp\/v2\/types\/post"}],"author":[{"embeddable":true,"href":"https:\/\/www.europesays.com\/fr\/wp-json\/wp\/v2\/users\/2"}],"replies":[{"embeddable":true,"href":"https:\/\/www.europesays.com\/fr\/wp-json\/wp\/v2\/comments?post=248552"}],"version-history":[{"count":0,"href":"https:\/\/www.europesays.com\/fr\/wp-json\/wp\/v2\/posts\/248552\/revisions"}],"wp:featuredmedia":[{"embeddable":true,"href":"https:\/\/www.europesays.com\/fr\/wp-json\/wp\/v2\/media\/248553"}],"wp:attachment":[{"href":"https:\/\/www.europesays.com\/fr\/wp-json\/wp\/v2\/media?parent=248552"}],"wp:term":[{"taxonomy":"category","embeddable":true,"href":"https:\/\/www.europesays.com\/fr\/wp-json\/wp\/v2\/categories?post=248552"},{"taxonomy":"post_tag","embeddable":true,"href":"https:\/\/www.europesays.com\/fr\/wp-json\/wp\/v2\/tags?post=248552"}],"curies":[{"name":"wp","href":"https:\/\/api.w.org\/{rel}","templated":true}]}}