{"id":248565,"date":"2025-07-14T04:08:15","date_gmt":"2025-07-14T04:08:15","guid":{"rendered":"https:\/\/www.europesays.com\/fr\/248565\/"},"modified":"2025-07-14T04:08:15","modified_gmt":"2025-07-14T04:08:15","slug":"trois-blesses-dans-un-accident-de-la-route-pres-de-toulouse-une-voiture-termine-sur-le-toit","status":"publish","type":"post","link":"https:\/\/www.europesays.com\/fr\/248565\/","title":{"rendered":"Trois bless\u00e9s dans un accident de la route pr\u00e8s de Toulouse, une voiture termine sur le toit"},"content":{"rendered":"<p>            Par<br \/>\n        <strong><br \/>\n            <a href=\"https:\/\/actu.fr\/auteur\/lucie-2\" title=\"Consulter tous les articles de Lucie Fraisse\" target=\"_blank\" rel=\"noopener\">Lucie Fraisse<\/a><br \/>\n        <\/strong><\/p>\n<p>        Publi\u00e9 le<\/p>\n<p>            13 juil. 2025 \u00e0 8h54        <\/p>\n<p>L\u2019accident a eu lieu au milieu de la nuit, sur l\u2019autoroute A61, au niveau de <strong>Lab\u00e8ge<\/strong>, <a href=\"https:\/\/actu.fr\/toulouse\/\" target=\"_blank\" rel=\"noopener\">pr\u00e8s de Toulouse<\/a>, ce dimanche 13 juillet 2025.<\/p>\n<p>    <a href=\"https:\/\/www.google.com\/maps\/embed?pb=!1m18!1m12!1m3!1d33200.146811254395!2d1.4795363203947949!3d43.539689323419914!2m3!1f0!2f0!3f0!3m2!1i1024!2i768!4f13.1!3m3!1m2!1s0x12ae95f2e0e4efad%3A0x2441ff13d6c0966e!2zTGFiw6hnZQ!5e1!3m2!1sfr!2sfr!4v1752389508475!5m2!1sfr!2sfr\" title=\"Ouvrie le lien\" target=\"_blank\" rel=\"noopener\">Cliquez ici pour visualiser le contenu<\/a><\/p>\n<p>Un accident survenu \u00e0 grande vitesse\u00a0<\/p>\n<p class=\" wall-content\">Il \u00e9tait pr\u00e8s de deux heures du matin quand les pompiers ont \u00e9t\u00e9 alert\u00e9s.<\/p>\n<p class=\" wall-content\">\u00c0 leur arriv\u00e9e sur les lieux du drame, ils constatent que <strong>trois v\u00e9hicules sont impliqu\u00e9s dans l\u2019accident<\/strong> qui s\u2019est probablement d\u00e9roul\u00e9 \u00e0 tr\u00e8s grande vitesse.<\/p>\n<p>Un v\u00e9hicule sur le toit\u00a0<\/p>\n<p class=\" wall-content\">L\u2019un des v\u00e9hicules a termin\u00e9 sa course sur le toit. L\u2019accident a fait trois bless\u00e9s qui ont \u00e9t\u00e9 transport\u00e9s vers l\u2019h\u00f4pital le plus proche.<\/p>\n<p class=\" wall-content\">Les gendarmes et le personnel des Autoroutes sud de France (ASF) \u00e9taient sur place pour s\u00e9curiser le site.\u00a0<\/p>\n<p>Vid\u00e9os : en ce moment sur Actu<\/p>\n<p class=\" wall-content\">Suivez toute l\u2019actualit\u00e9 de vos villes et m\u00e9dias favoris en vous inscrivant \u00e0 <a href=\"https:\/\/moncompte.actu.fr\" title=\"D\u00e9couvez Mon Actu\" rel=\"nofollow noopener\" data-trk=\"{&quot;cta&quot;:{&quot;action&quot;:&quot;https:\\\/\\\/moncompte.actu.fr&quot;,&quot;category&quot;:&quot;mon compte&quot;,&quot;from&quot;:&quot;article footer&quot;,&quot;name&quot;:&quot;Mon actu&quot;,&quot;type&quot;:&quot;cta&quot;}}\" target=\"_blank\">Mon Actu<\/a>.<\/p>\n<ul class=\"ac-article-tag wall-content\">\n<li><a href=\"https:\/\/actu.fr\/tag\/autoroute-61-a61\" data-trk=\"{&quot;cta&quot;:{&quot;action&quot;:&quot;Autoroute 61 (A61)&quot;,&quot;category&quot;:&quot;tag&quot;,&quot;from&quot;:&quot;article footer&quot;,&quot;name&quot;:&quot;Autoroute 61 (A61)&quot;,&quot;type&quot;:&quot;cta&quot;}}\" target=\"_blank\" rel=\"noopener\">#Autoroute 61 (A61)<\/a><\/li>\n<li><a href=\"https:\/\/actu.fr\/tag\/pompiers\" data-trk=\"{&quot;cta&quot;:{&quot;action&quot;:&quot;Pompiers&quot;,&quot;category&quot;:&quot;tag&quot;,&quot;from&quot;:&quot;article footer&quot;,&quot;name&quot;:&quot;Pompiers&quot;,&quot;type&quot;:&quot;cta&quot;}}\" target=\"_blank\" rel=\"noopener\">#Pompiers<\/a><\/li>\n<\/ul>\n","protected":false},"excerpt":{"rendered":"Par Lucie Fraisse Publi\u00e9 le 13 juil. 2025 \u00e0 8h54 L\u2019accident a eu lieu au milieu de la&hellip;\n","protected":false},"author":2,"featured_media":248566,"comment_status":"","ping_status":"","sticky":false,"template":"","format":"standard","meta":{"footnotes":""},"categories":[2816],"tags":[1111,11,10437,1777,674,118,1011,27,12,2680,1311,25,2312],"class_list":{"0":"post-248565","1":"post","2":"type-post","3":"status-publish","4":"format-standard","5":"has-post-thumbnail","7":"category-toulouse","8":"tag-actu","9":"tag-actualites","10":"tag-autoroute-61-a61","11":"tag-eu","12":"tag-europe","13":"tag-faits-divers","14":"tag-fr","15":"tag-france","16":"tag-news","17":"tag-occitanie","18":"tag-pompiers","19":"tag-republique-francaise","20":"tag-toulouse"},"share_on_mastodon":{"url":"https:\/\/pubeurope.com\/@fr\/114849625039877299","error":""},"_links":{"self":[{"href":"https:\/\/www.europesays.com\/fr\/wp-json\/wp\/v2\/posts\/248565","targetHints":{"allow":["GET"]}}],"collection":[{"href":"https:\/\/www.europesays.com\/fr\/wp-json\/wp\/v2\/posts"}],"about":[{"href":"https:\/\/www.europesays.com\/fr\/wp-json\/wp\/v2\/types\/post"}],"author":[{"embeddable":true,"href":"https:\/\/www.europesays.com\/fr\/wp-json\/wp\/v2\/users\/2"}],"replies":[{"embeddable":true,"href":"https:\/\/www.europesays.com\/fr\/wp-json\/wp\/v2\/comments?post=248565"}],"version-history":[{"count":0,"href":"https:\/\/www.europesays.com\/fr\/wp-json\/wp\/v2\/posts\/248565\/revisions"}],"wp:featuredmedia":[{"embeddable":true,"href":"https:\/\/www.europesays.com\/fr\/wp-json\/wp\/v2\/media\/248566"}],"wp:attachment":[{"href":"https:\/\/www.europesays.com\/fr\/wp-json\/wp\/v2\/media?parent=248565"}],"wp:term":[{"taxonomy":"category","embeddable":true,"href":"https:\/\/www.europesays.com\/fr\/wp-json\/wp\/v2\/categories?post=248565"},{"taxonomy":"post_tag","embeddable":true,"href":"https:\/\/www.europesays.com\/fr\/wp-json\/wp\/v2\/tags?post=248565"}],"curies":[{"name":"wp","href":"https:\/\/api.w.org\/{rel}","templated":true}]}}