{"id":248567,"date":"2025-07-14T04:11:13","date_gmt":"2025-07-14T04:11:13","guid":{"rendered":"https:\/\/www.europesays.com\/fr\/248567\/"},"modified":"2025-07-14T04:11:13","modified_gmt":"2025-07-14T04:11:13","slug":"les-promus-de-la-legion-dhonneur-dans-notre-region","status":"publish","type":"post","link":"https:\/\/www.europesays.com\/fr\/248567\/","title":{"rendered":"Les promus de la l\u00e9gion d\u2019honneur dans notre r\u00e9gion"},"content":{"rendered":"\n<p>Parmi les noms retenus pour recevoir la L\u00e9gion d\u2019honneur \u00e0 l\u2019occasion du 14 juillet, figure celui de Gis\u00e8le Pelicot. La Vauclusienne devenu ic\u00f4ne f\u00e9ministe pour avoir refus\u00e9 le huis-clos au proc\u00e8s de son mari, condamn\u00e9 \u00e0 20 ans de r\u00e9clusion criminelle avec une p\u00e9riode de s\u00fbret\u00e9 des deux tiers pour l\u2019avoir drogu\u00e9 afin de la violer et de la livrer \u00e0 des dizaines d\u2019inconnus.<\/p>\n<p>C\u2019est aussi le cas pour Marie-Emmanuel Assidon, qui fut pr\u00e9f\u00e8te et qui dirige actuellement le cabinet du maire de Marseille, Beno\u00eet Payan.<\/p>\n<p>Benoit Delaunay, recteur de la r\u00e9gion acad\u00e9mique Provence-Alpes-C\u00f4te d\u2019azur, recteur de l\u2019acad\u00e9mie d\u2019Aix-Marseille, chancelier des universit\u00e9s, re\u00e7oit lui aussi la L\u00e9gion d\u2019honneur.<\/p>\n<p>Idem pour deux ex-d\u00e9put\u00e9s Renaissance de Marseille\u00a0: l\u2019ancienne ministre Sabrina Agresti-Roubache, une proche du pr\u00e9sident de la R\u00e9publique qui avait suivi le plan Marseille en grand lorsqu\u2019elle \u00e9tait au gouvernement et Lionel Royer-Perraut. Longtemps collaborateur de Guy Teissier, il fut \u00e9lu maire des 9-10 puis apr\u00e8s avoir tourn\u00e9 la page LR, il devint d\u00e9put\u00e9 des quartiers sud.<\/p>\n<p> Rodolphe Saad\u00e9 \u00e9lev\u00e9 au rang d\u2019officier\n              <\/p>\n<p>Le Directeur interr\u00e9gional des services p\u00e9nitentiaires de Marseille, Thierry Alv\u00e8s, est \u00e9galement r\u00e9compens\u00e9 par la L\u00e9gion d\u2019Honneur tout comme l\u2019actuelle pr\u00e9f\u00e8te d\u00e9l\u00e9gu\u00e9e pour l\u2019\u00e9galit\u00e9 des chances dans les Bouches-du-Rh\u00f4ne. Elle fut pr\u00e9c\u00e9demment directrice de cabinet de la ministre de la sant\u00e9 et de la pr\u00e9vention.<\/p>\n<p>Rodolphe Saad\u00e9, patron de CMA CGM, la compagnie de transport maritime qui a fait la fortune de sa famille avant de racheter La\u00a0Provence, BFM, La Tribune&#8230; est aussi sur la liste. Chevalier de la L\u00e9gion d\u2019honneur depuis 2017, il est quant \u00e0 lui \u00e9lev\u00e9 au rang d\u2019officier.<\/p>\n<p>Au plan national, les anciens ministres Eric Dupont-Moretti, Stanislas Guerini, St\u00e9phane Le Foll et Olivier V\u00e9ran, sont promus au rang de chevalier, ainsi que Bruno Le Maire et l\u2019ex-secr\u00e9taire g\u00e9n\u00e9ral de l\u2019Elys\u00e9e Alexis Kohler \u00e9lev\u00e9s officier. l\u2019humoriste Sophia Aram, le rockeur Jean-Louis Aubert, la com\u00e9dienne L\u00e9a Drucker, les \u00e9crivains Emilie Fr\u00e8che, Marc Levy et l\u2019acad\u00e9micien Andre\u00ef Makine, tout comme le musicien am\u00e9ricain et directeur artistique de Louis Vuitton, Pharrell Williams sont faits chevalier. L\u2019autrice-compositrice-interpr\u00e8te Catherine Lara et la chanteuse Sylvie Vartan sont promues au grade de commandeur.<\/p>\n<p>Deux personnalit\u00e9s re\u00e7oivent la grand\u2019croix, la plus haute dignit\u00e9 de la L\u00e9gion d\u2019honneur\u00a0: l\u2019historienne Mona Ozouf, sp\u00e9cialiste de la R\u00e9volution fran\u00e7aise, de l\u2019\u00e9cole de la R\u00e9publique et de la la\u00efcit\u00e9, ainsi qu\u2019\u00e0 l\u2019ancien pr\u00e9sident du Conseil constitutionnel Pierre Mazeaud.<\/p>\n","protected":false},"excerpt":{"rendered":"Parmi les noms retenus pour recevoir la L\u00e9gion d\u2019honneur \u00e0 l\u2019occasion du 14 juillet, figure celui de Gis\u00e8le&hellip;\n","protected":false},"author":2,"featured_media":248568,"comment_status":"","ping_status":"","sticky":false,"template":"","format":"standard","meta":{"footnotes":""},"categories":[2814],"tags":[1111,11,1777,674,1011,27,1188,884,12,882,25],"class_list":{"0":"post-248567","1":"post","2":"type-post","3":"status-publish","4":"format-standard","5":"has-post-thumbnail","7":"category-marseille","8":"tag-actu","9":"tag-actualites","10":"tag-eu","11":"tag-europe","12":"tag-fr","13":"tag-france","14":"tag-gisele-pelicot","15":"tag-marseille","16":"tag-news","17":"tag-provence-alpes-cote-dazur","18":"tag-republique-francaise"},"share_on_mastodon":{"url":"https:\/\/pubeurope.com\/@fr\/114849636881673915","error":""},"_links":{"self":[{"href":"https:\/\/www.europesays.com\/fr\/wp-json\/wp\/v2\/posts\/248567","targetHints":{"allow":["GET"]}}],"collection":[{"href":"https:\/\/www.europesays.com\/fr\/wp-json\/wp\/v2\/posts"}],"about":[{"href":"https:\/\/www.europesays.com\/fr\/wp-json\/wp\/v2\/types\/post"}],"author":[{"embeddable":true,"href":"https:\/\/www.europesays.com\/fr\/wp-json\/wp\/v2\/users\/2"}],"replies":[{"embeddable":true,"href":"https:\/\/www.europesays.com\/fr\/wp-json\/wp\/v2\/comments?post=248567"}],"version-history":[{"count":0,"href":"https:\/\/www.europesays.com\/fr\/wp-json\/wp\/v2\/posts\/248567\/revisions"}],"wp:featuredmedia":[{"embeddable":true,"href":"https:\/\/www.europesays.com\/fr\/wp-json\/wp\/v2\/media\/248568"}],"wp:attachment":[{"href":"https:\/\/www.europesays.com\/fr\/wp-json\/wp\/v2\/media?parent=248567"}],"wp:term":[{"taxonomy":"category","embeddable":true,"href":"https:\/\/www.europesays.com\/fr\/wp-json\/wp\/v2\/categories?post=248567"},{"taxonomy":"post_tag","embeddable":true,"href":"https:\/\/www.europesays.com\/fr\/wp-json\/wp\/v2\/tags?post=248567"}],"curies":[{"name":"wp","href":"https:\/\/api.w.org\/{rel}","templated":true}]}}