{"id":248571,"date":"2025-07-14T04:13:08","date_gmt":"2025-07-14T04:13:08","guid":{"rendered":"https:\/\/www.europesays.com\/fr\/248571\/"},"modified":"2025-07-14T04:13:08","modified_gmt":"2025-07-14T04:13:08","slug":"lyon-les-centres-commerciaux-part-dieu-et-confluence-sont-ils-ouverts-ce-14-juillet","status":"publish","type":"post","link":"https:\/\/www.europesays.com\/fr\/248571\/","title":{"rendered":"Lyon. Les centres commerciaux Part-Dieu et Confluence sont-ils ouverts ce 14-juillet\u00a0?"},"content":{"rendered":"<p>            Par<br \/>\n        <strong><br \/>\n            <a href=\"https:\/\/actu.fr\/auteur\/anthony-soudani\" title=\"Consulter tous les articles de Anthony Soudani\" target=\"_blank\" rel=\"noopener\">Anthony Soudani<\/a><br \/>\n        <\/strong><\/p>\n<p>        Publi\u00e9 le<\/p>\n<p>            14 juil. 2025 \u00e0 6h00        <\/p>\n<p>De nombreux commerces sont ferm\u00e9s \u00e0 <a href=\"https:\/\/actu.fr\/lyon\/\" target=\"_blank\" rel=\"noopener\">Lyon<\/a> en ce lundi\u00a014-juillet, jour de f\u00eate nationale. Pourtant, les soldes sont toujours en cours puisqu\u2019ils se terminent le mercredi 22\u00a0juillet cette ann\u00e9e. La tentation d\u2019une journ\u00e9e shopping est donc toujours l\u00e0. Mais les grands <strong>centres commerciaux<\/strong> de la capitale des Gaules sont-ils ouverts pour en profiter\u2009?<\/p>\n<p>Oui, c\u2019est ouvert<\/p>\n<p class=\" wall-content\">Eh bien <strong>oui.<\/strong> Les centres commerciaux Westfield <a href=\"https:\/\/actu.fr\/auvergne-rhone-alpes\/lyon_69123\/lyon-cette-boutique-chinoise-tendance-debarque-au-centre-part-dieu-une-premiere-en-ville_62813374.html\" target=\"_blank\" rel=\"noopener\">Part-Dieu<\/a> et Confluence sont ouverts ce lundi 14\u00a0juillet. Ils seront exceptionnellement accessibles au public de 10h \u00e0 20h.<\/p>\n<p class=\" wall-content\">\u00c0 l\u2019int\u00e9rieur du centre commercial Part-Dieu, <strong>le cin\u00e9ma UGC<\/strong> a \u00e9galement programm\u00e9 des s\u00e9ances pour le 14\u00a0juillet avec notamment le blockbuster Superman sorti en salles le 9\u00a0juillet.<\/p>\n<p>Printemps et Carr\u00e9 de Soie ouverts aussi<\/p>\n<p class=\" wall-content\">En centre-ville, <strong>Printemps<\/strong>, qui r\u00e9unit plusieurs grandes marques au sein de son magasin, est aussi ouvert. Il est possible d\u2019aller faire du shopping de 9h30 \u00e0 19h30 dans la grande boutique du 42, rue de la R\u00e9publique.<\/p>\n<p class=\" wall-content\">Dans la m\u00e9tropole de Lyon, d\u2019autres centres commerciaux sont ouverts. C\u2019est le cas de Carr\u00e9 de Soie. Le centre de Vaulx-en-Velin est accessible aux clients de 10h \u00e0 19h ce lundi 14\u00a0juillet.<\/p>\n<p>Vid\u00e9os : en ce moment sur Actu<\/p>\n<p class=\" wall-content\">Au sud de la m\u00e9tropole, le centre commercial Saint Genis a communiqu\u00e9 ses horaires d\u2019ouverture exceptionnelle. Le <a href=\"https:\/\/actu.fr\/auvergne-rhone-alpes\/lyon_69123\/lyon-ce-produit-surgele-tres-consomme-rappele-dans-les-supermarches-auchan_62901303.html\" target=\"_blank\" rel=\"noopener\">supermarch\u00e9 Auchan<\/a> accueille les clients de 8h30 \u00e0 20h et les boutiques de 10h \u00e0 19h.<\/p>\n<p class=\" wall-content\">C\u2019est \u00e9galement le cas d\u2019\u00c9cully Grand Ouest et des centres Aushopping Portes de Lyon, Caluire et Portes des Alpes qui ouvrent tous de 10h \u00e0 19h.<\/p>\n<p class=\" wall-content\">Suivez toute l\u2019actualit\u00e9 de vos villes et m\u00e9dias favoris en vous inscrivant \u00e0 <a href=\"https:\/\/moncompte.actu.fr\" title=\"D\u00e9couvez Mon Actu\" rel=\"nofollow noopener\" data-trk=\"{&quot;cta&quot;:{&quot;action&quot;:&quot;https:\\\/\\\/moncompte.actu.fr&quot;,&quot;category&quot;:&quot;mon compte&quot;,&quot;from&quot;:&quot;article footer&quot;,&quot;name&quot;:&quot;Mon actu&quot;,&quot;type&quot;:&quot;cta&quot;}}\" target=\"_blank\">Mon Actu<\/a>.<\/p>\n","protected":false},"excerpt":{"rendered":"Par Anthony Soudani Publi\u00e9 le 14 juil. 2025 \u00e0 6h00 De nombreux commerces sont ferm\u00e9s \u00e0 Lyon en&hellip;\n","protected":false},"author":2,"featured_media":248572,"comment_status":"","ping_status":"","sticky":false,"template":"","format":"standard","meta":{"footnotes":""},"categories":[1889],"tags":[1111,11,2430,215,3157,1777,674,1011,27,2428,6178,12,25,104],"class_list":{"0":"post-248571","1":"post","2":"type-post","3":"status-publish","4":"format-standard","5":"has-post-thumbnail","7":"category-lyon","8":"tag-actu","9":"tag-actualites","10":"tag-auvergne-rhone-alpes","11":"tag-commerce","12":"tag-confluence","13":"tag-eu","14":"tag-europe","15":"tag-fr","16":"tag-france","17":"tag-lyon","18":"tag-lyon-part-dieu","19":"tag-news","20":"tag-republique-francaise","21":"tag-societe"},"share_on_mastodon":{"url":"https:\/\/pubeurope.com\/@fr\/114849644798763856","error":""},"_links":{"self":[{"href":"https:\/\/www.europesays.com\/fr\/wp-json\/wp\/v2\/posts\/248571","targetHints":{"allow":["GET"]}}],"collection":[{"href":"https:\/\/www.europesays.com\/fr\/wp-json\/wp\/v2\/posts"}],"about":[{"href":"https:\/\/www.europesays.com\/fr\/wp-json\/wp\/v2\/types\/post"}],"author":[{"embeddable":true,"href":"https:\/\/www.europesays.com\/fr\/wp-json\/wp\/v2\/users\/2"}],"replies":[{"embeddable":true,"href":"https:\/\/www.europesays.com\/fr\/wp-json\/wp\/v2\/comments?post=248571"}],"version-history":[{"count":0,"href":"https:\/\/www.europesays.com\/fr\/wp-json\/wp\/v2\/posts\/248571\/revisions"}],"wp:featuredmedia":[{"embeddable":true,"href":"https:\/\/www.europesays.com\/fr\/wp-json\/wp\/v2\/media\/248572"}],"wp:attachment":[{"href":"https:\/\/www.europesays.com\/fr\/wp-json\/wp\/v2\/media?parent=248571"}],"wp:term":[{"taxonomy":"category","embeddable":true,"href":"https:\/\/www.europesays.com\/fr\/wp-json\/wp\/v2\/categories?post=248571"},{"taxonomy":"post_tag","embeddable":true,"href":"https:\/\/www.europesays.com\/fr\/wp-json\/wp\/v2\/tags?post=248571"}],"curies":[{"name":"wp","href":"https:\/\/api.w.org\/{rel}","templated":true}]}}