{"id":248573,"date":"2025-07-14T04:14:09","date_gmt":"2025-07-14T04:14:09","guid":{"rendered":"https:\/\/www.europesays.com\/fr\/248573\/"},"modified":"2025-07-14T04:14:09","modified_gmt":"2025-07-14T04:14:09","slug":"horaire-theme-tout-ce-quil-faut-savoir-sur-le-feu-dartifice","status":"publish","type":"post","link":"https:\/\/www.europesays.com\/fr\/248573\/","title":{"rendered":"horaire, th\u00e8me&#8230; tout ce qu&rsquo;il faut savoir sur le feu d&rsquo;artifice"},"content":{"rendered":"<p>            Par<br \/>\n        <strong><br \/>\n            <a href=\"https:\/\/actu.fr\/auteur\/julien-damboise\" title=\"Consulter tous les articles de Julien Damboise\" target=\"_blank\" rel=\"noopener\">Julien Damboise<\/a><br \/>\n        <\/strong><\/p>\n<p>        Publi\u00e9 le<\/p>\n<p>            14 juil. 2025 \u00e0 6h04        <\/p>\n<p>Comme chaque ann\u00e9e, la Ville de <a href=\"https:\/\/actu.fr\/auvergne-rhone-alpes\/lyon_69123\" target=\"_blank\" rel=\"noopener\">Lyon<\/a> organise un <strong>feu d\u2019artifice<\/strong> pour c\u00e9l\u00e9brer la f\u00eate nationale du <strong>14 juillet<\/strong>. Et pour cette \u00e9dition, la municipalit\u00e9 \u00e9cologiste pr\u00e9voit un \u00e9v\u00e9nement \u00ab\u00a0\u00e9coresponsable\u00a0\u00bb. Voici comment.<\/p>\n<p>\u00ab Lyon au plus pr\u00e8s des \u00e9toiles \u00bb<\/p>\n<p class=\" wall-content\">Pour cette \u00e9dition 2025 de la F\u00eate nationale \u00e0 Lyon, le traditionnel feu d\u2019artifice embrasera le ciel lyonnais ce dimanche 14 juillet <strong>\u00e0 partir de 22 h 30<\/strong>, depuis la colline de <a href=\"https:\/\/actu.fr\/tag\/fourviere\" target=\"_blank\" rel=\"noopener\">Fourvi\u00e8re<\/a>.\u00a0<\/p>\n<p class=\" wall-content\">Les Lyonnais seront ravis d\u2019apprendre que les fus\u00e9es et autres artifices seront tir\u00e9s <strong>durant 20 minutes 30<\/strong>, avec 15 s\u00e9quences programm\u00e9es et notamment un pr\u00e9-tableau et un bouquet final grandiose.<\/p>\n<p class=\" wall-content\">Un spectacle intitul\u00e9 \u00ab\u00a0Lyon au plus pr\u00e8s des \u00e9toiles\u00a0\u00bb avec quelques surprises et ax\u00e9 sur l\u2019\u00e9coresponsabilit\u00e9.<\/p>\n<p>Un spectacle \u00ab\u00a0soucieux de la protection de la Faune et la Flore\u00a0\u00bb<\/p>\n<p class=\" wall-content\">Cette ann\u00e9e, la Ville de Lyon a souhait\u00e9 faire encore plus attention \u00e0 produire un spectacle pyrotechnique respectueux de l\u2019environnement. Deux axes sont \u00e9voqu\u00e9s, \u00e0 commencer par les bombes qui seront projet\u00e9es dans le ciel : des <strong>artifices qui ne polluent pas<\/strong>.<\/p>\n<p>Vid\u00e9os : en ce moment sur Actu<\/p>\n<blockquote class=\"ac-article-quote wall-content\">\n<p>Les bombes utilis\u00e9es sont principalement en papier et carton recycl\u00e9, 100% biod\u00e9gradables. Elles sont \u00e9tudi\u00e9es pour ne pas g\u00e9n\u00e9rer de d\u00e9chets, sans retomb\u00e9es.<\/p>\n<p>    <strong>Ville de Lyon<\/strong>\n            <\/p><\/blockquote>\n<p class=\" wall-content\">Par ailleurs, une attention toute particuli\u00e8re est port\u00e9e \u00e0 la faune et \u00e0 la flore. La<br \/>soci\u00e9t\u00e9 Etienne Lacroix \u2013 Ruggieri, aux manettes lundi pour le show tr\u00e8s attendu, con\u00e7oit ses spectacles en pr\u00e9voyant une mont\u00e9e sonore en puissance progressive afin d\u2019<strong>accoutumer les oiseaux comme si un orage approchait<\/strong>. Ils vont ainsi s\u2019abriter, peut-\u00eatre fuir pour se r\u00e9fugier ailleurs le temps du spectacle.<\/p>\n<p>Des restrictions de circulation<\/p>\n<p class=\" wall-content\">Attention, comme chaque ann\u00e9e, des mesures de <strong>restriction de circulation<\/strong> seront mises en place pour \u00e9viter tout incident.<\/p>\n<p class=\" wall-content\">Sur la colline de Fourvi\u00e8re, la circulation automobile sera interdite de 19h \u00e0 minuit. L\u2019acc\u00e8s pi\u00e9ton sera interdit de 20h \u00e0 minuit. Sur le secteur Vieux-Lyon et quais de Sa\u00f4ne, la circulation automobile sera interdite de 19h \u00e0 minuit.<\/p>\n<p class=\" wall-content\">Sur la place <a href=\"https:\/\/actu.fr\/tag\/bellecour\" target=\"_blank\" rel=\"noopener\">Bellecour<\/a>, la circulation sera interdite de 8 h 30 \u00e0 14 h 30 puis de 19h \u00e0 minuit. Enfin, sur les secteurs de la Presqu\u2019\u00eele, la circulation automobile reste r\u00e9glement\u00e9 par la Zone \u00e0 Trafic Limit\u00e9e.<\/p>\n<p class=\" wall-content\">Suivez toute l\u2019actualit\u00e9 de vos villes et m\u00e9dias favoris en vous inscrivant \u00e0 <a href=\"https:\/\/moncompte.actu.fr\" title=\"D\u00e9couvez Mon Actu\" rel=\"nofollow noopener\" data-trk=\"{&quot;cta&quot;:{&quot;action&quot;:&quot;https:\\\/\\\/moncompte.actu.fr&quot;,&quot;category&quot;:&quot;mon compte&quot;,&quot;from&quot;:&quot;article footer&quot;,&quot;name&quot;:&quot;Mon actu&quot;,&quot;type&quot;:&quot;cta&quot;}}\" target=\"_blank\">Mon Actu<\/a>.<\/p>\n","protected":false},"excerpt":{"rendered":"Par Julien Damboise Publi\u00e9 le 14 juil. 2025 \u00e0 6h04 Comme chaque ann\u00e9e, la Ville de Lyon organise&hellip;\n","protected":false},"author":2,"featured_media":246467,"comment_status":"","ping_status":"","sticky":false,"template":"","format":"standard","meta":{"footnotes":""},"categories":[1889],"tags":[1111,11,2430,1777,674,16701,1011,27,5226,2428,12,25,104,5287],"class_list":{"0":"post-248573","1":"post","2":"type-post","3":"status-publish","4":"format-standard","5":"has-post-thumbnail","7":"category-lyon","8":"tag-actu","9":"tag-actualites","10":"tag-auvergne-rhone-alpes","11":"tag-eu","12":"tag-europe","13":"tag-feu-dartifice","14":"tag-fr","15":"tag-france","16":"tag-gregory-doucet","17":"tag-lyon","18":"tag-news","19":"tag-republique-francaise","20":"tag-societe","21":"tag-vieux-lyon"},"share_on_mastodon":{"url":"https:\/\/pubeurope.com\/@fr\/114849648732917546","error":""},"_links":{"self":[{"href":"https:\/\/www.europesays.com\/fr\/wp-json\/wp\/v2\/posts\/248573","targetHints":{"allow":["GET"]}}],"collection":[{"href":"https:\/\/www.europesays.com\/fr\/wp-json\/wp\/v2\/posts"}],"about":[{"href":"https:\/\/www.europesays.com\/fr\/wp-json\/wp\/v2\/types\/post"}],"author":[{"embeddable":true,"href":"https:\/\/www.europesays.com\/fr\/wp-json\/wp\/v2\/users\/2"}],"replies":[{"embeddable":true,"href":"https:\/\/www.europesays.com\/fr\/wp-json\/wp\/v2\/comments?post=248573"}],"version-history":[{"count":0,"href":"https:\/\/www.europesays.com\/fr\/wp-json\/wp\/v2\/posts\/248573\/revisions"}],"wp:featuredmedia":[{"embeddable":true,"href":"https:\/\/www.europesays.com\/fr\/wp-json\/wp\/v2\/media\/246467"}],"wp:attachment":[{"href":"https:\/\/www.europesays.com\/fr\/wp-json\/wp\/v2\/media?parent=248573"}],"wp:term":[{"taxonomy":"category","embeddable":true,"href":"https:\/\/www.europesays.com\/fr\/wp-json\/wp\/v2\/categories?post=248573"},{"taxonomy":"post_tag","embeddable":true,"href":"https:\/\/www.europesays.com\/fr\/wp-json\/wp\/v2\/tags?post=248573"}],"curies":[{"name":"wp","href":"https:\/\/api.w.org\/{rel}","templated":true}]}}