{"id":248576,"date":"2025-07-14T04:16:18","date_gmt":"2025-07-14T04:16:18","guid":{"rendered":"https:\/\/www.europesays.com\/fr\/248576\/"},"modified":"2025-07-14T04:16:18","modified_gmt":"2025-07-14T04:16:18","slug":"metro-rer-et-transilien-de-nombreuses-lignes-perturbees-durant-le-long-week-end-du-14-juillet","status":"publish","type":"post","link":"https:\/\/www.europesays.com\/fr\/248576\/","title":{"rendered":"M\u00e9tro, RER et Transilien\u00a0: de nombreuses lignes perturb\u00e9es durant le long week-end du 14\u00a0Juillet"},"content":{"rendered":"<p class=\"paragraph text_align_left lp-f-body-02\">C\u2019est parti : la deuxi\u00e8me quinzaine de juillet co\u00efncide avec <a href=\"https:\/\/www.leparisien.fr\/info-paris-ile-de-france-oise\/transports\/train-rer-et-metros-en-juillet-pas-de-vacances-pour-les-chantiers-et-les-fermetures-de-lignes-05-07-2025-YJ46WIO6Q5GXNE6DHMDHVZBO6A.php\" target=\"_self\" rel=\"noopener\">le d\u00e9marrage de nombreux chantier<\/a>s sur les axes ferroviaires et les routes en \u00cele-de-France. L\u2019une des plus grosses op\u00e9rations de l\u2019ann\u00e9e est le remplacement du pont des Cath\u00e9drales, \u00e0 Saint-Denis (Seine-Saint-Denis), qui affectera le trafic des RER B et D au nord. L\u2019interconnexion du B est interrompue \u00e0 la gare du Nord, et le RER D ne circulera pas entre Gare-de-Lyon et Gare-du-Nord, ces samedi 12 et dimanche 13 juillet. \u00c0 noter que les lignes 3 (Op\u00e9ra &#8211; Gallieni) et 4 (Les Halles &#8211; Porte-d\u2019Orl\u00e9ans) restent partiellement ferm\u00e9es tout le week-end.<\/p>\n<p class=\"paragraph text_align_left lp-f-body-02\">Et pour les lignes qui fonctionnent, attention : les trains, bus ou trams sont moins nombreux en cette p\u00e9riode estivale. Des temps d\u2019attente plus longs sont \u00e0 prendre en compte. Bon \u00e0 savoir : le m\u00e9tro sera ouvert une heure de plus que d\u2019habitude dimanche et lundi soir. La RATP pr\u00e9voit aussi un renfort ponctuel de l\u2019offre le lundi sur les lignes 1, 2, 5, 6, 8, 9 et 13.<\/p>\n<p>Plusieurs stations ferm\u00e9es lundi<\/p>\n<p class=\"paragraph text_align_left lp-f-body-02\">De plus, <a href=\"https:\/\/www.leparisien.fr\/etudiant\/vie-etudiante\/bals-defiles-feux-dartifice-et-match-de-foot-voici-le-programme-des-festivites-du-14-juillet-a-paris-et-en-ile-de-france-DS5EPIKWKBHZ3HRR3VLQT3DAGM.php\" target=\"_self\" rel=\"noopener\">les c\u00e9l\u00e9brations du 14 Juillet<\/a> se traduiront lundi par des stations de m\u00e9tro et des rues ferm\u00e9es dans le secteur des Champs-\u00c9lys\u00e9es (VIIIe). L\u2019ensemble de ces restrictions sera appliqu\u00e9 et lev\u00e9 par la pr\u00e9fecture de police. La liste ci-dessous est susceptible d\u2019\u00e9voluer.<\/p>\n<p class=\"paragraph text_align_left lp-f-body-02\"><b>Charles-de-Gaulle-\u00c9toile<\/b> (RER A, lignes 1, 2 et 6 du m\u00e9tro) ne sera pas desservie lundi en raison des c\u00e9r\u00e9monies.<\/p>\n<p class=\"paragraph text_align_left lp-f-body-02\"><b>Les gares du RER C<\/b> de Champ-de-Mars-Tour-Eiffel et Pont-de-l\u2019Alma seront closes \u00e0 19 heures lundi.<\/p>\n<p class=\"paragraph text_align_left lp-f-body-02\"><b>Ligne 1.<\/b> Les quais des stations Tuileries, Concorde, Champs-\u00c9lys\u00e9es \u2013 Clemenceau, Franklin-D.-Roosevelt, George-V, Charles-de-Gaulle-\u00c9toile et Argentine ne seront pas accessibles lundi.<\/p>\n<p class=\"paragraph text_align_left lp-f-body-02\"><b>Ligne 6.<\/b> Les arr\u00eats Boissi\u00e8re, Kl\u00e9ber et Charles-de-Gaulle-\u00c9toile ne seront pas desservis non plus. Les stations Dupleix, Boissi\u00e8re, Bir-Hakeim, Passy et Trocad\u00e9ro fermeront leurs portes \u00e0 19 heures. \u00ab Dimanche (20 heures) et le lundi 14 (\u00e0 prise de service), la ligne 6 aura pour terminus Trocad\u00e9ro et aucun train de circulera sur la ligne 1 entre les stations Palais-Royal et Porte-Maillot (qui elles sont desservies) \u00bb, pr\u00e9cise la RATP.<\/p>\n<p class=\"paragraph text_align_left lp-f-body-02\"><b>Ligne 13.<\/b> L\u2019arr\u00eat Champs-\u00c9lys\u00e9es-Clemenceau ne sera pas desservi lundi.<\/p>\n<p>Des gares non desservies sur le RER<\/p>\n<p class=\"paragraph text_align_left lp-f-body-02\"><b>RER A.<\/b> Lundi, la gare de Charles-de-Gaulle-\u00c9toile ne sera pas desservie, toute la journ\u00e9e. Ces samedi, dimanche et lundi jusqu\u2019\u00e0 15 heures, le service est suspendu entre Maisons-Laffitte et Poissy (Yvelines). Un service de bus de remplacement est mis en place entre Ach\u00e8res-Ville et Poissy. Pour vous rendre \u00e0 Ach\u00e8res-Ville, empruntez un RER A \u00e0 destination de Cergy-le Haut (Val-d\u2019Oise). La ligne de bus 1 est renforc\u00e9e entre Saint-Germain-en-Laye et Poissy.<\/p>\n<p class=\"paragraph text_align_left lp-f-body-02\"><b>RER B. <\/b>En raison du chantier <a href=\"https:\/\/www.leparisien.fr\/info-paris-ile-de-france-oise\/transports\/changement-dun-pont-a-saint-denis-la-gare-du-nord-et-plusieurs-lignes-perturbees-pendant-trois-jours-12-02-2025-TAJ4V6VGGFF53K5UP6FP3NGTT4.php\" target=\"_self\" rel=\"noopener\">du pont des Cath\u00e9drales<\/a>, de samedi \u00e0 lundi inclus, un changement de train sera n\u00e9cessaire \u00e0 Gare-du-Nord entre les voies souterraines et celles de surface. \u00ab Les trains en direction de l\u2019a\u00e9roport Charles-de-Gaulle-2-TGV (Val-d\u2019Oise) et de Mitry-Claye (Seine-et-Marne) partiront des voies de surface, 32 et 33. Les trains en direction de Robinson (Hauts-de-Seine) et Saint-R\u00e9my-l\u00e8s-Chevreuse (Yvelines) partiront des voies souterraines 44 ou 42 \u00bb, indique la SNCF.<\/p>\n<p class=\"paragraph text_align_left lp-f-body-02\"><b>RER C. <\/b>Les grands travaux commencent sur la ligne C. Du samedi 12 juillet au samedi 23 ao\u00fbt, le trafic est interrompu entre Massy-Palaiseau et Pont de Rungis. <\/p>\n<p class=\"paragraph text_align_left lp-f-body-02\"><b>RER D. <\/b>En raison des travaux \u00e0 Saint-Denis, le RER D est stopp\u00e9 \u00e0 Paris entre Gare-de-Lyon et Gare-du-Nord, ces samedi, dimanche et lundi. De plus, tous les trains ont pour origine et terminus Gare-de Lyon en surface, ces samedi et dimanche, pour les voyageurs en direction de Melun (Seine-et-Marne) et Corbeil-Essonnes. \u00c0 savoir : la station Stade-de-France n\u2019est pas desservie non plus. \u00ab Pour rejoindre cette gare, empruntez <a href=\"https:\/\/www.leparisien.fr\/info-paris-ile-de-france-oise\/transports\/ligne-14-de-saint-denis-pleyel-a-laeroport-dorly-le-metro-parisien-change-de-dimension-24-06-2024-VU6GWIQKVZCL7CZ3TMPPTDS7VY.php\" target=\"_self\" rel=\"noopener\">la ligne 14 du m\u00e9tro<\/a> \u00bb, sugg\u00e8re la SNCF. Ce week-end, par ailleurs, au sud, les trains ne roulent pas entre Combs-la-Ville &#8211; Quincy et Melun. Un service de bus est mis en place.<\/p>\n<p class=\"paragraph text_align_left lp-f-body-02\"><b>RER E.<\/b> Il faudra rentrer t\u00f4t : \u00e0 compter de lundi et jusqu\u2019au 24 juillet, le service s\u2019arr\u00eate, en semaine, \u00e0 partir de 20h30, entre Nanterre-la-Folie (Hauts-de-Seine) et Tournan (Seine-et-Marne). Le dernier train part \u00e0 22h30, entre Nanterre-la-Folie et Villiers-sur-Marne &#8211; Le Plessis-Tr\u00e9vise (Val-de-Marne).<\/p>\n<p>Trafic interrompu sur deux lignes du Transilien<\/p>\n<p class=\"paragraph text_align_left lp-f-body-02\"><b>Ligne J.<\/b> Ces samedi, dimanche et lundi, la circulation est stopp\u00e9e entre Paris-Saint-Lazare et Mantes-la-Jolie (Yvelines) via Poissy. Un service de bus est mis en place entre Les Mureaux et Mantes-la-Jolie.<\/p>\n<p class=\"paragraph text_align_left lp-f-body-02\"><b>Ligne K. <\/b>Autre coupure li\u00e9e au pont des Cath\u00e9drales : ces samedi, dimanche et lundi, le trafic est interrompu entre Paris Gare-du-Nord et Aulnay-sous-Bois (Seine-Saint-Denis). Il est conseill\u00e9 d\u2019emprunter le RER B entre Paris Gare-du-Nord et Aulnay-sous-Bois puis un train de la ligne K entre Aulnay-sous-Bois et Cr\u00e9py-en-Valois (Oise).<\/p>\n<p>Travaux dans le m\u00e9tro<\/p>\n<p class=\"paragraph text_align_left lp-f-body-02\"><b>Ligne 3.<\/b> Jusqu\u2019au 3 ao\u00fbt, la partie est de la ligne 3 est en travaux. Le trafic est interrompu entre Op\u00e9ra et Gallieni (Parc-de-Bagnolet). Un service de bus est mis en place.<\/p>\n<p><img decoding=\"async\" class=\"image \" loading=\"lazy\" src=\"https:\/\/www.europesays.com\/fr\/wp-content\/uploads\/2025\/07\/44QFGYFND5E5FFWLMTNWAR3EXM.jpg\" alt=\"\" align=\"\" data-rubrique-principale=\"\" data-article-type=\"\" fetchpriority=\"auto\"\/><\/p>\n<p class=\"paragraph text_align_left lp-f-body-02\"><b>Ligne 4. <\/b>Jusqu\u2019\u00e0 lundi inclus, toute la journ\u00e9e, la partie sud de la ligne 4 est inaccessible. Le trafic est interrompu entre les Halles et Porte-d\u2019Orl\u00e9ans. Il est conseill\u00e9 de se rabattre sur le RER B.<\/p>\n<p class=\"paragraph text_align_left lp-f-body-02\"><b>Ligne 13.<\/b> La station Gabriel-P\u00e9ri (Asni\u00e8res-sur-Seine) est ferm\u00e9e \u00e0 partir de lundi, et jusqu\u2019au 31 ao\u00fbt. Les m\u00e9tros ne marquent pas l\u2019arr\u00eat.<\/p>\n","protected":false},"excerpt":{"rendered":"C\u2019est parti : la deuxi\u00e8me quinzaine de juillet co\u00efncide avec le d\u00e9marrage de nombreux chantiers sur les axes&hellip;\n","protected":false},"author":2,"featured_media":248577,"comment_status":"","ping_status":"","sticky":false,"template":"","format":"standard","meta":{"footnotes":""},"categories":[1592],"tags":[1111,11,1777,674,1011,27,662,1944,12,626,25,2382],"class_list":{"0":"post-248576","1":"post","2":"type-post","3":"status-publish","4":"format-standard","5":"has-post-thumbnail","7":"category-ile-de-france","8":"tag-actu","9":"tag-actualites","10":"tag-eu","11":"tag-europe","12":"tag-fr","13":"tag-france","14":"tag-ile-de-france","15":"tag-ma-ville","16":"tag-news","17":"tag-paris","18":"tag-republique-francaise","19":"tag-transport-idf-oise"},"share_on_mastodon":{"url":"https:\/\/pubeurope.com\/@fr\/114849656630292310","error":""},"_links":{"self":[{"href":"https:\/\/www.europesays.com\/fr\/wp-json\/wp\/v2\/posts\/248576","targetHints":{"allow":["GET"]}}],"collection":[{"href":"https:\/\/www.europesays.com\/fr\/wp-json\/wp\/v2\/posts"}],"about":[{"href":"https:\/\/www.europesays.com\/fr\/wp-json\/wp\/v2\/types\/post"}],"author":[{"embeddable":true,"href":"https:\/\/www.europesays.com\/fr\/wp-json\/wp\/v2\/users\/2"}],"replies":[{"embeddable":true,"href":"https:\/\/www.europesays.com\/fr\/wp-json\/wp\/v2\/comments?post=248576"}],"version-history":[{"count":0,"href":"https:\/\/www.europesays.com\/fr\/wp-json\/wp\/v2\/posts\/248576\/revisions"}],"wp:featuredmedia":[{"embeddable":true,"href":"https:\/\/www.europesays.com\/fr\/wp-json\/wp\/v2\/media\/248577"}],"wp:attachment":[{"href":"https:\/\/www.europesays.com\/fr\/wp-json\/wp\/v2\/media?parent=248576"}],"wp:term":[{"taxonomy":"category","embeddable":true,"href":"https:\/\/www.europesays.com\/fr\/wp-json\/wp\/v2\/categories?post=248576"},{"taxonomy":"post_tag","embeddable":true,"href":"https:\/\/www.europesays.com\/fr\/wp-json\/wp\/v2\/tags?post=248576"}],"curies":[{"name":"wp","href":"https:\/\/api.w.org\/{rel}","templated":true}]}}