{"id":248588,"date":"2025-07-14T04:22:11","date_gmt":"2025-07-14T04:22:11","guid":{"rendered":"https:\/\/www.europesays.com\/fr\/248588\/"},"modified":"2025-07-14T04:22:11","modified_gmt":"2025-07-14T04:22:11","slug":"en-direct-guerre-en-ukraine-les-etats-unis-vont-envoyer-des-systemes-antiaeriens-patriot-a-lukraine","status":"publish","type":"post","link":"https:\/\/www.europesays.com\/fr\/248588\/","title":{"rendered":"En direct, guerre en Ukraine \u2013 Les Etats-Unis vont envoyer des syst\u00e8mes antia\u00e9riens Patriot \u00e0 l&rsquo;Ukraine"},"content":{"rendered":"<p>        06:15<\/p>\n<p>      Les Etats-Unis vont envoyer des syst\u00e8mes antia\u00e9riens Patriot \u00e0 l&rsquo;Ukraine, dit Donald Trump<\/p>\n<p>              <a tabindex=\"-1\" title=\"Le Temps avec l\u2019AFP\" href=\"https:\/\/www.letemps.ch\/profil\/le-temps-avec-l-afp\" rel=\"nofollow noopener\" target=\"_blank\"><\/p>\n<p>                    <img decoding=\"async\" src=\"https:\/\/www.europesays.com\/fr\/wp-content\/uploads\/2025\/04\/1744691829_537_small.jpeg\" class=\"lazy\" alt=\"\"\/><\/p>\n<p><\/a>        <\/p>\n<p>Le pr\u00e9sident am\u00e9ricain a d\u00e9clar\u00e9 dimanche depuis Washington que les Etats-Unis allaient envoyer des syst\u00e8mes de d\u00e9fense antia\u00e9rienne Patriot \u00e0 l&rsquo;Ukraine pour l&rsquo;aider \u00e0 r\u00e9pondre aux frappes russes, au moment o\u00f9 ses relations avec le pr\u00e9sident russe Vladimir Poutine montrent une d\u00e9gradation. \u00abNous leur enverrons des Patriots, dont ils ont d\u00e9sesp\u00e9r\u00e9ment besoin\u00bb, a d\u00e9clar\u00e9 Donald Trump, sans pr\u00e9ciser combien, deux semaines apr\u00e8s que Washington a annonc\u00e9 la suspension de certaines livraisons d&rsquo;armes \u00e0 Kiev.<\/p>\n<p>La livraison d&rsquo;armes fera partie d&rsquo;un accord impliquant l&rsquo;OTAN qui paiera les Etats-Unis pour des armes qu&rsquo;elle enverra \u00e0 l&rsquo;Ukraine, selon Donald Trump. \u00abNous allons en fait leur envoyer divers \u00e9quipements militaires tr\u00e8s sophistiqu\u00e9s et ils vont nous les payer \u00e0 100%\u00bb, a d\u00e9clar\u00e9 Donald Trump aux journalistes.<\/p>\n<p>        05:37<\/p>\n<p>      Emmanuel Macron acc\u00e9l\u00e8re la hausse des d\u00e9penses de d\u00e9fense<\/p>\n<p>              <a tabindex=\"-1\" title=\"Le Temps avec l\u2019AFP\" href=\"https:\/\/www.letemps.ch\/profil\/le-temps-avec-l-afp\" rel=\"nofollow noopener\" target=\"_blank\"><\/p>\n<p>                    <img decoding=\"async\" src=\"https:\/\/www.europesays.com\/fr\/wp-content\/uploads\/2025\/04\/1744691829_537_small.jpeg\" class=\"lazy\" alt=\"\"\/><\/p>\n<p><\/a>        <\/p>\n<p>Malgr\u00e9 des finances publiques au plus mal, le pr\u00e9sident fran\u00e7ais Emmanuel Macron a annonc\u00e9 dimanche une acc\u00e9l\u00e9ration de la hausse des d\u00e9penses de d\u00e9fense de la France dans les deux prochaines ann\u00e9es face \u00e0 \u00abun monde plus brutal\u00bb et l&rsquo;aggravation des menaces, \u00e9manant notamment de la Russie.<\/p>\n<p>L&rsquo;Europe est \u00abmise en danger au moment o\u00f9 la guerre a \u00e9t\u00e9 port\u00e9e sur notre sol avec l&rsquo;invasion de l&rsquo;Ukraine, alors que les Etats-Unis ont ajout\u00e9 une forme d&rsquo;incertitude\u00bb quant \u00e0 la p\u00e9rennit\u00e9 de leur soutien, a expos\u00e9 Emmanuel Macron.<\/p>\n<p>En cons\u00e9quence, Emmanuel Macron a annonc\u00e9 vouloir renforcer l&rsquo;effort budg\u00e9taire pour la d\u00e9fense d\u00e9j\u00e0 engag\u00e9, en ajoutant des d\u00e9penses de 3,5 milliards d&rsquo;euros en 2026 puis \u00e0 nouveau 3 milliards de plus en 2027, de sorte que le budget de la d\u00e9fense aura quasiment doubl\u00e9 en dix ans sous ses deux mandats, pour atteindre pr\u00e8s de 64 milliards d&rsquo;euros \u00e0 cet horizon.<\/p>\n<p>        04:49<\/p>\n<p>      Donald Trump rencontre Mark Rutte<\/p>\n<p>              <a tabindex=\"-1\" title=\"Le Temps avec l\u2019AFP\" href=\"https:\/\/www.letemps.ch\/profil\/le-temps-avec-l-afp\" rel=\"nofollow noopener\" target=\"_blank\"><\/p>\n<p>                    <img decoding=\"async\" src=\"https:\/\/www.europesays.com\/fr\/wp-content\/uploads\/2025\/04\/1744691829_537_small.jpeg\" class=\"lazy\" alt=\"\"\/><\/p>\n<p><\/a>        <\/p>\n<p>L&rsquo;activit\u00e9 diplomatique devait s&rsquo;acc\u00e9l\u00e9rer lundi avec une rencontre entre le pr\u00e9sident am\u00e9ricain Donald Trump et le secr\u00e9taire g\u00e9n\u00e9ral de l&rsquo;Otan, Mark Rutte, \u00e0 10h locale (16h en Suisse) dans le Bureau ovale, en pr\u00e9sence du s\u00e9cr\u00e9taire d&rsquo;Etat Marco Rubio.<\/p>\n<p>        02:33<\/p>\n<p>      Les services de s\u00e9curit\u00e9 ukrainiens disent avoir tu\u00e9 des agents russes soup\u00e7onn\u00e9s d&rsquo;assassinat<\/p>\n<p>              <a tabindex=\"-1\" title=\"Le Temps avec l\u2019AFP\" href=\"https:\/\/www.letemps.ch\/profil\/le-temps-avec-l-afp\" rel=\"nofollow noopener\" target=\"_blank\"><\/p>\n<p>                    <img decoding=\"async\" src=\"https:\/\/www.europesays.com\/fr\/wp-content\/uploads\/2025\/04\/1744691829_537_small.jpeg\" class=\"lazy\" alt=\"\"\/><\/p>\n<p><\/a>        <\/p>\n<p>Les services de s\u00e9curit\u00e9 ukrainiens (SBU) ont annonc\u00e9 dimanche avoir tu\u00e9 des personnes soup\u00e7onn\u00e9es d&rsquo;\u00eatre des agents russes responsables de l&rsquo;assassinat d&rsquo;un officier du renseignement ukrainien. Ce dernier, le colonel Ivan Voronytch, qui travaillait pour le SBU, avait \u00e9t\u00e9 abattu jeudi \u00e0 Kiev, une affaire relativement rare en Ukraine.<\/p>\n<p>Le SBU a affirm\u00e9 avoir conduit dimanche une op\u00e9ration dans la r\u00e9gion de la capitale ukrainienne en vue d&rsquo;arr\u00eater les suspects de son meurtre, identifi\u00e9s comme \u00e9tant des agents des services de s\u00e9curit\u00e9 russes (FSB). Au moment de leur arrestation, des membres de ce groupe \u00abont oppos\u00e9 une r\u00e9sistance et ont \u00e9t\u00e9 neutralis\u00e9s\u00bb, a racont\u00e9 le SBU. Les services ukrainiens n&rsquo;ont pas dit combien de personnes avaient \u00e9t\u00e9 tu\u00e9es au cours de cette op\u00e9ration mais ont diffus\u00e9 une vid\u00e9o dans laquelle deux cadavres sont visibles.<\/p>\n<p>        02:09<\/p>\n<p>      Un s\u00e9nateur am\u00e9ricain d\u00e9fend des sanctions drastiques contre la Russie<\/p>\n<p>              <a tabindex=\"-1\" title=\"Le Temps avec l\u2019AFP\" href=\"https:\/\/www.letemps.ch\/profil\/le-temps-avec-l-afp\" rel=\"nofollow noopener\" target=\"_blank\"><\/p>\n<p>                    <img decoding=\"async\" src=\"https:\/\/www.europesays.com\/fr\/wp-content\/uploads\/2025\/04\/1744691829_537_small.jpeg\" class=\"lazy\" alt=\"\"\/><\/p>\n<p><\/a>        <\/p>\n<p>L&rsquo;influent s\u00e9nateur am\u00e9ricain Lindsey Graham a d\u00e9fendu dimanche sa proposition de sanctions drastiques contre Moscou. \u00abUn tournant arrive\u00bb dans la guerre en Ukraine, a d\u00e9clar\u00e9 le s\u00e9nateur r\u00e9publicain sur CBS, apr\u00e8s que le pr\u00e9sident am\u00e9ricain a dit plus t\u00f4t dans la semaine qu&rsquo;il ferait lundi \u00abune d\u00e9claration importante\u00bb \u00e0 propos de la Russie.<\/p>\n<p>Lindsey Graham m\u00e8ne depuis plusieurs mois une coalition de parlementaires am\u00e9ricains favorables \u00e0 de nouvelles sanctions financi\u00e8res tr\u00e8s importantes contre Moscou et ses soutiens. Cette proposition de loi \u00abdonnerait au pr\u00e9sident Trump la capacit\u00e9 d&rsquo;imposer des droits de douane de 500% sur n&rsquo;importe quel pays qui aide la Russie et soutient la machine de guerre de Poutine\u00bb, a d\u00e9clar\u00e9 dimanche le s\u00e9nateur.<\/p>\n<p>Le pr\u00e9sident aura \u00abune flexibilit\u00e9 maximum\u00bb sur les droits de douane impos\u00e9s si ce texte \u00e9tait adopt\u00e9, a dit Lindsey Graham, assurant avoir le soutien de 85 des 100 s\u00e9nateurs am\u00e9ricains, au-del\u00e0 donc du seul camp r\u00e9publicain de Donald Trump. \u00abC&rsquo;est un coup de massue que le pr\u00e9sident Trump aura \u00e0 sa disposition pour mettre fin \u00e0 la guerre\u00bb, a insist\u00e9 Lindsey Graham, qui s&rsquo;est rendu en Europe cette semaine pour d\u00e9fendre ses mesures aux c\u00f4t\u00e9s de son partenaire d\u00e9mocrate Richard Blumenthal.<\/p>\n","protected":false},"excerpt":{"rendered":"06:15 Les Etats-Unis vont envoyer des syst\u00e8mes antia\u00e9riens Patriot \u00e0 l&rsquo;Ukraine, dit Donald Trump Le pr\u00e9sident am\u00e9ricain a&hellip;\n","protected":false},"author":2,"featured_media":248589,"comment_status":"","ping_status":"","sticky":false,"template":"","format":"standard","meta":{"footnotes":""},"categories":[1590],"tags":[11,1777,674,4438,12,132,220],"class_list":{"0":"post-248588","1":"post","2":"type-post","3":"status-publish","4":"format-standard","5":"has-post-thumbnail","7":"category-ukraine","8":"tag-actualites","9":"tag-eu","10":"tag-europe","11":"tag-free","12":"tag-news","13":"tag-russie","14":"tag-ukraine"},"share_on_mastodon":{"url":"https:\/\/pubeurope.com\/@fr\/114849680730342998","error":""},"_links":{"self":[{"href":"https:\/\/www.europesays.com\/fr\/wp-json\/wp\/v2\/posts\/248588","targetHints":{"allow":["GET"]}}],"collection":[{"href":"https:\/\/www.europesays.com\/fr\/wp-json\/wp\/v2\/posts"}],"about":[{"href":"https:\/\/www.europesays.com\/fr\/wp-json\/wp\/v2\/types\/post"}],"author":[{"embeddable":true,"href":"https:\/\/www.europesays.com\/fr\/wp-json\/wp\/v2\/users\/2"}],"replies":[{"embeddable":true,"href":"https:\/\/www.europesays.com\/fr\/wp-json\/wp\/v2\/comments?post=248588"}],"version-history":[{"count":0,"href":"https:\/\/www.europesays.com\/fr\/wp-json\/wp\/v2\/posts\/248588\/revisions"}],"wp:featuredmedia":[{"embeddable":true,"href":"https:\/\/www.europesays.com\/fr\/wp-json\/wp\/v2\/media\/248589"}],"wp:attachment":[{"href":"https:\/\/www.europesays.com\/fr\/wp-json\/wp\/v2\/media?parent=248588"}],"wp:term":[{"taxonomy":"category","embeddable":true,"href":"https:\/\/www.europesays.com\/fr\/wp-json\/wp\/v2\/categories?post=248588"},{"taxonomy":"post_tag","embeddable":true,"href":"https:\/\/www.europesays.com\/fr\/wp-json\/wp\/v2\/tags?post=248588"}],"curies":[{"name":"wp","href":"https:\/\/api.w.org\/{rel}","templated":true}]}}