{"id":24859,"date":"2025-04-14T18:07:13","date_gmt":"2025-04-14T18:07:13","guid":{"rendered":"https:\/\/www.europesays.com\/fr\/24859\/"},"modified":"2025-04-14T18:07:13","modified_gmt":"2025-04-14T18:07:13","slug":"samsung-suspend-la-mise-a-jour-tant-attendue-vers-one-ui-7-en-raison-dun-gros-bug","status":"publish","type":"post","link":"https:\/\/www.europesays.com\/fr\/24859\/","title":{"rendered":"Samsung suspend la mise \u00e0 jour tant attendue vers One UI\u00a07 en raison d\u2019un gros bug"},"content":{"rendered":"<p>Alors que la mise \u00e0 niveau des Galaxy\u00a0S24 vers Android\u00a015 venait de commencer, Samsung y a mis un gros coup de frein en raison de la d\u00e9couverte d\u2019un bug.<\/p>\n<p><a href=\"https:\/\/images.frandroid.com\/wp-content\/uploads\/2025\/04\/one-ui-7-samsung-galaxy-s24-ultra-scaled-1.jpg\" target=\"_blank\" class=\"article-content__figure\" rel=\"noopener\"><img fetchpriority=\"high\" decoding=\"async\" loading=\"eager\" width=\"1200\" height=\"900\" src=\"https:\/\/www.europesays.com\/fr\/wp-content\/uploads\/2025\/04\/one-ui-7-samsung-galaxy-s24-ultra-scaled-1-1200x900-1.jpg\" alt=\"\" class=\"wp-image-2580421 wp-image wp-image\"  \/><\/a>Cr\u00e9dit : Frandroid<\/p>\n<p>D\u00e9cid\u00e9ment, One UI\u00a07.0 semble touch\u00e9e par une \u00e9trange mal\u00e9diction. <a href=\"https:\/\/www.frandroid.com\/marques\/samsung\/2552681_one-ui-7-encore-en-retard-mais-que-se-passe-t-il-chez-samsung\" target=\"_blank\" rel=\"noopener\">D\u00e9j\u00e0 longuement retard\u00e9 par Samsung<\/a>, le d\u00e9ploiement de cette nouvelle version d\u2019Android sur les <a href=\"https:\/\/www.frandroid.com\/produits\/smartphones\/samsung\/1912777-samsung-galaxy-s24\" target=\"_blank\" rel=\"noopener\">Galaxy\u00a0S24<\/a>, <a href=\"https:\/\/www.frandroid.com\/produits\/smartphones\/samsung\/1912873-samsung-galaxy-s24-plus\" target=\"_blank\" rel=\"noopener\">S24 Plus<\/a> et <a href=\"https:\/\/www.frandroid.com\/produits\/smartphones\/samsung\/1912933-samsung-galaxy-s24-ultra\" target=\"_blank\" rel=\"noopener\">S24 Ultra<\/a> va encore prendre du retard en raison d\u2019un bug logiciel.<\/p>\n<p><a href=\"https:\/\/www.androidpolice.com\/samsung-hits-pause-on-one-ui-7-rollout-due-to-major-bug\/\" target=\"_blank\" rel=\"noreferrer noopener\">Comme Android Police l\u2019a annonc\u00e9<\/a>, la campagne de mise \u00e0 jour <a href=\"https:\/\/www.frandroid.com\/marques\/samsung\/2577085_samsung-galaxy-s24-et-one-ui-7-la-mise-a-jour-est-enfin-disponible-en-france-pour-de-vrai-cette-fois\" target=\"_blank\" rel=\"noopener\">qui venait tout juste d\u2019arriver sur les t\u00e9l\u00e9phones Samsung d\u2019ancienne g\u00e9n\u00e9ration<\/a> a donc \u00e9t\u00e9 suspendue.<\/p>\n<p>Des probl\u00e8mes de d\u00e9verrouillage<\/p>\n<p>            <img decoding=\"async\" width=\"1200\" height=\"675\" loading=\"lazy\" alt=\"banner_P9a_Lifestyle_2025Q1_Affiliate_1920x1080\" title=\"banner_P9a_Lifestyle_2025Q1_Affiliate_1920x1080\" class=\"is-radiusless placeholder-default wp-image\" src=\"https:\/\/www.europesays.com\/fr\/wp-content\/uploads\/2025\/04\/banner-p9a-lifestyle-2025q1-affiliate-1920x1080-1-1200x675.jpg\" \/>        <\/p>\n<p>\n                Pixel 9a : jusqu\u2019\u00e0 415 \u20ac de remise*            <\/p>\n<p class=\"has-text-weight-medium is-size-6 is-line-height-normal\">\n                Achetez le nouveau Pixel 9a et recevez jusqu\u2019\u00e0 415 euros en \u00e9change d\u2019un t\u00e9l\u00e9phone \u00e9ligible (prime promotionnelle de 150 euros incluse). Offre valable jusqu\u2019au 12\/05.            <\/p>\n<p>Si Samsung n\u2019a pas communiqu\u00e9 officiellement sur les raisons derri\u00e8re cette suspension temporaire de d\u00e9ploiement de la mise \u00e0 jour, le c\u00e9l\u00e8bre leaker @UniversIce affirme que cela est d\u00fb \u00e0 un \u00ab\u2009grave bug\u2009\u00bb d\u00e9couvert \u00e0 la derni\u00e8re minute.<\/p>\n<p>L\u00e0 encore, aucune information officielle sur la nature de ce bug n\u2019a \u00e9t\u00e9 livr\u00e9e, mais d\u2019apr\u00e8s plusieurs t\u00e9moignages sur les forums officiels de la marque, il s\u2019agirait d\u2019un probl\u00e8me qui emp\u00eacherait les utilisateurs et utilisatrices de d\u00e9verrouiller leurs t\u00e9l\u00e9phones dans certaines circonstances.<\/p>\n<blockquote class=\"twitter-tweet\" data-width=\"550\" data-dnt=\"true\">\n<p lang=\"en\" dir=\"ltr\">The reason for the delay in the Galaxy S24 push is that users of the official version of One UI7 of the Korean S24 series found that \u00ab\u00a0they could not be unlocked normally in some cases.\u00a0\u00bb \u200b\u200b\u200b<br \/>Samsung urgently reviewed the firmware withdrawal in other countries.<br \/>Have you ever\u2026<\/p>\n<p>\u2014 I&rsquo;m back\uff01 (@UniverseIce) <a href=\"https:\/\/twitter.com\/UniverseIce\/status\/1911651452713648568?ref_src=twsrc%5Etfw\" target=\"_blank\" rel=\"noopener\">April 14, 2025<\/a><\/p><\/blockquote>\n<p>                Ce contenu est bloqu\u00e9 car vous n\u2019avez pas accept\u00e9 les cookies et autres traceurs. Ce contenu est fourni par Twitter.<br \/>Pour pouvoir le visualiser, vous devez accepter l\u2019usage \u00e9tant op\u00e9r\u00e9 par Twitter avec vos donn\u00e9es qui pourront \u00eatre utilis\u00e9es pour les finalit\u00e9s suivantes : vous permettre de visualiser et de partager des contenus avec des m\u00e9dias sociaux, favoriser le d\u00e9veloppement et l\u2019am\u00e9lioration des produits d\u2019Humanoid et de ses partenaires, vous afficher des publicit\u00e9s personnalis\u00e9es par rapport \u00e0 votre profil et activit\u00e9, vous d\u00e9finir un profil publicitaire personnalis\u00e9, mesurer la performance des publicit\u00e9s et du contenu de ce site et mesurer l\u2019audience de ce site <a href=\"#\" class=\"js-privacy\" target=\"_blank\">(en savoir plus)<\/a>            <\/p>\n<p>                En cliquant sur \u00ab J\u2019accepte tout \u00bb, vous consentez aux finalit\u00e9s susmentionn\u00e9es pour l\u2019ensemble des cookies et autres traceurs d\u00e9pos\u00e9s par Humanoid et <a class=\"embed-consent-overlay-vendors-link\" href=\"#preferences-vendeurs\">ses partenaires<\/a>.            <\/p>\n<p>                Vous gardez la possibilit\u00e9 de retirer votre consentement \u00e0 tout moment. Pour plus d\u2019informations, nous vous invitons \u00e0 prendre connaissance de notre <a href=\"https:\/\/www.frandroid.com\/politique-cookies\" target=\"_blank\" rel=\"noopener\">Politique cookies<\/a>.            <\/p>\n<p>            J\u2019accepte tout        <\/p>\n<p class=\"embed-consent-overlay-manage-choices\">            <a href=\"#preferences-publicitaires\">G\u00e9rer mes choix<\/a>        <\/p>\n<p>\u00c0 priori, le probl\u00e8me toucherait <a href=\"https:\/\/www.frandroid.com\/marques\/samsung\/1924021_samsung-galaxy-s24-exynos-2400-vs-s24-ultra-snapdragon-8-gen-3-voici-les-differences-de-performances-observees\" target=\"_blank\" rel=\"noopener\">les mod\u00e8les Exynos, tout comme les mod\u00e8les \u00e9quip\u00e9s d\u2019une puce Snapdragon<\/a>. L\u2019image syst\u00e8me aurait donc \u00e9t\u00e9 supprim\u00e9e des serveurs de Samsung partout dans le monde.<\/p>\n<p>Et si j\u2019ai d\u00e9j\u00e0 install\u00e9 la mise \u00e0 jour ?<\/p>\n<p>Malheureusement, les S24 ne sont pas les seuls mobiles concern\u00e9s par le probl\u00e8me. Les <a href=\"https:\/\/www.frandroid.com\/produits\/smartphones\/samsung\/2074134-samsung-galaxy-z-fold-6\" target=\"_blank\" rel=\"noopener\">Galaxy Z Fold\u00a06<\/a> et <a href=\"https:\/\/www.frandroid.com\/produits\/smartphones\/samsung\/2074204-samsung-galaxy-z-flip-6\" target=\"_blank\" rel=\"noopener\">Flip\u00a06<\/a> se sont aussi vus soustraire la mise \u00e0 jour sans autre forme de proc\u00e8s.<\/p>\n<p>Pour celles et ceux qui ont d\u00e9j\u00e0 install\u00e9 la mise \u00e0 jour et qui ne rencontrent pas de probl\u00e8me, pas de panique cela dit. Samsung d\u00e9ploiera sans doute un correctif dans les prochains jours pour \u00e9viter tout probl\u00e8me. Par contre, si vous attendiez encore l\u2019arriv\u00e9e de One UI\u00a07.0 sur votre appareil, il faudra prendre votre mal en patience.<\/p>\n<p class=\"shortcode-container see-more\">\n    Pour aller plus loin<br \/><a href=\"https:\/\/www.frandroid.com\/android\/mises-a-jour-android\/1981546_mise-a-jour-android-15-smartphones-compatibles-nouveautes-dates-tout-ce-que-lon-sait\" target=\"_blank\" rel=\"noopener\">Mise \u00e0 jour Android 15\u00a0: smartphones compatibles, nouveaut\u00e9s, dates\u2026 Tout ce qu\u2019il faut savoir<\/a>\n            <\/p>\n<p>Sans doute que les S23 et <a href=\"https:\/\/www.frandroid.com\/android\/2010118_samsung-et-android-15-voici-les-39-smartphones-qui-pourraient-recevoir-la-mise-a-jour\" target=\"_blank\" rel=\"noopener\">les autres t\u00e9l\u00e9phones \u00e9ligibles \u00e0 Android\u00a015<\/a> devront aussi poireauter quelques jours de plus avant de faire joujou avec le nouvel OS.<\/p>\n<p>Le saviez-vous ? Google News vous permet de choisir vos m\u00e9dias. Ne passez pas \u00e0 c\u00f4t\u00e9 de <a href=\"https:\/\/news.google.com\/publications\/CAAqBggKMICKMDCuyQU?oc=3\" target=\"_blank\" rel=\"noopener\">Frandroid<\/a> et <a href=\"https:\/\/news.google.com\/publications\/CAAqBwgKMNO2ogkwmIaYAg?oc=3\" target=\"_blank\" rel=\"noopener\">Numerama<\/a>.<\/p>\n<p>            <script async src=\"https:\/\/platform.twitter.com\/widgets.js\" charset=\"utf-8\"><\/script><\/p>\n","protected":false},"excerpt":{"rendered":"Alors que la mise \u00e0 niveau des Galaxy\u00a0S24 vers Android\u00a015 venait de commencer, Samsung y a mis un&hellip;\n","protected":false},"author":2,"featured_media":24860,"comment_status":"","ping_status":"","sticky":false,"template":"","format":"standard","meta":{"footnotes":""},"categories":[7],"tags":[8946,1011,27,8947,8948,612,8949,8950,8951,8952,8953,43,40,41,39,42,44],"class_list":{"0":"post-24859","1":"post","2":"type-post","3":"status-publish","4":"format-standard","5":"has-post-thumbnail","7":"category-sciences-et-technologies","8":"tag-bug","9":"tag-fr","10":"tag-france","11":"tag-mise-a-jour","12":"tag-retard","13":"tag-samsung","14":"tag-samsung-galaxy-s24","15":"tag-samsung-galaxy-s24-plus","16":"tag-samsung-galaxy-s24-ultra","17":"tag-samsung-one-ui","18":"tag-samsung-one-ui-7-0","19":"tag-science","20":"tag-science-and-technology","21":"tag-sciences","22":"tag-sciences-et-technologies","23":"tag-technologies","24":"tag-technology"},"share_on_mastodon":{"url":"https:\/\/pubeurope.com\/@fr\/114337653963008793","error":""},"_links":{"self":[{"href":"https:\/\/www.europesays.com\/fr\/wp-json\/wp\/v2\/posts\/24859","targetHints":{"allow":["GET"]}}],"collection":[{"href":"https:\/\/www.europesays.com\/fr\/wp-json\/wp\/v2\/posts"}],"about":[{"href":"https:\/\/www.europesays.com\/fr\/wp-json\/wp\/v2\/types\/post"}],"author":[{"embeddable":true,"href":"https:\/\/www.europesays.com\/fr\/wp-json\/wp\/v2\/users\/2"}],"replies":[{"embeddable":true,"href":"https:\/\/www.europesays.com\/fr\/wp-json\/wp\/v2\/comments?post=24859"}],"version-history":[{"count":0,"href":"https:\/\/www.europesays.com\/fr\/wp-json\/wp\/v2\/posts\/24859\/revisions"}],"wp:featuredmedia":[{"embeddable":true,"href":"https:\/\/www.europesays.com\/fr\/wp-json\/wp\/v2\/media\/24860"}],"wp:attachment":[{"href":"https:\/\/www.europesays.com\/fr\/wp-json\/wp\/v2\/media?parent=24859"}],"wp:term":[{"taxonomy":"category","embeddable":true,"href":"https:\/\/www.europesays.com\/fr\/wp-json\/wp\/v2\/categories?post=24859"},{"taxonomy":"post_tag","embeddable":true,"href":"https:\/\/www.europesays.com\/fr\/wp-json\/wp\/v2\/tags?post=24859"}],"curies":[{"name":"wp","href":"https:\/\/api.w.org\/{rel}","templated":true}]}}