{"id":248594,"date":"2025-07-14T04:25:14","date_gmt":"2025-07-14T04:25:14","guid":{"rendered":"https:\/\/www.europesays.com\/fr\/248594\/"},"modified":"2025-07-14T04:25:14","modified_gmt":"2025-07-14T04:25:14","slug":"la-traversee-du-vietnam-aux-jardins-du-monde-a-berlin","status":"publish","type":"post","link":"https:\/\/www.europesays.com\/fr\/248594\/","title":{"rendered":"La travers\u00e9e du Vietnam aux Jardins du monde \u00e0 Berlin"},"content":{"rendered":"<p>&#13;<br \/>\n                        La travers\u00e9e du Vietnam aux Jardins du monde \u00e0 Berlin&#13;\n                    <\/p>\n<p style=\"text-align:\">Une exposition de photos en l\u2019honneur du 50e anniversaire des relations diplomatiques entre le Vietnam et l\u2019Allemagne se tient actuellement aux Jardins du Monde, situ\u00e9s dans le nord-est de Berlin.<\/p>\n<p><a href=\"https:\/\/lecourrier.vn\/lallemagne-investit-dans-les-ressources-humaines-pour-les-energies-renouvelables-au-vietnam\/1285178.html\" title=\"L&#039;Allemagne investit dans les ressources humaines pour les \u00e9nergies renouvelables au Vietnam\" rel=\"nofollow noopener\" target=\"_blank\">&gt;&gt; L&rsquo;Allemagne investit dans les ressources humaines pour les \u00e9nergies renouvelables au Vietnam<\/a><\/p>\n<p><a href=\"https:\/\/lecourrier.vn\/allemagne-les-consommateurs-voient-une-embellie-mais-souhaitent-plus-epargner\/1285701.html\" title=\"Allemagne : les consommateurs voient une embellie mais souhaitent plus \u00e9pargner\" rel=\"nofollow noopener\" target=\"_blank\">&gt;&gt; Allemagne : les consommateurs voient une embellie mais souhaitent plus \u00e9pargner<\/a><\/p>\n<p><a href=\"https:\/\/lecourrier.vn\/le-vietnam-intensifie-ses-efforts-pour-attirer-les-touristes-allemands\/1285961.html\" title=\"Le Vietnam intensifie ses efforts pour attirer les touristes allemands\" rel=\"nofollow noopener\" target=\"_blank\">&gt;&gt; Le Vietnam intensifie ses efforts pour attirer les touristes allemands<\/a><\/p>\n<p><a href=\"https:\/\/lecourrier.vn\/le-vietnam-et-lallemagne-conviennent-de-renforcer-leur-dialogue-et-leur-cooperation\/1286080.html\" title=\"Le Vietnam et l&#039;Allemagne conviennent de renforcer leur dialogue et leur coop\u00e9ration\" rel=\"nofollow noopener\" target=\"_blank\">&gt;&gt; Le Vietnam et l&rsquo;Allemagne conviennent de renforcer leur dialogue et leur coop\u00e9ration<\/a><\/p>\n<tr>\n<td class=\"pic\"><img decoding=\"async\" class=\"lazyload\" src=\"https:\/\/www.europesays.com\/fr\/wp-content\/uploads\/2025\/07\/204944-3.jpg\" alt=\"\"\/><\/td>\n<\/tr>\n<tr>\n<td class=\"caption\">L\u2019exposition pr\u00e9sente 50 clich\u00e9s sur la population, la culture et les paysages vietnamiens. <\/td>\n<\/tr>\n<tr align=\"right\">\n<td class=\"author\">Photo : VNA\/CVN<\/td>\n<\/tr>\n<p style=\"text-align:left\">Organis\u00e9 conjointement par le D\u00e9partement des beaux-arts, de la photographie et des expositions et l\u2019ambassade du Vietnam en Allemagne, cet \u00e9v\u00e9nement pr\u00e9sente 50 clich\u00e9s sur la population, la culture et les paysages vietnamiens, r\u00e9alis\u00e9es par des photographes vietnamiens et l\u2019artiste allemand G\u00f6tz Peter Reichelt. Les photos sont pr\u00e9sent\u00e9es sous la forme des lettres \u00ab\u00a0V-N\u00a0\u00bb, repr\u00e9sentant le Vietnam.<\/p>\n<p style=\"text-align:left\">Reichelt, qui a fait don de plus de 1.200 n\u00e9gatifs de films sur le Vietnam des ann\u00e9es 1990 au gouvernement vietnamien en 2019, a contribu\u00e9 \u00e0 cette collection \u00e0 travers plusieurs \u0153uvres. Ces images t\u00e9moignent d\u2019une p\u00e9riode du Vietnam, peu apr\u00e8s le D\u00f4i Moi (Renouveau) et \u00e0 l\u2019\u00e9poque de la r\u00e9unification allemande.<\/p>\n<tr>\n<td class=\"pic\"><img decoding=\"async\" class=\"lazyload\" src=\"https:\/\/www.europesays.com\/fr\/wp-content\/uploads\/2025\/07\/204933-2.jpg\" alt=\"\"\/><\/td>\n<\/tr>\n<tr>\n<td class=\"caption\">D\u00e9l\u00e9gu\u00e9s coupant la bande inaugurale de l&rsquo;exposition de photos en l\u2019honneur du 50e anniversaire des relations diplomatiques entre le Vietnam et l\u2019Allemagne.<\/td>\n<\/tr>\n<tr align=\"right\">\n<td class=\"author\">Photo : VNA\/CVN<\/td>\n<\/tr>\n<p style=\"text-align:left\">Selon le directeur adjoint du D\u00e9partement des beaux-arts, de la photographie et des expositions, Ng\u00f4 Tu\u00e2n Phong, l\u2019exposition offre un portrait authentique et vivant d\u2019un Vietnam en plein essor dans une nouvelle \u00e8re. Il a exprim\u00e9 l\u2019espoir que cet \u00e9v\u00e9nement renforcerait les liens culturels entre les deux pays et aiderait le public allemand, y compris la communaut\u00e9 vietnamienne, \u00e0 mieux comprendre le Vietnam.<\/p>\n<p style=\"text-align:left\">L\u2019ambassadeur du Vietnam en Allemagne, Vu Quang Minh, a salu\u00e9 la qualit\u00e9 artistique des \u0153uvres, soulignant l\u2019importance historique de la rencontre des perspectives des deux nations.<\/p>\n<p style=\"text-align:left\">C\u00e9l\u00e9brant les 50 ans des relations entre le Vietnam et l\u2019Allemagne, les 80 ans de l\u2019ind\u00e9pendance du Vietnam et les 35 ans de la r\u00e9unification allemande, le minist\u00e8re vietnamien de la Culture, des Sports et du Tourisme a fait don de l\u2019int\u00e9gralit\u00e9 des photographies expos\u00e9es \u00e0 l\u2019ambassade afin qu\u2019elle puisse \u00eatre pr\u00e9sent\u00e9e lors de prochains \u00e9v\u00e9nements culturels et diplomatiques.<\/p>\n<p style=\"text-align:right\"><b>VNA\/CVN<\/b><\/p>\n","protected":false},"excerpt":{"rendered":"&#13; La travers\u00e9e du Vietnam aux Jardins du monde \u00e0 Berlin&#13; Une exposition de photos en l\u2019honneur du&hellip;\n","protected":false},"author":2,"featured_media":248595,"comment_status":"","ping_status":"","sticky":false,"template":"","format":"standard","meta":{"footnotes":""},"categories":[1587],"tags":[11,672,1898,1804,1805,1803,1777,674,3293,1801,12,1802,951],"class_list":{"0":"post-248594","1":"post","2":"type-post","3":"status-publish","4":"format-standard","5":"has-post-thumbnail","7":"category-allemagne","8":"tag-actualites","9":"tag-allemagne","10":"tag-berlin","11":"tag-bundesrepublik-deutschland","12":"tag-de","13":"tag-deutschland","14":"tag-eu","15":"tag-europe","16":"tag-exposition","17":"tag-germany","18":"tag-news","19":"tag-republique-federale-dallemagne","20":"tag-vietnam"},"share_on_mastodon":{"url":"https:\/\/pubeurope.com\/@fr\/114849692205465135","error":""},"_links":{"self":[{"href":"https:\/\/www.europesays.com\/fr\/wp-json\/wp\/v2\/posts\/248594","targetHints":{"allow":["GET"]}}],"collection":[{"href":"https:\/\/www.europesays.com\/fr\/wp-json\/wp\/v2\/posts"}],"about":[{"href":"https:\/\/www.europesays.com\/fr\/wp-json\/wp\/v2\/types\/post"}],"author":[{"embeddable":true,"href":"https:\/\/www.europesays.com\/fr\/wp-json\/wp\/v2\/users\/2"}],"replies":[{"embeddable":true,"href":"https:\/\/www.europesays.com\/fr\/wp-json\/wp\/v2\/comments?post=248594"}],"version-history":[{"count":0,"href":"https:\/\/www.europesays.com\/fr\/wp-json\/wp\/v2\/posts\/248594\/revisions"}],"wp:featuredmedia":[{"embeddable":true,"href":"https:\/\/www.europesays.com\/fr\/wp-json\/wp\/v2\/media\/248595"}],"wp:attachment":[{"href":"https:\/\/www.europesays.com\/fr\/wp-json\/wp\/v2\/media?parent=248594"}],"wp:term":[{"taxonomy":"category","embeddable":true,"href":"https:\/\/www.europesays.com\/fr\/wp-json\/wp\/v2\/categories?post=248594"},{"taxonomy":"post_tag","embeddable":true,"href":"https:\/\/www.europesays.com\/fr\/wp-json\/wp\/v2\/tags?post=248594"}],"curies":[{"name":"wp","href":"https:\/\/api.w.org\/{rel}","templated":true}]}}