{"id":248606,"date":"2025-07-14T04:31:10","date_gmt":"2025-07-14T04:31:10","guid":{"rendered":"https:\/\/www.europesays.com\/fr\/248606\/"},"modified":"2025-07-14T04:31:10","modified_gmt":"2025-07-14T04:31:10","slug":"golf-raoul-menard-joey-savoie-et-laurent-desmarchais-ont-su-bien-terminer-a-bromont","status":"publish","type":"post","link":"https:\/\/www.europesays.com\/fr\/248606\/","title":{"rendered":"Golf : Raoul M\u00e9nard, Joey Savoie et Laurent Desmarchais ont su bien terminer \u00e0 Bromont"},"content":{"rendered":"<p>Dame Nature a jou\u00e9 un vilain tour aux golfeurs \u00e0 l&rsquo;Omnium de Bromont dimanche, en provoquant un retard de trois heures.<\/p>\n<p>Une fois les intemp\u00e9ries pass\u00e9es, Raoul M\u00e9nard \u00e9tait le Qu\u00e9b\u00e9cois en meilleure position et il a termin\u00e9 en force avec un 67 pour un cumulatif de moins-13 afin d&rsquo;\u00eatre \u00e0 \u00e9galit\u00e9 en 27e position.<\/p>\n<p>C&rsquo;est une semaine r\u00e9ussie pour M\u00e9nard \u00e0 Bromont comme le natif d&rsquo;Ange-Gardien s&rsquo;\u00e9tait donn\u00e9 comme mission d&rsquo;offrir un niveau de jeu constant sur quatre\u00a0rondes.<\/p>\n<p>La derni\u00e8re semaine a \u00e9t\u00e9 particuli\u00e8rement sp\u00e9ciale pour lui puisqu&rsquo;il avait la chance d&rsquo;avoir un bon ami comme cadet. \u00a0<\/p>\n<p>\u00ab C&rsquo;est un autre \u00e9tat d&rsquo;esprit et il a \u00e9t\u00e9 bon pour s&rsquo;ajuster sur comment je voulais les choses. C&rsquo;est un travail en progression \u00bb, a-t-il comment\u00e9.\u00a0<\/p>\n<p>\u00ab Il y a deux ans, quand j&rsquo;avais jou\u00e9 tous les tournois, parfois je trouvais que j&rsquo;avais une ronde qui \u00e9tait moins bonne, mais l\u00e0 je suis content avec un peu plus de constance et c&rsquo;est ce que je recherchais cette ann\u00e9e.\u00a0<\/p>\n<p>Autre Qu\u00e9b\u00e9cois sur le terrain dimanche, Joey Savoie a retranch\u00e9 quatre coups \u00e0 la normale, pour finir la semaine avec un cumulatif de moins-8. Il a grimp\u00e9 de 13 positions lors de la derni\u00e8re journ\u00e9e pour une 61e place.<\/p>\n<p>Savoie est le Qu\u00e9b\u00e9cois le mieux class\u00e9 de la Coupe Fortinet jusqu&rsquo;ici, en 63e place.<\/p>\n<p>\u00ab J&rsquo;ai tr\u00e8s bien jou\u00e9 aujourd&rsquo;hui, j&rsquo;ai tr\u00e8s bien frapp\u00e9 la balle. J&rsquo;ai fait deux mauvais \u00e9lans dans ma journ\u00e9e, donc quand je regarde, c&rsquo;est tr\u00e8s bon \u00bb, a soutenu Savoie.<\/p>\n<p>\u00ab En esp\u00e9rant que ce processus fait en sorte que je retrouve un peu tous mes rep\u00e8res dans mon jeu. \u00c7a me dit que mon jeu est en sant\u00e9 \u00bb, a-t-il ajout\u00e9.\u00a0<\/p>\n<p>De son c\u00f4t\u00e9, Laurent Desmarchais a conclu sa semaine avec une carte de 72. Il a particip\u00e9 aux rondes de la fin de semaine pour une premi\u00e8re fois sur le circuit PGA Americas, \u00e0 son troisi\u00e8me tournoi.<\/p>\n<p>\u00ab Pour \u00eatre franc, c&rsquo;est rare que je joue quatre rondes de golf. \u00c0 l&rsquo;\u00e9cole c&rsquo;est trois, donc quatre c&rsquo;est diff\u00e9rent. \u00c7a fait beaucoup de golf \u00bb, a-t-il pr\u00e9cis\u00e9 au micro de RDS.<\/p>\n<p>La pluie a malheureusement forc\u00e9 l&rsquo;arr\u00eat du jeu en fin de journ\u00e9e alors que les deux derniers groupes \u00e9taient sur le 18e trou.<\/p>\n","protected":false},"excerpt":{"rendered":"Dame Nature a jou\u00e9 un vilain tour aux golfeurs \u00e0 l&rsquo;Omnium de Bromont dimanche, en provoquant un retard&hellip;\n","protected":false},"author":2,"featured_media":248607,"comment_status":"","ping_status":"","sticky":false,"template":"","format":"standard","meta":{"footnotes":""},"categories":[1418],"tags":[1011,27,1472,60],"class_list":{"0":"post-248606","1":"post","2":"type-post","3":"status-publish","4":"format-standard","5":"has-post-thumbnail","7":"category-golf","8":"tag-fr","9":"tag-france","10":"tag-golf","11":"tag-sports"},"share_on_mastodon":{"url":"https:\/\/pubeurope.com\/@fr\/114849715459082579","error":""},"_links":{"self":[{"href":"https:\/\/www.europesays.com\/fr\/wp-json\/wp\/v2\/posts\/248606","targetHints":{"allow":["GET"]}}],"collection":[{"href":"https:\/\/www.europesays.com\/fr\/wp-json\/wp\/v2\/posts"}],"about":[{"href":"https:\/\/www.europesays.com\/fr\/wp-json\/wp\/v2\/types\/post"}],"author":[{"embeddable":true,"href":"https:\/\/www.europesays.com\/fr\/wp-json\/wp\/v2\/users\/2"}],"replies":[{"embeddable":true,"href":"https:\/\/www.europesays.com\/fr\/wp-json\/wp\/v2\/comments?post=248606"}],"version-history":[{"count":0,"href":"https:\/\/www.europesays.com\/fr\/wp-json\/wp\/v2\/posts\/248606\/revisions"}],"wp:featuredmedia":[{"embeddable":true,"href":"https:\/\/www.europesays.com\/fr\/wp-json\/wp\/v2\/media\/248607"}],"wp:attachment":[{"href":"https:\/\/www.europesays.com\/fr\/wp-json\/wp\/v2\/media?parent=248606"}],"wp:term":[{"taxonomy":"category","embeddable":true,"href":"https:\/\/www.europesays.com\/fr\/wp-json\/wp\/v2\/categories?post=248606"},{"taxonomy":"post_tag","embeddable":true,"href":"https:\/\/www.europesays.com\/fr\/wp-json\/wp\/v2\/tags?post=248606"}],"curies":[{"name":"wp","href":"https:\/\/api.w.org\/{rel}","templated":true}]}}