{"id":248608,"date":"2025-07-14T04:33:16","date_gmt":"2025-07-14T04:33:16","guid":{"rendered":"https:\/\/www.europesays.com\/fr\/248608\/"},"modified":"2025-07-14T04:33:16","modified_gmt":"2025-07-14T04:33:16","slug":"langleterre-arrache-un-deuxieme-succes-en-argentine","status":"publish","type":"post","link":"https:\/\/www.europesays.com\/fr\/248608\/","title":{"rendered":"l&rsquo;Angleterre arrache un deuxi\u00e8me succ\u00e8s en Argentine"},"content":{"rendered":"<p>Malgr\u00e9 l\u2019absence de plusieurs cadres, le XV de la Rose a de nouveau pris le meilleur sur les Pumas argentin ce samedi, \u00e0 San Juan.<\/p>\n<p class=\"fig-paragraph\">Malgr\u00e9 l&rsquo;absence de nombreux joueurs s\u00e9lectionn\u00e9s avec les Lions britanniques et irlandais, l&rsquo;Angleterre a arrach\u00e9 un deuxi\u00e8me succ\u00e8s en Argentine en battant les Pumas 22-17 samedi \u00e0 San Juan, gr\u00e2ce \u00e0 un essai marqu\u00e9 \u00e0 la derni\u00e8re minute. Les co\u00e9quipiers du troisi\u00e8me ligne Pablo Matera, qui est devenu le Puma le plus cap\u00e9 de tous les temps en f\u00eatant sa 111e s\u00e9lection, \u00e9voluent eux aussi sans plusieurs cadres, laiss\u00e9s au repos apr\u00e8s une longue saison en Europe comme les Toulousains Santiago Chocobares et Juan Cruz Mallia.<\/p>\n<p class=\"fig-paragraph\"><a href=\"http:\/\/www.lefigaro.fr\/sports\/rugby\/rugby-privee-de-ses-lions-l-angleterre-s-impose-largement-en-argentine-20250705\" data-fig-type=\"NewsFlash\" data-gtm-custom-categorie=\"navigation\" data-gtm-custom-action=\"crossclick\" data-gtm-custom-label=\"Contextuel\" data-gtm-event=\"customEventSPE\" data-fig-domain=\"LEFIGARO\" rel=\"nofollow noopener\" target=\"_blank\">Victorieux 35-12 la semaine pass\u00e9e<\/a>, les hommes de Steve Borthwick ont eu une partie bien plus accroch\u00e9e samedi, les deux \u00e9quipes \u00e9tant \u00e0 \u00e9galit\u00e9 17 partout depuis la 53e minute et une p\u00e9nalit\u00e9 de l&rsquo;ouvreur anglais George Ford. Un essai en toute fin de match du demi de m\u00eal\u00e9e Jack van Poortvliet (80e) a offert \u00e0 ses co\u00e9quipiers la victoire. Les Anglais disputeront un dernier match estival aux \u00c9tats-Unis la semaine prochaine, tandis que les Pumas recevront l&rsquo;Uruguay avant de disputer le Rugby championship en ao\u00fbt contre la Nouvelle-Z\u00e9lande, l&rsquo;Afrique du Sud et l&rsquo;Australie.<\/p>\n","protected":false},"excerpt":{"rendered":"Malgr\u00e9 l\u2019absence de plusieurs cadres, le XV de la Rose a de nouveau pris le meilleur sur les&hellip;\n","protected":false},"author":2,"featured_media":248609,"comment_status":"","ping_status":"","sticky":false,"template":"","format":"standard","meta":{"footnotes":""},"categories":[1416],"tags":[2306,525,2309,1981,2313,1089,451,814,1011,27,955,2308,2311,1980,479,1468,2259,2307,60,478,2310,2312,513],"class_list":{"0":"post-248608","1":"post","2":"type-post","3":"status-publish","4":"format-standard","5":"has-post-thumbnail","7":"category-rugby","8":"tag-6-nations","9":"tag-calendrier","10":"tag-challenge-europeen","11":"tag-classement","12":"tag-clermont","13":"tag-coupe-deurope","14":"tag-coupe-du-monde","15":"tag-direct","16":"tag-fr","17":"tag-france","18":"tag-match","19":"tag-pro-d2","20":"tag-racing","21":"tag-resultats","22":"tag-rugby","23":"tag-rugby-football","24":"tag-score","25":"tag-six-nations","26":"tag-sports","27":"tag-top-14","28":"tag-toulon","29":"tag-toulouse","30":"tag-xv-de-france"},"share_on_mastodon":{"url":"https:\/\/pubeurope.com\/@fr\/114849723391323129","error":""},"_links":{"self":[{"href":"https:\/\/www.europesays.com\/fr\/wp-json\/wp\/v2\/posts\/248608","targetHints":{"allow":["GET"]}}],"collection":[{"href":"https:\/\/www.europesays.com\/fr\/wp-json\/wp\/v2\/posts"}],"about":[{"href":"https:\/\/www.europesays.com\/fr\/wp-json\/wp\/v2\/types\/post"}],"author":[{"embeddable":true,"href":"https:\/\/www.europesays.com\/fr\/wp-json\/wp\/v2\/users\/2"}],"replies":[{"embeddable":true,"href":"https:\/\/www.europesays.com\/fr\/wp-json\/wp\/v2\/comments?post=248608"}],"version-history":[{"count":0,"href":"https:\/\/www.europesays.com\/fr\/wp-json\/wp\/v2\/posts\/248608\/revisions"}],"wp:featuredmedia":[{"embeddable":true,"href":"https:\/\/www.europesays.com\/fr\/wp-json\/wp\/v2\/media\/248609"}],"wp:attachment":[{"href":"https:\/\/www.europesays.com\/fr\/wp-json\/wp\/v2\/media?parent=248608"}],"wp:term":[{"taxonomy":"category","embeddable":true,"href":"https:\/\/www.europesays.com\/fr\/wp-json\/wp\/v2\/categories?post=248608"},{"taxonomy":"post_tag","embeddable":true,"href":"https:\/\/www.europesays.com\/fr\/wp-json\/wp\/v2\/tags?post=248608"}],"curies":[{"name":"wp","href":"https:\/\/api.w.org\/{rel}","templated":true}]}}