{"id":248610,"date":"2025-07-14T04:34:12","date_gmt":"2025-07-14T04:34:12","guid":{"rendered":"https:\/\/www.europesays.com\/fr\/248610\/"},"modified":"2025-07-14T04:34:12","modified_gmt":"2025-07-14T04:34:12","slug":"jacquemot-echoue-en-finale-de-contrexeville-contre-jones","status":"publish","type":"post","link":"https:\/\/www.europesays.com\/fr\/248610\/","title":{"rendered":"Jacquemot \u00e9choue en finale de Contrex\u00e9ville contre Jones"},"content":{"rendered":"<p>                <img decoding=\"async\" src=\"https:\/\/www.europesays.com\/fr\/wp-content\/uploads\/2025\/07\/UrOL.jpg\" alt=\"Jacquemot \u00e9choue en finale de Contrex\u00e9ville contre Jones\"\/><\/p>\n<p>Elsa Jacquemot jouait ce dimanche pour le titre \u00e0 Contrex\u00e9ville contre Francesca Jones. Malheureusement pour la Fran\u00e7aise, elle ne soul\u00e8vera pas le troph\u00e9e, d\u00e9faite par la Britannique sur le score de 6-4, 7-6.<\/p>\n<p>Cependant, cette semaine reste tr\u00e8s positive pour la Fran\u00e7aise qui int\u00e9grera d\u00e8s lundi le Top 100 pour la premi\u00e8re fois de sa carri\u00e8re.<\/p>\n<p><strong>Elle encha\u00eenera la semaine \u00e0 suivre avec le tournoi WTA 250 d\u2019Hambourg, o\u00f9 elle affrontera Astra Sharma.<\/strong><\/p>\n","protected":false},"excerpt":{"rendered":"Elsa Jacquemot jouait ce dimanche pour le titre \u00e0 Contrex\u00e9ville contre Francesca Jones. Malheureusement pour la Fran\u00e7aise, elle&hellip;\n","protected":false},"author":2,"featured_media":248611,"comment_status":"","ping_status":"","sticky":false,"template":"","format":"standard","meta":{"footnotes":""},"categories":[1415],"tags":[1011,27,60,1467],"class_list":{"0":"post-248610","1":"post","2":"type-post","3":"status-publish","4":"format-standard","5":"has-post-thumbnail","7":"category-tennis","8":"tag-fr","9":"tag-france","10":"tag-sports","11":"tag-tennis"},"share_on_mastodon":{"url":"https:\/\/pubeurope.com\/@fr\/114849727351112596","error":""},"_links":{"self":[{"href":"https:\/\/www.europesays.com\/fr\/wp-json\/wp\/v2\/posts\/248610","targetHints":{"allow":["GET"]}}],"collection":[{"href":"https:\/\/www.europesays.com\/fr\/wp-json\/wp\/v2\/posts"}],"about":[{"href":"https:\/\/www.europesays.com\/fr\/wp-json\/wp\/v2\/types\/post"}],"author":[{"embeddable":true,"href":"https:\/\/www.europesays.com\/fr\/wp-json\/wp\/v2\/users\/2"}],"replies":[{"embeddable":true,"href":"https:\/\/www.europesays.com\/fr\/wp-json\/wp\/v2\/comments?post=248610"}],"version-history":[{"count":0,"href":"https:\/\/www.europesays.com\/fr\/wp-json\/wp\/v2\/posts\/248610\/revisions"}],"wp:featuredmedia":[{"embeddable":true,"href":"https:\/\/www.europesays.com\/fr\/wp-json\/wp\/v2\/media\/248611"}],"wp:attachment":[{"href":"https:\/\/www.europesays.com\/fr\/wp-json\/wp\/v2\/media?parent=248610"}],"wp:term":[{"taxonomy":"category","embeddable":true,"href":"https:\/\/www.europesays.com\/fr\/wp-json\/wp\/v2\/categories?post=248610"},{"taxonomy":"post_tag","embeddable":true,"href":"https:\/\/www.europesays.com\/fr\/wp-json\/wp\/v2\/tags?post=248610"}],"curies":[{"name":"wp","href":"https:\/\/api.w.org\/{rel}","templated":true}]}}