{"id":248612,"date":"2025-07-14T04:36:09","date_gmt":"2025-07-14T04:36:09","guid":{"rendered":"https:\/\/www.europesays.com\/fr\/248612\/"},"modified":"2025-07-14T04:36:09","modified_gmt":"2025-07-14T04:36:09","slug":"motogp-la-severe-sentence-tombe-au-sachsenring-penalite-de-double-long-lap-pour-1-pilote","status":"publish","type":"post","link":"https:\/\/www.europesays.com\/fr\/248612\/","title":{"rendered":"MotoGP La s\u00e9v\u00e8re sentence tombe au Sachsenring p\u00e9nalit\u00e9 de double long lap pour 1 pilote !"},"content":{"rendered":"<p>La fin de course, dans le cadre du Grand-Prix d\u2019Allemagne de MotoGP 2025, aura \u00e9t\u00e9 particuli\u00e8rement chaotique. Si bien qu\u2019au total, sept pilotes manquaient \u00e0 l\u2019appel, \u00e0 l\u2019arriv\u00e9e, suite \u00e0 une cascade de chutes. Parmi eux, Lorenzo Savadori a de quoi s\u2019en vouloir puisque le rempla\u00e7ant de Jorge Martin chez Aprilia et pilote d\u2019essais de la marque avec un inesp\u00e9r\u00e9 top dix en point de mire\u2026<\/p>\n<p>MotoGP : Savadori ne pourra pas ex\u00e9cuter sa peine \u00e0 Brno, normalement<\/p>\n<p>C\u2019est m\u00eame la double-peine pour l\u2019int\u00e9ress\u00e9 puisque les commissaires se sont pench\u00e9s sur son cas, juste apr\u00e8s sa chute. Laquelle \u00e9tant intervenue pendant que les commissaires brandissaient les drapeaux jaunes. En effet, Joan Mir et Ai Ogura venaient de s\u2019accrocher et de chuter, entra\u00eenant cette d\u00e9cision, habituelle de la part de la Direction de course. Sauf que bien souvent, une chute intervenant lors d\u2019un drapeau jaune est consid\u00e9r\u00e9e comme une faute.<\/p>\n<blockquote class=\"twitter-tweet\">\n<p dir=\"ltr\" lang=\"en\">Now <a href=\"https:\/\/twitter.com\/AiOgura79?ref_src=twsrc%5Etfw\" target=\"_blank\" rel=\"noopener\">@aiogura79<\/a> has taken <a href=\"https:\/\/twitter.com\/JoanMirOfficial?ref_src=twsrc%5Etfw\" target=\"_blank\" rel=\"noopener\">@JoanMirOfficial<\/a> out \ud83d\udc40<\/p>\n<p>And Savadori crashes too \ud83d\udca5<a href=\"https:\/\/twitter.com\/hashtag\/GermanGP?src=hash&amp;ref_src=twsrc%5Etfw\" target=\"_blank\" rel=\"noopener\">#GermanGP<\/a> \ud83c\udde9\ud83c\uddea <a href=\"https:\/\/t.co\/71juuD2DrS\">pic.twitter.com\/71juuD2DrS<\/a><\/p>\n<p>\u2014 MotoGP\u2122\ud83c\udfc1 (@MotoGP) <a href=\"https:\/\/twitter.com\/MotoGP\/status\/1944374793396002865?ref_src=twsrc%5Etfw\" target=\"_blank\" rel=\"noopener\">July 13, 2025<\/a><\/p>\n<\/blockquote>\n<p>En cons\u00e9quence, le pilote Aprilia a \u00e9cop\u00e9 d\u2019une p\u00e9nalit\u00e9, \u00e0 appliquer sur la prochaine course (du dimanche, donc) \u00e0 savoir, un double-long lap ! Cependant, avec le retour tr\u00e8s probable de Jorge Martin, le week-end prochain \u00e0 Brno, Lorenzo Savadori ne pourra pas ex\u00e9cuter cette sanction. Il devra donc attendre d\u2019\u00eatre appel\u00e9 pour une wild-card, afin de s\u2019acquitter de cette dette.<\/p>\n<p>A noter que, pour sa part, si Johann Zarco n\u2019a pas \u00e9t\u00e9 puni apr\u00e8s avoir chut\u00e9, lui aussi, au moment d\u2019un drapeau jaune, cons\u00e9cutif \u00e0 la chute de Marco Bezzecchi c\u2019est parce que le Fran\u00e7ais profitait, pile au moment de tomber, du passage au drapeau bleu\u2026Un peu de r\u00e9ussite, donc, sur ce coup-l\u00e0, pour le tricolore.<\/p>\n<p>Article publi\u00e9 le 14\/07\/2025 \u00e0 6h20<\/p>\n<p>                                                            <script async src=\"https:\/\/platform.twitter.com\/widgets.js\" charset=\"utf-8\"><\/script><\/p>\n","protected":false},"excerpt":{"rendered":"La fin de course, dans le cadre du Grand-Prix d\u2019Allemagne de MotoGP 2025, aura \u00e9t\u00e9 particuli\u00e8rement chaotique. Si&hellip;\n","protected":false},"author":2,"featured_media":248613,"comment_status":"","ping_status":"","sticky":false,"template":"","format":"standard","meta":{"footnotes":""},"categories":[1413],"tags":[1011,27,5130,1457,1456,1458,2129,60],"class_list":{"0":"post-248612","1":"post","2":"type-post","3":"status-publish","4":"format-standard","5":"has-post-thumbnail","7":"category-moto","8":"tag-fr","9":"tag-france","10":"tag-lorenzo-savadori","11":"tag-moto","12":"tag-motocycle","13":"tag-motogp","14":"tag-pu00e9nalitu00e9","15":"tag-sports"},"share_on_mastodon":{"url":"https:\/\/pubeurope.com\/@fr\/114849735265035872","error":""},"_links":{"self":[{"href":"https:\/\/www.europesays.com\/fr\/wp-json\/wp\/v2\/posts\/248612","targetHints":{"allow":["GET"]}}],"collection":[{"href":"https:\/\/www.europesays.com\/fr\/wp-json\/wp\/v2\/posts"}],"about":[{"href":"https:\/\/www.europesays.com\/fr\/wp-json\/wp\/v2\/types\/post"}],"author":[{"embeddable":true,"href":"https:\/\/www.europesays.com\/fr\/wp-json\/wp\/v2\/users\/2"}],"replies":[{"embeddable":true,"href":"https:\/\/www.europesays.com\/fr\/wp-json\/wp\/v2\/comments?post=248612"}],"version-history":[{"count":0,"href":"https:\/\/www.europesays.com\/fr\/wp-json\/wp\/v2\/posts\/248612\/revisions"}],"wp:featuredmedia":[{"embeddable":true,"href":"https:\/\/www.europesays.com\/fr\/wp-json\/wp\/v2\/media\/248613"}],"wp:attachment":[{"href":"https:\/\/www.europesays.com\/fr\/wp-json\/wp\/v2\/media?parent=248612"}],"wp:term":[{"taxonomy":"category","embeddable":true,"href":"https:\/\/www.europesays.com\/fr\/wp-json\/wp\/v2\/categories?post=248612"},{"taxonomy":"post_tag","embeddable":true,"href":"https:\/\/www.europesays.com\/fr\/wp-json\/wp\/v2\/tags?post=248612"}],"curies":[{"name":"wp","href":"https:\/\/api.w.org\/{rel}","templated":true}]}}