{"id":248616,"date":"2025-07-14T04:38:11","date_gmt":"2025-07-14T04:38:11","guid":{"rendered":"https:\/\/www.europesays.com\/fr\/248616\/"},"modified":"2025-07-14T04:38:11","modified_gmt":"2025-07-14T04:38:11","slug":"tdf-tour-de-france-vauquelin-un-14-juillet-on-ne-sait-pas-ce-qui-peut-se-passer","status":"publish","type":"post","link":"https:\/\/www.europesays.com\/fr\/248616\/","title":{"rendered":"TDF. Tour de France &#8211; Vauquelin : \u00abUn 14 juillet, on ne sait pas ce qui peut se passer\u00bb"},"content":{"rendered":"<p>Avec l&rsquo;\u00e9tape du 14 juillet ce lundi, on peut se permettre de r\u00eaver d&rsquo;une victoire fran\u00e7aise. Sur un profil escarp\u00e9 qui rendra \u00e0 coup s\u00fbr la course exigeante, plusieurs sont les Fran\u00e7ais qui peuvent imaginer lever les bras le jour de la f\u00eate nationale. Ainsi, <strong><a href=\"https:\/\/www.cyclismactu.net\/..\/news-tour-de-france-route-julian-alaphilippe-j-ai-change-un-peu-mes-plans-m-adapte-88823.html\" target=\"_blank\" rel=\"nofollow noopener\">Julian Alaphilippe<\/a><\/strong>\u00a0(Tudor Pro Cycling Team), <strong>Louis Barr\u00e9 <\/strong>(Intermarch\u00e9-Wanty) et <strong>Romain Gr\u00e9goire<\/strong>\u00a0(Groupama-FDJ) pourraient envisager succ\u00e9der \u00e0 <strong>Warren Barguil <\/strong>(Team Picnic PostNL), dernier Fran\u00e7ais \u00e0 s&rsquo;\u00eatre impos\u00e9 un 14 juillet, en 2017. Mais la meilleure carte tricolore reste tout de m\u00eame\u00a0<strong>K\u00e9vin Vauquelin <\/strong>(Ark\u00e9a-B&amp;B H\u00f4tels), toujours troisi\u00e8me du classement g\u00e9n\u00e9ral, et \u00e0 qui le parcours de l&rsquo;\u00e9tape 10 du <strong><a href=\"https:\/\/www.cyclismactu.net\/..\/news-tdf-route-tour-de-france-tim-merlier-s-offre-9e-etape-mathieu-van-der-poel-crucifie-88929.html\" target=\"_blank\" rel=\"nofollow noopener\">Tour de France<\/a> <\/strong>sied \u00e0 merveille.<\/p>\n<p>Vid\u00e9o &#8211; K\u00e9vin Vauquelin \u00e0 l&rsquo;arriv\u00e9e de cette 9e \u00e9tape Lire la suite de l&rsquo;article&#13;<\/p>\n<p>\u00a0<\/p>\n<p>&#13;<br \/>\n\u00ab\u00a0Ca fait du bien de se sentir libre\u00a0\u00bb&#13;<\/p>\n<p>Ambitieux mais r\u00e9aliste, <strong>K\u00e9vin Vauquelin <\/strong>compte bien d\u00e9fendre ses chances sur l&rsquo;\u00e9tape du 14 juillet, apr\u00e8s quelques jours o\u00f9 le Normand aura pu souffler un peu sur des jours plus calmes :\u00a0\u00ab\u00a0Demain c&rsquo;est le 14 juillet, il y a une \u00e9tape qui va \u00eatre tr\u00e8s tr\u00e8s dure de par son profil, et je pense que le peloton aura \u00e0 coeur de commencer vraiment fort. Ca me fait du bien de se sentir un peu libre, on a essay\u00e9 de couper un peu certaines photos, parce que j&rsquo;\u00e9tais vraiment tr\u00e8s fatigu\u00e9, il fallait vraiment que je me pose donc \u00e7a m&rsquo;a fait deux jours un peu plus tranquilles et \u00e7a fait vraiment du bien, c&rsquo;est important sur une course de trois semaines. Comment on peut faire pour gagner un 14 juillet ? Je sais pas, appuyer sur les p\u00e9dales le plus fort possible et on verra, c&rsquo;est une course de v\u00e9lo, on ne sait pas ce qui peut se passer, le Tour se passe bien pour le moment, on va en profiter.\u00a0\u00bb<\/p>\n<p>Tour de France &#8211; Classement de la 9\u00e8 \u00e9tape Tour de France &#8211; Classement g\u00e9n\u00e9ral provisoire apr\u00e8s la 9\u00e8 \u00e9tape<\/p>\n","protected":false},"excerpt":{"rendered":"Avec l&rsquo;\u00e9tape du 14 juillet ce lundi, on peut se permettre de r\u00eaver d&rsquo;une victoire fran\u00e7aise. Sur un&hellip;\n","protected":false},"author":2,"featured_media":248617,"comment_status":"","ping_status":"","sticky":false,"template":"","format":"standard","meta":{"footnotes":""},"categories":[1411],"tags":[1154,207,211,1011,27,209,60,210,212,208,213],"class_list":{"0":"post-248616","1":"post","2":"type-post","3":"status-publish","4":"format-standard","5":"has-post-thumbnail","7":"category-cyclisme","8":"tag-cycling","9":"tag-cyclisme","10":"tag-ffc","11":"tag-fr","12":"tag-france","13":"tag-route","14":"tag-sports","15":"tag-tour-de-france","16":"tag-uci","17":"tag-velo","18":"tag-world-tour"},"share_on_mastodon":{"url":"https:\/\/pubeurope.com\/@fr\/114849743106600914","error":""},"_links":{"self":[{"href":"https:\/\/www.europesays.com\/fr\/wp-json\/wp\/v2\/posts\/248616","targetHints":{"allow":["GET"]}}],"collection":[{"href":"https:\/\/www.europesays.com\/fr\/wp-json\/wp\/v2\/posts"}],"about":[{"href":"https:\/\/www.europesays.com\/fr\/wp-json\/wp\/v2\/types\/post"}],"author":[{"embeddable":true,"href":"https:\/\/www.europesays.com\/fr\/wp-json\/wp\/v2\/users\/2"}],"replies":[{"embeddable":true,"href":"https:\/\/www.europesays.com\/fr\/wp-json\/wp\/v2\/comments?post=248616"}],"version-history":[{"count":0,"href":"https:\/\/www.europesays.com\/fr\/wp-json\/wp\/v2\/posts\/248616\/revisions"}],"wp:featuredmedia":[{"embeddable":true,"href":"https:\/\/www.europesays.com\/fr\/wp-json\/wp\/v2\/media\/248617"}],"wp:attachment":[{"href":"https:\/\/www.europesays.com\/fr\/wp-json\/wp\/v2\/media?parent=248616"}],"wp:term":[{"taxonomy":"category","embeddable":true,"href":"https:\/\/www.europesays.com\/fr\/wp-json\/wp\/v2\/categories?post=248616"},{"taxonomy":"post_tag","embeddable":true,"href":"https:\/\/www.europesays.com\/fr\/wp-json\/wp\/v2\/tags?post=248616"}],"curies":[{"name":"wp","href":"https:\/\/api.w.org\/{rel}","templated":true}]}}