{"id":248618,"date":"2025-07-14T04:39:12","date_gmt":"2025-07-14T04:39:12","guid":{"rendered":"https:\/\/www.europesays.com\/fr\/248618\/"},"modified":"2025-07-14T04:39:12","modified_gmt":"2025-07-14T04:39:12","slug":"mercato-lucas-beraldo-souhaite-quitter-le-psg","status":"publish","type":"post","link":"https:\/\/www.europesays.com\/fr\/248618\/","title":{"rendered":"Mercato \u2013 Lucas Beraldo souhaite quitter le PSG &#8211;"},"content":{"rendered":"<p><img width=\"700\" height=\"350\" src=\"https:\/\/www.europesays.com\/fr\/wp-content\/uploads\/2025\/04\/Beraldo.jpg\" class=\"attachment-jannah-image-post size-jannah-image-post wp-post-image\" alt=\"Beraldo\" is_main_img=\"1\" decoding=\"async\" fetchpriority=\"high\"  \/><br \/>\n Image :<br \/>\nPSG.fr<\/p>\n<p>Titulaire lors des deux derniers matches du PSG, Lucas<br \/>\nBeraldo aurait demand\u00e9 \u00e0 quitter le PSG, lui qui souhaiterait avoir<br \/>\nun statut de titulaire dans les grands matches.<\/p>\n<p>Depuis son arriv\u00e9e au <strong>PSG<\/strong> en janvier 2024,<br \/>\n<strong>Lucas Beraldo<\/strong> n\u2019a pas un statut de titulaire<br \/>\nindiscutable au sein du club de la capitale. L\u2019international<br \/>\nbr\u00e9silien est devanc\u00e9 par la charni\u00e8re centrale titulaire,<br \/>\n<strong>Marquinhos-Willian Pacho<\/strong>. Le num\u00e9ro 4 du<br \/>\n<strong>PSG<\/strong> serait frustr\u00e9 par sa situation au sein du<br \/>\nclub de la capitale. Selon les informations de <a href=\"https:\/\/www.lequipe.fr\/Football\/Article\/Lucas-beraldo-souhaite-un-statut-de-titulaire-dans-les-grands-rendez-vous-et-veut-quitter-le-psg\/1577820\" target=\"_blank\" rel=\"noopener\" title=\"\">L\u2019Equipe<\/a>,<br \/>\n<strong>Lucas Beraldo<\/strong> aurait demand\u00e9 un d\u00e9part lors de ce<br \/>\nmercato estival \u00e0 ses dirigeants. Il aurait adress\u00e9 cette requ\u00eate<br \/>\nlors de cette C<strong>oupe du monde des clubs<\/strong>.<\/p>\n<p>A voir aussi : <a href=\"https:\/\/canal-supporters.com\/psg-lucas-beraldo-evoque-ses-modeles-dans-le-football\/\" title=\"\" target=\"_blank\" rel=\"noopener\">PSG \u2013 Lucas Beraldo \u00e9voque ses mod\u00e8les dans le<br \/>\nfootball<\/a><\/p>\n<p><a href=\"https:\/\/x.com\/CanalSupporters\" target=\"_blank\" rel=\"noopener\" title=\"\">canalsupporters.com<\/a><\/p>\n<p>Le PSG ne<br \/>\nfermera pas la porte mais\u2026<\/p>\n<p>\u00ab\u00a0S\u2019il se sent bien \u00e0 <a href=\"https:\/\/canal-supporters.com\/beraldo-tres-reconnaissant-de-pouvoir-porter-le-maillot-du-psg\/\" title=\"\" target=\"_blank\" rel=\"noopener\"><strong>Paris<\/strong><\/a> et ne cache pas son<br \/>\n\u00e9panouissement dans un contexte sportif qu\u2019il sait particuli\u00e8rement<br \/>\ncomp\u00e9titif. Mais Beraldo, s\u2019il a dispos\u00e9 d\u2019un temps de jeu loin<br \/>\nd\u2019\u00eatre n\u00e9gligeable (38\u00a0matches toutes comp\u00e9titions confondues,<br \/>\n2\u00a0683\u00a0minutes), a pu mesurer cette saison l\u2019\u00e9cart qui le<br \/>\ns\u00e9parait de la concurrence lors des matches importants\u00a0\u00bb,<br \/>\navance le quotidien sportif. Apparu seulement lors de 4 des<br \/>\n17\u00a0matches de <strong>Ligue des champions<\/strong>, le num\u00e9ro<br \/>\n4 du <strong>PSG<\/strong> souhaite postuler \u00e0 un statut de<br \/>\ntitulaire sur ce type de grandes \u00e9ch\u00e9ances. La mani\u00e8re dont il a<br \/>\nassum\u00e9 ce r\u00f4le lors du quart de finale aller face \u00e0 <strong>Aston<br \/>\nVilla<\/strong> (3-1, le 9\u00a0avril) l\u2019a renforc\u00e9 dans sa<br \/>\nconviction. La direction parisienne, n\u00e9cessairement surprise par<br \/>\ncette d\u00e9cision et fid\u00e8le \u00e0 sa m\u00e9thodologie de ne construire un<br \/>\ngroupe qu\u2019avec des joueurs pleinement engag\u00e9s dans le projet, a<br \/>\nvalid\u00e9 le principe d\u2019un d\u00e9part. Mais sous certaines conditions. Et<br \/>\npas des moindres. D\u2019abord, la finalisation du dossier menant \u00e0<br \/>\nl\u2019Ukrainien de <strong>Bournemouth<\/strong>, <strong><a href=\"https:\/\/canal-supporters.com\/mercato-les-discussions-patinent-entre-le-psg-et-bournemouth-pour-illia-zabarnyi\/\" title=\"\" target=\"_blank\" rel=\"noopener\">Illia Zabarnyi<\/a><\/strong> (22\u00a0ans). Les deux<br \/>\nparties ne sont plus tr\u00e8s loin d\u2019un accord. Seconde<br \/>\ncondition\u00a0: un montant correct. Apr\u00e8s avoir disput\u00e9<br \/>\n62\u00a0matches avec le <strong>PSG<\/strong>,<br \/>\n<strong>Beraldo<\/strong> est un joueur dont la valeur a augment\u00e9.<br \/>\nIl faudra d\u00e9bourser a minima 30\u00a0millions d\u2019euros pour recruter<br \/>\nle central. Un montant qui ouvre, sur un march\u00e9 des axiaux gauchers<br \/>\nde haut niveau pas si large, des perspectives certaines, indique<br \/>\nL\u2019Equipe.<\/p>\n","protected":false},"excerpt":{"rendered":"Image : PSG.fr Titulaire lors des deux derniers matches du PSG, Lucas Beraldo aurait demand\u00e9 \u00e0 quitter le&hellip;\n","protected":false},"author":2,"featured_media":1051,"comment_status":"","ping_status":"","sticky":false,"template":"","format":"standard","meta":{"footnotes":""},"categories":[1410],"tags":[785,81,787,63,1011,27,790,1434,1435,626,91,92,93,60,96],"class_list":{"0":"post-248618","1":"post","2":"type-post","3":"status-publish","4":"format-standard","5":"has-post-thumbnail","7":"category-football","8":"tag-beraldo","9":"tag-canal-supporters","10":"tag-cs","11":"tag-football","12":"tag-fr","13":"tag-france","14":"tag-lucas-beraldo","15":"tag-mercato","16":"tag-mercato-psg","17":"tag-paris","18":"tag-paris-saint-germain","19":"tag-paris-sg","20":"tag-psg","21":"tag-sports","22":"tag-une"},"share_on_mastodon":{"url":"https:\/\/pubeurope.com\/@fr\/114849747019585020","error":""},"_links":{"self":[{"href":"https:\/\/www.europesays.com\/fr\/wp-json\/wp\/v2\/posts\/248618","targetHints":{"allow":["GET"]}}],"collection":[{"href":"https:\/\/www.europesays.com\/fr\/wp-json\/wp\/v2\/posts"}],"about":[{"href":"https:\/\/www.europesays.com\/fr\/wp-json\/wp\/v2\/types\/post"}],"author":[{"embeddable":true,"href":"https:\/\/www.europesays.com\/fr\/wp-json\/wp\/v2\/users\/2"}],"replies":[{"embeddable":true,"href":"https:\/\/www.europesays.com\/fr\/wp-json\/wp\/v2\/comments?post=248618"}],"version-history":[{"count":0,"href":"https:\/\/www.europesays.com\/fr\/wp-json\/wp\/v2\/posts\/248618\/revisions"}],"wp:featuredmedia":[{"embeddable":true,"href":"https:\/\/www.europesays.com\/fr\/wp-json\/wp\/v2\/media\/1051"}],"wp:attachment":[{"href":"https:\/\/www.europesays.com\/fr\/wp-json\/wp\/v2\/media?parent=248618"}],"wp:term":[{"taxonomy":"category","embeddable":true,"href":"https:\/\/www.europesays.com\/fr\/wp-json\/wp\/v2\/categories?post=248618"},{"taxonomy":"post_tag","embeddable":true,"href":"https:\/\/www.europesays.com\/fr\/wp-json\/wp\/v2\/tags?post=248618"}],"curies":[{"name":"wp","href":"https:\/\/api.w.org\/{rel}","templated":true}]}}