{"id":248629,"date":"2025-07-14T04:50:11","date_gmt":"2025-07-14T04:50:11","guid":{"rendered":"https:\/\/www.europesays.com\/fr\/248629\/"},"modified":"2025-07-14T04:50:11","modified_gmt":"2025-07-14T04:50:11","slug":"cet-asteroide-pourrait-frapper-la-lune-en-2032-et-enflammer-le-ciel-terrestre","status":"publish","type":"post","link":"https:\/\/www.europesays.com\/fr\/248629\/","title":{"rendered":"Cet ast\u00e9ro\u00efde pourrait frapper la Lune en 2032\u2026 et enflammer le ciel terrestre !"},"content":{"rendered":"<p data-start=\"289\" data-end=\"760\"><strong>En 2032, le ciel<br \/>\npourrait offrir un spectacle aussi magnifique qu\u2019inqui\u00e9tant. Un<br \/>\nast\u00e9ro\u00efde surnomm\u00e9 2024 YR4, d\u2019une taille suffisante pour raser une<br \/>\nville enti\u00e8re, ne menace plus directement la Terre\u2026 mais pourrait<br \/>\nfrapper la Lune. Ce sc\u00e9nario \u00e9tonnant, mod\u00e9lis\u00e9 par des chercheurs<br \/>\ndans une r\u00e9cente \u00e9tude, pourrait entra\u00eener une pluie de d\u00e9bris<br \/>\nspatiaux \u00e0 la vitesse de balles, avec des implications s\u00e9rieuses<br \/>\npour nos satellites et infrastructures orbitales.<\/strong><\/p>\n<p>Un \u00ab tueur de ville \u00bb rep\u00e9r\u00e9 \u00e0<br \/>\ntemps<\/p>\n<p data-start=\"807\" data-end=\"1271\">D\u00e9couvert en d\u00e9cembre 2024,<br \/>\n2024 YR4 mesure environ 60 m\u00e8tres de diam\u00e8tre. Ce n\u2019est pas<br \/>\nl\u2019ast\u00e9ro\u00efde de fin du monde, mais il est assez gros pour an\u00e9antir<br \/>\nune m\u00e9tropole en cas d\u2019impact direct. Lors de sa d\u00e9couverte, les<br \/>\npremi\u00e8res projections indiquaient une probabilit\u00e9 de collision avec<br \/>\nla Terre de 3,1 % pour le 22 d\u00e9cembre 2032. Ce pourcentage<br \/>\nrelativement \u00e9lev\u00e9 pour les standards astronomiques a imm\u00e9diatement<br \/>\nattir\u00e9 l\u2019attention de la NASA.<\/p>\n<p data-start=\"1273\" data-end=\"1463\">Heureusement, les calculs ont<br \/>\n\u00e9t\u00e9 affin\u00e9s, et <a href=\"https:\/\/sciencepost.fr\/fin-histoire-asteroide-2024-yr4-plus-un-danger\/\" target=\"_blank\" rel=\"noopener nofollow\">la menace terrestre a \u00e9t\u00e9<br \/>\n\u00e9cart\u00e9e<\/a>. Aujourd\u2019hui, l\u2019humanit\u00e9 respire\u2026 mais un autre corps<br \/>\nc\u00e9leste pourrait bien se trouver sur sa trajectoire.<\/p>\n<p>La Lune entre dans la ligne<br \/>\nde mire<\/p>\n<p data-start=\"1509\" data-end=\"1951\">Depuis avril 2025, les<br \/>\nastronomes surveillent une nouvelle trajectoire potentielle : celle<br \/>\nd\u2019un impact avec la Lune. Et cette fois, les chiffres sont<br \/>\nl\u00e9g\u00e8rement moins rassurants. La probabilit\u00e9 d\u2019une collision lunaire<br \/>\nest pass\u00e9e de 3,8 % \u00e0 4,3 %, et elle pourrait encore \u00e9voluer \u00e0<br \/>\nmesure que les observations se pr\u00e9cisent. La trajectoire finale<br \/>\ndevrait \u00eatre connue vers 2028, lors du prochain passage rapproch\u00e9<br \/>\nde l\u2019ast\u00e9ro\u00efde.<\/p>\n<p>Un impact lunaire digne d\u2019un<br \/>\nfilm de science-fiction<\/p>\n<p data-start=\"2014\" data-end=\"2316\">Les chercheurs de l\u2019Universit\u00e9<br \/>\nWestern (Canada), sp\u00e9cialis\u00e9s en dynamique du syst\u00e8me solaire, ont<br \/>\nmen\u00e9 des simulations pour anticiper ce qui se passerait si 2024 YR4<br \/>\npercutait notre satellite naturel. <a href=\"https:\/\/arxiv.org\/abs\/2506.11217\" target=\"_blank\" rel=\"noopener nofollow\">R\u00e9sultat<\/a> ? Jusqu\u2019\u00e0 100 millions de kilos de roche<br \/>\nlunaire pourraient \u00eatre projet\u00e9s dans l\u2019espace.<\/p>\n<p data-start=\"2318\" data-end=\"2713\">Si l\u2019ast\u00e9ro\u00efde frappe la face<br \/>\nvisible de la Lune (ce qui a 50 % de chances d\u2019arriver), environ 10<br \/>\n% de ces d\u00e9bris pourraient \u00eatre captur\u00e9s par la gravit\u00e9 terrestre<br \/>\ndans les jours qui suivent. Une portion de cette mati\u00e8re finirait<br \/>\npar br\u00fbler dans l\u2019atmosph\u00e8re, produisant un spectacle lumineux<br \/>\nmondial : une pluie de m\u00e9t\u00e9ores spectaculaire, qui pourrait durer<br \/>\nplusieurs jours.<\/p>\n<p><img loading=\"lazy\" data-lazyloaded=\"1\" decoding=\"async\" class=\"size-full wp-image-312453\" src=\"https:\/\/www.europesays.com\/fr\/wp-content\/uploads\/2025\/07\/Qaqm8nDerWrXWyxc9rps3o-970-80.jpg.webp.webp\" alt=\"ast\u00e9ro\u00efde\" width=\"970\" height=\"546\"  data-\/><br \/>\nLes nouvelles simulations pr\u00e9disent comment les \u00e9jectas de la<br \/>\ncollision ast\u00e9ro\u00efde-lune seront attir\u00e9s par la gravit\u00e9 terrestre.<br \/>\nCr\u00e9dit image : Wiegert, Brown, Lopes &amp; Connors 2025Beaut\u00e9 c\u00e9leste\u2026 mais menace<br \/>\norbitale<\/p>\n<p data-start=\"2760\" data-end=\"3205\">Si cette perspective peut<br \/>\nfaire r\u00eaver les amateurs d\u2019astronomie, elle n\u2019est pas sans danger<br \/>\npour les infrastructures spatiales. Comme l\u2019explique l\u2019astronome<br \/>\nPaul Wiegert, \u00ab un rocher d\u2019un centim\u00e8tre de diam\u00e8tre lanc\u00e9 \u00e0<br \/>\ndes dizaines de milliers de m\u00e8tres par seconde, c\u2019est une balle<br \/>\ncosmique \u00bb. Une telle particule pourrait d\u00e9truire un satellite<br \/>\nou endommager une station spatiale habit\u00e9e, comme la station<br \/>\nchinoise Tiangong.<\/p>\n<p data-start=\"3207\" data-end=\"3470\">Et la menace est d\u2019autant plus<br \/>\ns\u00e9rieuse que le nombre de satellites en orbite augmente rapidement.<br \/>\nEn 2032, le ciel terrestre sera bien plus encombr\u00e9 qu\u2019aujourd\u2019hui,<br \/>\navec des constellations de satellites pour l\u2019internet, la<br \/>\nnavigation, la m\u00e9t\u00e9o ou la d\u00e9fense.<\/p>\n<p data-start=\"3472\" data-end=\"3627\">Les chercheurs estiment que la<br \/>\nprobabilit\u00e9 d\u2019un impact avec un satellite pourrait \u00eatre multipli\u00e9e<br \/>\npar 1 000 si les projections de d\u00e9bris se confirment.<\/p>\n<p>Une opportunit\u00e9 de tester nos<br \/>\nd\u00e9fenses plan\u00e9taires ?<\/p>\n<p data-start=\"3691\" data-end=\"4046\">Ce sc\u00e9nario lunaire pr\u00e9sente<br \/>\naussi une opportunit\u00e9 unique : tester les capacit\u00e9s humaines \u00e0<br \/>\nd\u00e9vier un ast\u00e9ro\u00efde sans attendre qu\u2019il menace directement la<br \/>\nTerre. Paul Wiegert estime que 2024 YR4 est une \u00ab cible id\u00e9ale \u00bb<br \/>\npour une telle mission, du type de la sonde DART, qui a r\u00e9ussi en<br \/>\n2022 \u00e0 d\u00e9vier la trajectoire de l\u2019ast\u00e9ro\u00efde Dimorphos.<\/p>\n<p data-start=\"4048\" data-end=\"4212\">Mais attention : si une<br \/>\ntentative de d\u00e9viation \u00e9choue ou est mal calcul\u00e9e, l\u2019ast\u00e9ro\u00efde<br \/>\npourrait \u00eatre redirig\u00e9 vers la Terre, un risque bien plus<br \/>\ncatastrophique.<\/p>\n<p>Le danger de baisser la<br \/>\ngarde<\/p>\n<p data-start=\"4252\" data-end=\"4523\">Certains scientifiques<br \/>\ns\u2019inqui\u00e8tent aussi des coupes budg\u00e9taires envisag\u00e9es dans les<br \/>\nprogrammes de surveillance spatiale. Moins d\u2019investissements<br \/>\nsignifie moins de capacit\u00e9 \u00e0 suivre les objets dangereux, \u00e0<br \/>\nanticiper leur trajectoire, ou \u00e0 les neutraliser \u00e0 temps.<\/p>\n<p data-start=\"4525\" data-end=\"4726\">Dans un contexte o\u00f9 les<br \/>\nast\u00e9ro\u00efdes comme 2024 YR4 sont d\u00e9couverts r\u00e9guli\u00e8rement, et o\u00f9<br \/>\nl\u2019activit\u00e9 humaine dans l\u2019espace explose, le suivi des menaces<br \/>\nspatiales devrait rester une priorit\u00e9 mondiale.<\/p>\n<p>En r\u00e9sum\u00e9<\/p>\n<p data-start=\"4751\" data-end=\"5175\">Loin d\u2019un sc\u00e9nario<br \/>\nhollywoodien, l\u2019impact potentiel de 2024 YR4 sur la Lune est r\u00e9el,<br \/>\nbien que peu probable. Il ne mettrait pas l\u2019humanit\u00e9 en danger<br \/>\ndirect, mais pourrait perturber nos syst\u00e8mes spatiaux vitaux. Et<br \/>\ns\u2019il se produit, il offrirait un spectacle c\u00e9leste in\u00e9dit depuis<br \/>\ndes mill\u00e9naires, tout en posant une question cruciale : sommes-nous<br \/>\npr\u00eats \u00e0 d\u00e9fendre notre plan\u00e8te\u2026 m\u00eame contre un tir indirect ?<\/p>\n<p data-start=\"5177\" data-end=\"5266\" data-is-last-node=\"\" data-is-only-node=\"\">Souhaites-tu que je t\u2019en propose une version<br \/>\navec illustrations ou encadr\u00e9s explicatifs ?<\/p>\n","protected":false},"excerpt":{"rendered":"En 2032, le ciel pourrait offrir un spectacle aussi magnifique qu\u2019inqui\u00e9tant. Un ast\u00e9ro\u00efde surnomm\u00e9 2024 YR4, d\u2019une taille&hellip;\n","protected":false},"author":2,"featured_media":248630,"comment_status":"","ping_status":"","sticky":false,"template":"","format":"standard","meta":{"footnotes":""},"categories":[7],"tags":[1011,27,43,40,41,39,42,44],"class_list":{"0":"post-248629","1":"post","2":"type-post","3":"status-publish","4":"format-standard","5":"has-post-thumbnail","7":"category-sciences-et-technologies","8":"tag-fr","9":"tag-france","10":"tag-science","11":"tag-science-and-technology","12":"tag-sciences","13":"tag-sciences-et-technologies","14":"tag-technologies","15":"tag-technology"},"share_on_mastodon":{"url":"https:\/\/pubeurope.com\/@fr\/114849790323100287","error":""},"_links":{"self":[{"href":"https:\/\/www.europesays.com\/fr\/wp-json\/wp\/v2\/posts\/248629","targetHints":{"allow":["GET"]}}],"collection":[{"href":"https:\/\/www.europesays.com\/fr\/wp-json\/wp\/v2\/posts"}],"about":[{"href":"https:\/\/www.europesays.com\/fr\/wp-json\/wp\/v2\/types\/post"}],"author":[{"embeddable":true,"href":"https:\/\/www.europesays.com\/fr\/wp-json\/wp\/v2\/users\/2"}],"replies":[{"embeddable":true,"href":"https:\/\/www.europesays.com\/fr\/wp-json\/wp\/v2\/comments?post=248629"}],"version-history":[{"count":0,"href":"https:\/\/www.europesays.com\/fr\/wp-json\/wp\/v2\/posts\/248629\/revisions"}],"wp:featuredmedia":[{"embeddable":true,"href":"https:\/\/www.europesays.com\/fr\/wp-json\/wp\/v2\/media\/248630"}],"wp:attachment":[{"href":"https:\/\/www.europesays.com\/fr\/wp-json\/wp\/v2\/media?parent=248629"}],"wp:term":[{"taxonomy":"category","embeddable":true,"href":"https:\/\/www.europesays.com\/fr\/wp-json\/wp\/v2\/categories?post=248629"},{"taxonomy":"post_tag","embeddable":true,"href":"https:\/\/www.europesays.com\/fr\/wp-json\/wp\/v2\/tags?post=248629"}],"curies":[{"name":"wp","href":"https:\/\/api.w.org\/{rel}","templated":true}]}}