{"id":248631,"date":"2025-07-14T04:51:13","date_gmt":"2025-07-14T04:51:13","guid":{"rendered":"https:\/\/www.europesays.com\/fr\/248631\/"},"modified":"2025-07-14T04:51:13","modified_gmt":"2025-07-14T04:51:13","slug":"lidl-casse-le-prix-de-cet-appareil-a-emporter-partout-cet-ete","status":"publish","type":"post","link":"https:\/\/www.europesays.com\/fr\/248631\/","title":{"rendered":"LIDL casse le prix de cet appareil \u00e0 emporter partout cet \u00e9t\u00e9"},"content":{"rendered":"<p>                                        <img width=\"658\" height=\"329\" src=\"https:\/\/www.europesays.com\/fr\/wp-content\/uploads\/2025\/07\/LIDL-casse-le-prix-de-cet-appareil-a-emporter-partout-cet-ete-658x329.jpg\" class=\"attachment-single-desktop size-single-desktop wp-post-image\" alt=\"LIDL casse le prix de cet appareil \u00e0 emporter partout cet \u00e9t\u00e9\" fetchpriority=\"high\" loading=\"eager\" decoding=\"sync\"  \/>                                    <\/p>\n<p>                            Pour passer un \u00e9t\u00e9 au frais, Lidl d\u00e9voile ce climatiseur SilverCrest. D\u00e9couvrez ce mod\u00e8le petit et compact, \u00e0 empoter partout avec vous.<\/p>\n<p>Encore en stock sur le site de Lidl, ce <strong>ventilateur de <a href=\"https:\/\/www.tuxboard.com\/ikea-facilite-le-rangement-avec-cette-etagere-ultra-pratique-qui-ne-necessite-ni-vis-ni-perceuse-a-moins-de-20-euros-11072025\/\" target=\"_blank\" rel=\"noopener\">table<\/a><\/strong> en soldes est le compagnon id\u00e9al de votre \u00e9t\u00e9. Ne souffrez plus de <a href=\"https:\/\/www.tuxboard.com\/cette-innovation-lidl-permet-de-passer-la-canicule-au-frais-a-moins-de-30-euros-01072025\/\" target=\"_blank\" rel=\"noopener\">la chaleur<\/a> gr\u00e2ce \u00e0 sa puissance d\u2019action.<\/p>\n<p>Une adresse qui booste le pouvoir d\u2019achat<\/p>\n<p>\u00c0 l\u2019\u00e9poque o\u00f9 l\u2019inflation fait augmenter le prix de tout, rien n\u2019est plus important que de faire des \u00e9conomies. Mais si possible, sans pour autant se priver !<\/p>\n<p>Pour <strong>booster son pouvoir d\u2019achat<\/strong> et r\u00e9ussir \u00e0 bien d\u00e9penser chaque euro, le bon plan est de venir chez Lidl. <a href=\"https:\/\/www.tuxboard.com\/lidl-devoile-cette-robe-kimono-parfaite-pour-aller-a-la-plage-cet-ete-30062025\/\" target=\"_blank\" rel=\"noopener\">L\u2019enseigne de hard discount<\/a> est une des adresses pr\u00e9f\u00e9r\u00e9es des Fran\u00e7ais. Rien de plus normal quand la client\u00e8le est s\u00fbre de r\u00e9aliser les meilleures affaires pour son porte-monnaie.<\/p>\n<p>Pour cette saison estivale qui ne fait que commencer, <a href=\"https:\/\/www.tuxboard.com\/faites-vos-courses-chez-lidl-ce-jour-de-la-semaine-pour-profiter-des-meilleures-promos-en-magasin-06072025\/\" target=\"_blank\" rel=\"noopener\">la marque allemande<\/a> rivalise de bonnes id\u00e9es pour nous permettre de passer celui-ci au mieux. L\u2019enseigne vous propose non seulement de r\u00e9aliser vos courses du quotidien moins cher, mais aussi de vous octroyer des achats plaisir sans vous ruiner.<\/p>\n<p>Que vous partiez en vacances ou que vous restiez chez vous, le discounter d\u00e9voile de nombreux articles indispensable pour passer un bel \u00e9t\u00e9. Retrouvez chez Lidl tout ce qu\u2019il faut pour passer d\u2019agr\u00e9ables vacances, quels que soient vos projets.<\/p>\n<p>Ceux qui poss\u00e8dent des espaces ext\u00e9rieurs, pourront par exemple mettre la main sur <strong>des articles bon march\u00e9<\/strong> pour les am\u00e9nager. Comme du mobilier ext\u00e9rieur, confort et convivial pour recevoir les amis ou la famille.<\/p>\n<p>Ne manquez pas non plus <strong>les promotions<\/strong> de <a href=\"https:\/\/www.tuxboard.com\/fini-la-serpillere-et-le-balai-lidl-a-la-solution-pour-faire-le-menage-en-30-secondes-05072025\/\" target=\"_blank\" rel=\"noopener\">la cha\u00eene de supermarch\u00e9s<\/a> sur les barbecues ou les piscines de jardin. Il y a des tas de super affaires \u00e0 faire chez le discounter pour vivre un \u00e9t\u00e9 100% r\u00e9ussi.<\/p>\n<p>Un appareil Lidl en soldes pour lutter contre la canicule estivale<\/p>\n<p>Pour une saison estivale au top, retrouvez aussi chez Lidl tout ce qu\u2019il faut pour ne pas subir la hausse de temp\u00e9ratures. Le r\u00e9cent \u00e9pisode de canicule \u00e0 montrer qu\u2019il est difficile de supporter les vagues de chaleur.<\/p>\n<p>Pour cela, Lidl d\u00e9voile une gamme de ventilateurs et climatiseurs permettant de rafraichir vos logements. Et parmi eux, <strong>ce mini climatiseur Silvercrest<\/strong> a pas mal d\u2019atouts \u00e0 faire valoir.<\/p>\n<p>Gr\u00e2ce \u00e0 sa taille portative, il peut \u00eatre emmen\u00e9 partout avec vous. Il sera le compagnon id\u00e9al au bureau ou encore pour passer d\u2019une pi\u00e8ce \u00e0 l\u2019autre chez vous. Cet appareil \u00e0 retrouver actuellement sur le site du discounter est une solution fonctionnelle et \u00e9conomique pour se rafra\u00eechir.<\/p>\n<p>Avec sa puissance de 6w, et ses trois vitesses, il assure une distribution uniforme de l\u2019air. <strong>D\u00e9pourvu de pales et de rotor<\/strong>, il est une garantie contre le risque de blessure pour les enfants ou encore les animaux. Son utilisation simple \u00e0 l\u2019aide de 2 boutons vous permettra de le prendre facilement en main.<\/p>\n<p>\u00c9l\u00e9gant et discret au niveau du bruit, il poss\u00e8de aussi une <strong>lampe LED<\/strong> qui lui permet d\u2019assurer un joli spectacle visuel. En effet, en m\u00eame temps qu\u2019il rafraichit l\u2019atmosph\u00e8re, il \u00e9met une lumi\u00e8re d\u2019ambiance en cinq couleurs diff\u00e9rentes.<\/p>\n<p>Dot\u00e9 d\u2019un c\u00e2ble de 1,20 m et de pieds antid\u00e9rapants, il pourra \u00eatre utilis\u00e9 partout o\u00f9 vous en aurez besoin cet \u00e9t\u00e9. Enfin, son prix chez Lidl est aussi un bon plan. Cet appareil en soldes vous est propos\u00e9 \u00e0 17,99\u20ac en mod\u00e8le noir ou blanc.<\/p>\n<p>Pl\u00e9biscit\u00e9 par les clients qui sont 81% \u00e0 s\u2019en dire satisfait, c\u2019est l\u2019achat \u00e0 ne pas rater chez Lidl.<\/p>\n<p><img loading=\"lazy\" decoding=\"async\" aria-describedby=\"caption-attachment-1394573\" class=\"size-medium wp-image-1394573\" src=\"data:image\/svg+xml,%3Csvg%20xmlns=\" http:=\"\" alt=\"\u00a9Lidl\" width=\"534\" height=\"450\" data-lazy- data-lazy- data-lazy-src=\"https:\/\/www.tuxboard.com\/wp-content\/uploads\/2025\/07\/\u00a9Lidl-534x450.png\"\/><\/p>\n<p id=\"caption-attachment-1394573\" class=\"wp-caption-text\">\u00a9Lidl<\/p>\n<p>                                    <img loading=\"lazy\" decoding=\"async\" src=\"data:image\/svg+xml,%3Csvg%20xmlns=\" http:=\"\" itemprop=\"image\" width=\"32\" height=\"32\" alt=\"avatar\" class=\"avatar avatar-32\" data-lazy-src=\"https:\/\/www.europesays.com\/fr\/wp-content\/uploads\/2025\/05\/VG.png\"\/>                                                                    <\/p>\n<p>                                    <a class=\"post-author-name\" href=\"https:\/\/www.tuxboard.com\/author\/cvirginietuxb2022\/\" title=\"G. V.\" itemprop=\"url\" target=\"_blank\" rel=\"noopener\">G. V.<\/a><\/p>\n<p itemprop=\"description\">R\u00e9dactrice au long cours pour Tuxboard.com, je r\u00e9dige \u00e9galement des articles pour diff\u00e9rents m\u00e9dias. Passionn\u00e9e de culture, musique et cin\u00e9ma, j&rsquo;aime \u00e9crire sur divers sujets. Mes domaines de pr\u00e9dilection sont l&rsquo;actu, le lifestyle et les m\u00e9dias.<\/p>\n","protected":false},"excerpt":{"rendered":"Pour passer un \u00e9t\u00e9 au frais, Lidl d\u00e9voile ce climatiseur SilverCrest. D\u00e9couvrez ce mod\u00e8le petit et compact, \u00e0&hellip;\n","protected":false},"author":2,"featured_media":248632,"comment_status":"","ping_status":"","sticky":false,"template":"","format":"standard","meta":{"footnotes":""},"categories":[6],"tags":[35,33,34,1011,27,18542],"class_list":{"0":"post-248631","1":"post","2":"type-post","3":"status-publish","4":"format-standard","5":"has-post-thumbnail","7":"category-economie","8":"tag-business","9":"tag-economie","10":"tag-economy","11":"tag-fr","12":"tag-france","13":"tag-lidl"},"share_on_mastodon":{"url":"https:\/\/pubeurope.com\/@fr\/114849794331647472","error":""},"_links":{"self":[{"href":"https:\/\/www.europesays.com\/fr\/wp-json\/wp\/v2\/posts\/248631","targetHints":{"allow":["GET"]}}],"collection":[{"href":"https:\/\/www.europesays.com\/fr\/wp-json\/wp\/v2\/posts"}],"about":[{"href":"https:\/\/www.europesays.com\/fr\/wp-json\/wp\/v2\/types\/post"}],"author":[{"embeddable":true,"href":"https:\/\/www.europesays.com\/fr\/wp-json\/wp\/v2\/users\/2"}],"replies":[{"embeddable":true,"href":"https:\/\/www.europesays.com\/fr\/wp-json\/wp\/v2\/comments?post=248631"}],"version-history":[{"count":0,"href":"https:\/\/www.europesays.com\/fr\/wp-json\/wp\/v2\/posts\/248631\/revisions"}],"wp:featuredmedia":[{"embeddable":true,"href":"https:\/\/www.europesays.com\/fr\/wp-json\/wp\/v2\/media\/248632"}],"wp:attachment":[{"href":"https:\/\/www.europesays.com\/fr\/wp-json\/wp\/v2\/media?parent=248631"}],"wp:term":[{"taxonomy":"category","embeddable":true,"href":"https:\/\/www.europesays.com\/fr\/wp-json\/wp\/v2\/categories?post=248631"},{"taxonomy":"post_tag","embeddable":true,"href":"https:\/\/www.europesays.com\/fr\/wp-json\/wp\/v2\/tags?post=248631"}],"curies":[{"name":"wp","href":"https:\/\/api.w.org\/{rel}","templated":true}]}}