{"id":248637,"date":"2025-07-14T04:55:53","date_gmt":"2025-07-14T04:55:53","guid":{"rendered":"https:\/\/www.europesays.com\/fr\/248637\/"},"modified":"2025-07-14T04:55:53","modified_gmt":"2025-07-14T04:55:53","slug":"saint-chamond-incendie-dans-un-immeuble-un-enfant-evacue-a-lhopital","status":"publish","type":"post","link":"https:\/\/www.europesays.com\/fr\/248637\/","title":{"rendered":"Saint-Chamond : incendie dans un immeuble, un enfant \u00e9vacu\u00e9 \u00e0 l&rsquo;h\u00f4pital"},"content":{"rendered":"<p>Ce mercredi 9 juillet, t\u00f4t le matin, un incendie s&rsquo;est d\u00e9clar\u00e9 dans un immeuble \u00e0 Saint-Chamond (Loire). Une trentaine de personnes ont d\u00fb \u00eatre \u00e9vacu\u00e9es et quatre victimes ont \u00e9t\u00e9 emmen\u00e9es \u00e0 l&rsquo;h\u00f4pital par les secours.<\/p>\n<p>Intervention des pompiers de la Loire ce matin du mercredi 9 juillet \u00e0 <b>Saint-Chamond<\/b> (Loire). <b>Des compteurs \u00e9lectriques se sont enflamm\u00e9s<\/b> dans deux appartements d&rsquo;un immeuble situ\u00e9 rue Lafontaine.<\/p>\n<p>Alert\u00e9s vers 7h30 du matin, les soldats du feu ont r\u00e9ussi \u00e0 \u00e9teindre l&rsquo;incendie rapidement.<\/p>\n<p>Des habitants \u00e9vacu\u00e9s \u00e0 Saint-Chamond, un enfant de 7 ans \u00e0 l&rsquo;h\u00f4pital<\/p>\n<p>Au total, 32 habitants ont \u00e9t\u00e9 \u00e9vacu\u00e9s et quatre personnes ont \u00e9t\u00e9 emmen\u00e9es vers diff\u00e9rents h\u00f4pitaux apr\u00e8s avoir inhal\u00e9 des fum\u00e9es.<\/p>\n<p>Parmi elles se trouve <b>un enfant de 7 ans<\/b>, sa m\u00e8re de 36 ans et une femme de 79 ans qui ont \u00e9t\u00e9 emmen\u00e9es au centre hospitalier de Saint-Chamond.<\/p>\n<p>Une autre femme de 32 ans a \u00e9t\u00e9 conduite \u00e0 l&rsquo;h\u00f4pital priv\u00e9 de la Loire, \u00e0 Saint-\u00c9tienne.<\/p>\n<p>L&rsquo;occupant d&rsquo;un des appartements victimes des flammes doit \u00eatre relog\u00e9.<\/p>\n<p><img loading=\"lazy\" decoding=\"async\" src=\"https:\/\/www.europesays.com\/fr\/wp-content\/uploads\/2025\/07\/1752468953_33_img\" width=\"350\" height=\"200\" border=\"0\" title=\"Un camion de pompiers\"\/><\/p>\n<p>\u25baFaits divers<\/p>\n<p style=\"font-size: 22px;\"><b>Pr\u00e8s de Saint-\u00c9tienne : un bus prend feu, le conducteur sauve plusieurs vies<\/b><\/p>\n<p>Mardi 8 juillet, un bus de la STAS a \u00e9t\u00e9 enti\u00e8rement&#8230;<\/p>\n<p><\/p>\n","protected":false},"excerpt":{"rendered":"Ce mercredi 9 juillet, t\u00f4t le matin, un incendie s&rsquo;est d\u00e9clar\u00e9 dans un immeuble \u00e0 Saint-Chamond (Loire). Une&hellip;\n","protected":false},"author":2,"featured_media":248638,"comment_status":"","ping_status":"","sticky":false,"template":"","format":"standard","meta":{"footnotes":""},"categories":[9653],"tags":[1111,11,2430,1777,674,1312,1011,27,1310,3367,12,1311,25,9669,4001],"class_list":{"0":"post-248637","1":"post","2":"type-post","3":"status-publish","4":"format-standard","5":"has-post-thumbnail","7":"category-saint-etienne","8":"tag-actu","9":"tag-actualites","10":"tag-auvergne-rhone-alpes","11":"tag-eu","12":"tag-europe","13":"tag-feu","14":"tag-fr","15":"tag-france","16":"tag-incendie","17":"tag-loire","18":"tag-news","19":"tag-pompiers","20":"tag-republique-francaise","21":"tag-saint-chamond","22":"tag-saint-etienne"},"share_on_mastodon":{"url":"https:\/\/pubeurope.com\/@fr\/114849813864276411","error":""},"_links":{"self":[{"href":"https:\/\/www.europesays.com\/fr\/wp-json\/wp\/v2\/posts\/248637","targetHints":{"allow":["GET"]}}],"collection":[{"href":"https:\/\/www.europesays.com\/fr\/wp-json\/wp\/v2\/posts"}],"about":[{"href":"https:\/\/www.europesays.com\/fr\/wp-json\/wp\/v2\/types\/post"}],"author":[{"embeddable":true,"href":"https:\/\/www.europesays.com\/fr\/wp-json\/wp\/v2\/users\/2"}],"replies":[{"embeddable":true,"href":"https:\/\/www.europesays.com\/fr\/wp-json\/wp\/v2\/comments?post=248637"}],"version-history":[{"count":0,"href":"https:\/\/www.europesays.com\/fr\/wp-json\/wp\/v2\/posts\/248637\/revisions"}],"wp:featuredmedia":[{"embeddable":true,"href":"https:\/\/www.europesays.com\/fr\/wp-json\/wp\/v2\/media\/248638"}],"wp:attachment":[{"href":"https:\/\/www.europesays.com\/fr\/wp-json\/wp\/v2\/media?parent=248637"}],"wp:term":[{"taxonomy":"category","embeddable":true,"href":"https:\/\/www.europesays.com\/fr\/wp-json\/wp\/v2\/categories?post=248637"},{"taxonomy":"post_tag","embeddable":true,"href":"https:\/\/www.europesays.com\/fr\/wp-json\/wp\/v2\/tags?post=248637"}],"curies":[{"name":"wp","href":"https:\/\/api.w.org\/{rel}","templated":true}]}}