{"id":248651,"date":"2025-07-14T05:10:18","date_gmt":"2025-07-14T05:10:18","guid":{"rendered":"https:\/\/www.europesays.com\/fr\/248651\/"},"modified":"2025-07-14T05:10:18","modified_gmt":"2025-07-14T05:10:18","slug":"neyrpic-se-felicite-de-ses-resultats-et-la-fuite-des-commerces-grenoblois-saccelere","status":"publish","type":"post","link":"https:\/\/www.europesays.com\/fr\/248651\/","title":{"rendered":"NEYRPIC SE F\u00c9LICITE DE SES R\u00c9SULTATS ET LA FUITE DES COMMERCES GRENOBLOIS S&rsquo;ACC\u00c9L\u00c9RE"},"content":{"rendered":"<p>Posted On 14 juillet 2025 <\/p>\n<p style=\"text-align: justify;\">Le centre commercial Neyrpic \u00e0 Saint-Martin-d&rsquo;H\u00e8res annonce fi\u00e8rement avoir attir\u00e9 3,5 millions de visiteurs en neuf mois. Un succ\u00e8s qui a des allures de miroir cruel, mettant en relief la souffrance des commerces \u00e0 Grenoble.<\/p>\n<p><b>NEYRPIC : 3,5 MILLIONS DE VISITEURS<\/b><\/p>\n<p style=\"text-align: justify;\">Avec 3,5 millions de visiteurs depuis son ouverture et un objectif de cinq millions d&rsquo;ici la fin de l&rsquo;ann\u00e9e 2025, Neyrpic affiche son succ\u00e8s insolent <a target=\"_blank\" href=\"https:\/\/c.ledauphine.com\/economie\/2025\/07\/10\/isere-saint-martin-d-heres-neyrpic-3-5-millions-de-visiteurs-et-ca-va-encore-grimper\" rel=\"noopener\">dans les pages du Dauphin\u00e9 Lib\u00e9r\u00e9<\/a>. Forc\u00e9ment le directeur, Lionel Schneider, se dit heureux et \u00e9voque un d\u00e9marrage \u00ab\u00a0tr\u00e8s satisfaisant\u00a0\u00bb, avec des enseignes qui r\u00e9alisent m\u00eame leur meilleur chiffre d&rsquo;affaires national sur le site. Une dynamique commerciale florissante, \u00e0 quelques kilom\u00e8tres seulement d\u2019un centre-ville grenoblois qui, lui, suffoque.<\/p>\n<p><a href=\"https:\/\/i0.wp.com\/grenoble-le-changement.fr\/wp-content\/uploads\/2024\/10\/dl-neyrpic.jpeg?ssl=1\" rel=\"lightbox[83269] noopener\" target=\"_blank\"><img loading=\"lazy\" decoding=\"async\" class=\" wp-image-76860 jetpack-lazy-image\" src=\"https:\/\/i0.wp.com\/grenoble-le-changement.fr\/wp-content\/uploads\/2024\/10\/dl-neyrpic.jpeg?resize=446%2C466&amp;ssl=1\" alt=\"\" width=\"446\" height=\"466\" data-recalc-dims=\"1\" data-lazy-src=\"https:\/\/www.europesays.com\/fr\/wp-content\/uploads\/2025\/07\/dl-neyrpic.jpeg\" \/><\/a>Le succ\u00e8s de l&rsquo;ouverture ne s&rsquo;est pas d\u00e9menti ensuite<br \/>\n<b>PROPRET\u00c9, S\u00c9CURIT\u00c9, ANIMATION&#8230;<\/b><\/p>\n<p style=\"text-align: justify;\">Le directeur de Neyrpic ne cache pas sa recette : \u00ab\u00a0ses espaces ouverts qui font se rencontrer des profils \u00ab tr\u00e8s diff\u00e9rents \u00bb ; son architecture \u00ab o\u00f9 l\u2019on se sent bien \u00bb ; la s\u00e9curit\u00e9 (et ses 360 cam\u00e9ras) pour un \u00ab shopping s\u00e9r\u00e9nit\u00e9 \u00bb ; la propret\u00e9 du site, \u00ab une priorit\u00e9 sur laquelle nous sommes intransigeants \u00bb ; et l\u2019animation du lieu dans \u00ab un cadre qui s\u2019y pr\u00eate \u00bb avec des partenariats locaux\u00a0\u00bb. Des principes simples qui d\u00e9montrent qu\u2019il est possible de cr\u00e9er un p\u00f4le commercial dynamique quand on s\u2019en donne les moyens&#8230;<\/p>\n<p><b>&#8230;TOUT CE QUI MANQUE \u00c0 GRENOBLE<\/b><\/p>\n<p style=\"text-align: justify;\">&#8230; et qui mettent surtout en relief que ce qui fonctionne pour Neyrpic est <a href=\"https:\/\/grenoble-le-changement.fr\/2025\/04\/25\/commerce-tous-les-temoignages-confirment-quil-faut-changer-de-politique-a-grenoble\/\" target=\"_blank\" rel=\"noopener\">pr\u00e9cis\u00e9ment ce que la municipalit\u00e9 Verts\/LFI refuse aux Grenoblois<\/a>. \u00c0 la place, la ville-centre se coltine une malpropret\u00e9, une ins\u00e9curit\u00e9, des incivilit\u00e9s galopantes, un espace public d\u00e9grad\u00e9 qui font de Grenoble un v\u00e9ritable repoussoir \u00e0 clients. Ce \u00e0 quoi s&rsquo;ajoute une politique de fermeture syst\u00e9matique, avec des probl\u00e8mes d&rsquo;accessibilit\u00e9 et de stationnement que Neyrpic n&rsquo;a pas avec son grand parking gratuit.<\/p>\n<p><b>LE D\u00c9MENTI DU DISCOURS MUNICIPAL<\/b><\/p>\n<p style=\"text-align: justify;\">Ce succ\u00e8s de Neyrpic est un camouflet pour l&rsquo;adjoint au commerce Alan Confesson (LFI) et ses amis. <a href=\"https:\/\/grenoble-le-changement.fr\/2025\/05\/11\/centre-ville-les-habitants-nen-peuvent-plus-des-discours-et-de-la-mauvaise-foi-des-elus\/\" target=\"_blank\" rel=\"noopener\">Depuis plusieurs mois, la municipalit\u00e9 Verts\/LFI tentait de distiller un narratif<\/a> selon lequel Neyrpic ne fonctionne pas et n&rsquo;avait donc pas d&rsquo;impact sur les commerces Grenoblois. La r\u00e9alit\u00e9 se rappelle cruellement \u00e0 eux.\u00a0Les commer\u00e7ants de Neyrpic se disent contents et les chiffres de fr\u00e9quentation parlent d&rsquo;eux-m\u00eames.<\/p>\n<p><a href=\"https:\/\/i0.wp.com\/grenoble-le-changement.fr\/wp-content\/uploads\/2025\/05\/schuman-pantel-namur-confesson.jpg?ssl=1\" rel=\"lightbox[83269] noopener\" target=\"_blank\"><img loading=\"lazy\" decoding=\"async\" class=\" wp-image-81901 jetpack-lazy-image\" src=\"https:\/\/i0.wp.com\/grenoble-le-changement.fr\/wp-content\/uploads\/2025\/05\/schuman-pantel-namur-confesson.jpg?resize=636%2C585&amp;ssl=1\" alt=\"\" width=\"636\" height=\"585\" data-recalc-dims=\"1\" data-lazy-src=\"https:\/\/www.europesays.com\/fr\/wp-content\/uploads\/2025\/07\/schuman-pantel-namur-confesson.jpg\" \/><\/a>Au printemps, r\u00e9union avec les habitants du centre-ville au cours de laquelle Alan Confesson d\u00e9fendait maladroitement l&rsquo;id\u00e9e que Neyrpic ne remplirait pas ses objectifs&#8230; D\u00e9menti cinglant quelques semaines plus tard<br \/>\n<b>PENDANT CE TEMPS, GRENOBLE COMPTE SES RIDEAUX BAISS\u00c9S<\/b><\/p>\n<p style=\"text-align: justify;\">Le contraste est saisissant avec Grenoble o\u00f9, pendant ce temps, <a href=\"https:\/\/grenoble-le-changement.fr\/2025\/05\/29\/12-de-commerces-fermes-a-grenoble-stop-ou-encore\/\" target=\"_blank\" rel=\"noopener\">la vacance commerciale a doubl\u00e9 en 10 ans pour atteindre le chiffre alarmant de 12 %<\/a>. Un taux bien sup\u00e9rieur \u00e0 la moyenne nationale (10 %) et le double de celui de villes comparables comme Nantes (5,8 %). Un d\u00e9sastre qui n\u2019est donc pas une fatalit\u00e9 nationale, mais bien le fruit de choix locaux d\u00e9lib\u00e9r\u00e9s. Et m\u00eame tr\u00e8s localis\u00e9s, pr\u00e9cis\u00e9ment dans la municipalit\u00e9 Verts\/LFI, puisque les voisins tout proches de Neyrpic s&rsquo;en sortent !<\/p>\n<p><b>CASERNE DE BONNE : LE PROJET \u00ab\u00a0FOOD COURT\u00a0\u00bb ENTERR\u00c9<\/b><\/p>\n<p style=\"text-align: justify;\">Pendant que Neyrpic sabre le champagne, \u00e0 la Caserne de Bonne, c&rsquo;est une toute autre ambiance avec l&rsquo;abandon du projet de \u00ab\u00a0food court\u00a0\u00bb. Annonc\u00e9 pour fin 2025, source d&rsquo;espoir pour revitaliser ce centre commercial Made In Destot qui n&rsquo;a jamais rempli ses objectifs, <a target=\"_blank\" href=\"https:\/\/c.ledauphine.com\/economie\/2025\/06\/20\/le-projet-food-court-enterre-quel-avenir-pour-la-caserne-de-bonne\" rel=\"noopener\">le grand espace de restauration ne verra jamais le jour<\/a>, laissant les commer\u00e7ants dans le d\u00e9sarroi. Avec 50 % de locaux vides, la situation ne pr\u00eate gu\u00e8re \u00e0 l&rsquo;optimisme. Sympt\u00f4me suppl\u00e9mentaire de la d\u00e9sertification commerciale grenobloise. M\u00eame si Alan Confesson promet des lendemains qui chantent ( DL du 14\/7\/25) pour la caserne.<\/p>\n<p><b>LA NOUVELLE POMPE ASPIRANTE CR\u00c9\u00c9E PAR LES \u00c9LUS EUX-M\u00caMES<\/b><\/p>\n<p style=\"text-align: justify;\">Concernant Neyrpic on ne rappellera jamais assez que les m\u00eames \u00e9lus qui se d\u00e9douanent aujourd&rsquo;hui, \u00e0 l&rsquo;instar de la conseill\u00e8re m\u00e9tropolitaine d\u00e9l\u00e9gu\u00e9e au commerce\u00a0Barbara Schuman (Place Publique), <a href=\"https:\/\/grenoble-le-changement.fr\/2024\/10\/06\/neyrpic-panique-des-elus-qui-ont-cree-la-catastrophe\/\" target=\"_blank\" rel=\"noopener\">appartiennent \u00e0 la majorit\u00e9 m\u00e9tropolitaine qui se f\u00e9licitait en 2018 d&rsquo;avoir sign\u00e9 le protocole d&rsquo;accord du centre-commercial<\/a>. En soutenant ce projet pharaonique en p\u00e9riph\u00e9rie, ces \u00e9lus ont sciemment cr\u00e9\u00e9 une pompe aspirante qui vide le centre-ville&#8230; et les Verts\/LFI appartenant \u00e0 la majorit\u00e9 \u00e0 la m\u00e9tropole n&rsquo;ont rien fait pour l&#8217;emp\u00eacher.\u00a0<\/p>\n<p><a href=\"https:\/\/i0.wp.com\/grenoble-le-changement.fr\/wp-content\/uploads\/2024\/11\/KFC-Grand-Place--scaled.jpg?ssl=1\" rel=\"lightbox[83269] noopener\" target=\"_blank\"><img loading=\"lazy\" decoding=\"async\" class=\" wp-image-77921 jetpack-lazy-image\" src=\"https:\/\/i0.wp.com\/grenoble-le-changement.fr\/wp-content\/uploads\/2024\/11\/KFC-Grand-Place-.jpg?resize=639%2C479&amp;ssl=1\" alt=\"\" width=\"639\" height=\"479\" data-recalc-dims=\"1\" data-lazy-src=\"https:\/\/www.europesays.com\/fr\/wp-content\/uploads\/2025\/07\/KFC-Grand-Place-.jpg\" \/><\/a>Dans la m\u00eame veine, les \u00e9lus Verts\/LFI\/PS\/PC ont ent\u00e9rin\u00e9 l&rsquo;extension de Grand Place, autre mastodonte commercial en p\u00e9riph\u00e9rie de Grenoble<\/p>\n<p><b>UN ADJOINT \u00ab\u00a0SYMBOLIQUE\u00a0\u00bb QUI CONSTATE ET COMMENTE<\/b><\/p>\n<p style=\"text-align: justify;\">Face \u00e0 cette h\u00e9catombe, l\u2019adjoint au commerce, Alan Confesson (LFI), a th\u00e9oris\u00e9 sa propre inutilit\u00e9. <a href=\"https:\/\/grenoble-le-changement.fr\/2025\/06\/20\/commerce-a-grenoble-ladjoint-confesson-lfi-explique-encore-quil-ne-sert-a-rien\/\" target=\"_blank\" rel=\"noopener\">Interrog\u00e9 sur la fermeture de Bricorama (une de plus) il y a quelques jours<\/a>, il affirmait n&rsquo;avoir \u00ab\u00a0pas beaucoup de pouvoir de contrainte\u00a0\u00bb et plut\u00f4t un \u00ab\u00a0r\u00f4le symbolique\u00a0\u00bb. Plut\u00f4t que d&rsquo;agir sur l&rsquo;accessibilit\u00e9 ou l&rsquo;attractivit\u00e9, il pr\u00e9f\u00e9rait accuser \u00ab\u00a0la financiarisation de l&rsquo;\u00e9conomie\u00a0\u00bb, se d\u00e9douanant de toute responsabilit\u00e9. Posture commode qui r\u00e9sume l&rsquo;impuissance volontaire de cette majorit\u00e9.<\/p>\n<p><strong>UNE NOUVELLE\u00a0 BOUTIQUE PART \u00e0 NEYRPIC, \u00a0\u00bb UN NOUVEAU COUP DUR \u00ab\u00a0( DL)\u00a0<\/strong><\/p>\n<p>Il poursuit d&rsquo;ailleurs avec le d\u00e9part fulgurant de la boutique de maquillage MAC , pr\u00e8s de la place Victor Hugo qui a ferm\u00e9 le 5 juillet pour ouvrir le 10 \u00e0 &#8230; Neyrpic. Eve Moulinier ( DL du 14\/7\/25) rel\u00e9ve \u00a0\u00bb un nouveau coup dur\u00a0\u00bb en rappelant la liste des commerces qui ont fuit la ville. Alan Confesson n&rsquo;y peut rien. Et n&rsquo;y est pour rien si \u00ab la fonci\u00e8re commerciale de Neyrpic continue de piller les enseignes du centre-ville de Grenoble \u00bb . Ce sont m\u00eame les opposants qui n&rsquo;y comprennent rien : \u00a0\u00bb ils passent leur temps \u00e0 faire des pol\u00e9miques qui ne tiennent jamais compte de l\u2019\u00e9volution des habitudes d\u2019achats des consommateurs\u00a0\u00bb (!) .\u00a0<\/p>\n<p><strong>LA MAJORIT\u00c9\u00a0 <\/strong><strong>ROUGE\/VERTS SAIT TOUT FAIRE, SAUF EMP\u00caCHER NEYRPIC et GRAND PLACE !<\/strong><\/p>\n<p>La majorit\u00e9 municipale qui a des solutions pour la terre enti\u00e8re et 2050, saurait arr\u00eater le guerre au Moyen Orient mais elle n&rsquo;a pas su\u00a0 emp\u00eacher la cr\u00e9ation de Neyrpic et a vot\u00e9 l&rsquo;extension de Grand Place avec des parkings gratuits. On se demande\u00a0 d&rsquo;ailleurs pourquoi elle ne supprime pas\u00a0 ce stationnement qui favorise les d\u00e9placements en voitures , d&rsquo;autant que\u00a0 \u00a0\u00bb la bagnole\u00a0\u00bb n&rsquo;a aucune influence sur l&rsquo;activit\u00e9 commerciale selon Confesson ? Elle le fait bien \u00e0 l&rsquo;esplanade.\u00a0<\/p>\n<p><b>DE NEYRPIC \u00c0 SHEIN : L&rsquo;INCOMP\u00c9TENCE COMME LIGNE POLITIQUE<\/b><\/p>\n<p style=\"text-align: justify;\">Cette nullit\u00e9 se manifeste \u00e0 tous les niveaux. <a href=\"https:\/\/grenoble-le-changement.fr\/2025\/07\/09\/les-elus-verts-lfi-ps-pc-ne-peuvent-rien-contre-la-publicite-de-shein-sur-leurs-bus\/\" target=\"_blank\" rel=\"noopener\">Ces \u00e9lus sont incomp\u00e9tents au point de ne pas parvenir \u00e0 contr\u00f4ler la publicit\u00e9 sur leurs propres v\u00e9hicules !<\/a> Ils pourfendent la \u00ab\u00a0fast-fashion\u00a0\u00bb \u00e0 longueur de temps mais sont incapables d&#8217;emp\u00eacher la publicit\u00e9 pour le g\u00e9ant chinois Shein sur les bus et arr\u00eats du r\u00e9seau MTAG, parce qu&rsquo;ils n&rsquo;ont \u00e9videmment pr\u00e9vu aucune clause sociale\/environnementale dans le contrat qui les lie \u00e0 la r\u00e9gie publicitaire. Les m\u00eames qui donnent des le\u00e7ons sur comment sauver Grenoble pour 2040 et la plan\u00e8te pour 2050.\u00a0<\/p>\n<p><a href=\"https:\/\/i2.wp.com\/grenoble-le-changement.fr\/wp-content\/uploads\/2025\/07\/shein-jcdecaux.png?ssl=1\" rel=\"lightbox[83269] noopener\" target=\"_blank\"><img loading=\"lazy\" decoding=\"async\" class=\" wp-image-83191 jetpack-lazy-image\" src=\"https:\/\/i2.wp.com\/grenoble-le-changement.fr\/wp-content\/uploads\/2025\/07\/shein-jcdecaux.png?resize=567%2C361&amp;ssl=1\" alt=\"\" width=\"567\" height=\"361\" data-recalc-dims=\"1\" data-lazy-src=\"https:\/\/www.europesays.com\/fr\/wp-content\/uploads\/2025\/07\/shein-jcdecaux.png\" \/><\/a>Neyrpic comme centre-commercial mastondonte en entr\u00e9e de ville et des publicit\u00e9s pour le g\u00e9ant du e-commerce Shein : les commerces grenoblois peuvent dire merci \u00e0 nos \u00e9lus champions de l&rsquo;efficacit\u00e9<\/p>\n<p>\u00a0<\/p>\n<p>UNE QUESTION DE VOLONT\u00c9 POLITIQUE<\/p>\n<p style=\"text-align: justify;\">On ne le r\u00e9p\u00e9tera jamais assez : pr\u00e9server le commerce \u00e0 Grenoble n&rsquo;est pas une simple question \u00e9conomique. C&rsquo;est une question de qualit\u00e9 de vie car un commerce vivant, ce sont des quartiers qui respirent et un espace public valoris\u00e9. <a href=\"https:\/\/grenoble-le-changement.fr\/2025\/07\/08\/grenoble-encore-confirmee-comme-lanterne-rouge-pour-la-securite\/\" target=\"_blank\" rel=\"noopener\">Et comme pour le th\u00e8me de la s\u00e9curit\u00e9<\/a>, la municipalit\u00e9 a des leviers \u00e0 sa disposition pour agir contre la vacance commerciale : mais pour cela, il faudra des \u00e9lus un minimum comp\u00e9tents, connaisseurs du sujet et volontaristes.<\/p>\n","protected":false},"excerpt":{"rendered":"Posted On 14 juillet 2025 Le centre commercial Neyrpic \u00e0 Saint-Martin-d&rsquo;H\u00e8res annonce fi\u00e8rement avoir attir\u00e9 3,5 millions de&hellip;\n","protected":false},"author":2,"featured_media":248652,"comment_status":"","ping_status":"","sticky":false,"template":"","format":"standard","meta":{"footnotes":""},"categories":[9566],"tags":[1111,11,11148,2430,14405,9607,1777,674,10608,1011,27,2731,38892,23075,12,25],"class_list":{"0":"post-248651","1":"post","2":"type-post","3":"status-publish","4":"format-standard","5":"has-post-thumbnail","7":"category-grenoble","8":"tag-actu","9":"tag-actualites","10":"tag-alan-confesson","11":"tag-auvergne-rhone-alpes","12":"tag-barbara-schuman","13":"tag-eric-piolle","14":"tag-eu","15":"tag-europe","16":"tag-eve-moulinier","17":"tag-fr","18":"tag-france","19":"tag-grenoble","20":"tag-lionel-schneider","21":"tag-michel-destot","22":"tag-news","23":"tag-republique-francaise"},"share_on_mastodon":{"url":"https:\/\/pubeurope.com\/@fr\/114849869011135306","error":""},"_links":{"self":[{"href":"https:\/\/www.europesays.com\/fr\/wp-json\/wp\/v2\/posts\/248651","targetHints":{"allow":["GET"]}}],"collection":[{"href":"https:\/\/www.europesays.com\/fr\/wp-json\/wp\/v2\/posts"}],"about":[{"href":"https:\/\/www.europesays.com\/fr\/wp-json\/wp\/v2\/types\/post"}],"author":[{"embeddable":true,"href":"https:\/\/www.europesays.com\/fr\/wp-json\/wp\/v2\/users\/2"}],"replies":[{"embeddable":true,"href":"https:\/\/www.europesays.com\/fr\/wp-json\/wp\/v2\/comments?post=248651"}],"version-history":[{"count":0,"href":"https:\/\/www.europesays.com\/fr\/wp-json\/wp\/v2\/posts\/248651\/revisions"}],"wp:featuredmedia":[{"embeddable":true,"href":"https:\/\/www.europesays.com\/fr\/wp-json\/wp\/v2\/media\/248652"}],"wp:attachment":[{"href":"https:\/\/www.europesays.com\/fr\/wp-json\/wp\/v2\/media?parent=248651"}],"wp:term":[{"taxonomy":"category","embeddable":true,"href":"https:\/\/www.europesays.com\/fr\/wp-json\/wp\/v2\/categories?post=248651"},{"taxonomy":"post_tag","embeddable":true,"href":"https:\/\/www.europesays.com\/fr\/wp-json\/wp\/v2\/tags?post=248651"}],"curies":[{"name":"wp","href":"https:\/\/api.w.org\/{rel}","templated":true}]}}