{"id":248653,"date":"2025-07-14T05:11:09","date_gmt":"2025-07-14T05:11:09","guid":{"rendered":"https:\/\/www.europesays.com\/fr\/248653\/"},"modified":"2025-07-14T05:11:09","modified_gmt":"2025-07-14T05:11:09","slug":"une-feuille-un-sourire-que-signifient-ces-nouveaux-logos-dans-le-metro-de-rennes","status":"publish","type":"post","link":"https:\/\/www.europesays.com\/fr\/248653\/","title":{"rendered":"Une feuille, un sourire&#8230; que signifient ces nouveaux logos dans le m\u00e9tro de Rennes\u00a0?"},"content":{"rendered":"<p>Les plus attentifs auront remarqu\u00e9 que, depuis ce jeudi 10 juillet 2025, de nouveaux logos sont apparus sur les panneaux des lignes A et B du m\u00e9tro rennais. Sur les panneaux directionnels dans les stations, quatre pictogrammes accompagnent d\u00e9sormais les noms des quatre terminus du m\u00e9tro : sur la ligne A, un pot est accol\u00e9 \u00e0 La Poterie, en r\u00e9f\u00e9rence \u00e0 son nom et une grille pour Kennedy, \u00ab rappel de l\u2019architecture g\u00e9om\u00e9trique du quartier \u00bb, indique Keolis ; sur la ligne B, un sourire pour Saint-Jacques &#8211; Ga\u00eet\u00e9, \u00ab clin d\u2019\u0153il \u00e0 la notion de gaiet\u00e9 \u00bb et une feuille pour ViaSilva, \u00ab en r\u00e9f\u00e9rence \u00e0 son lien fort avec la nature \u00bb.<\/p>\n<p>\u00ab Faciliter l\u2019orientation des voyageurs \u00bb<\/p>\n<p>L\u2019id\u00e9e de cette nouvelle signal\u00e9tique ? \u00ab Faciliter l\u2019orientation de tous les voyageurs, et en particulier celle des personnes en situation de handicap, des personnes pr\u00e9sentant des troubles cognitifs, des non-lecteurs, des allophones ou encore des enfants, explique l\u2019op\u00e9rateur du r\u00e9seau Star dans un communiqu\u00e9. Chaque pictogramme a \u00e9t\u00e9 choisi pour sa simplicit\u00e9 et sa capacit\u00e9 \u00e0 \u00e9voquer visuellement la destination. \u00bb<\/p>\n<p>Apr\u00e8s un audit d\u2019accessibilit\u00e9 men\u00e9 par Rennes M\u00e9tropole et l\u2019Adapei 35 lors de la mise en service de la ligne B, cinq personnes en situation de handicap ont identifi\u00e9 les principaux freins \u00e0 l\u2019autonomie dans les d\u00e9placements. \u00ab L\u2019usage de pictogrammes s\u2019est impos\u00e9 comme une solution simple et efficace \u00bb, ajoute Keolis.<\/p>\n<p>Ces visuels seront progressivement int\u00e9gr\u00e9s \u00e0 l\u2019ensemble des supports d\u2019information pour les voyageurs. Outre la signal\u00e9tique en station, ils seront visibles sur les plans et guides du Star.<\/p>\n","protected":false},"excerpt":{"rendered":"Les plus attentifs auront remarqu\u00e9 que, depuis ce jeudi 10 juillet 2025, de nouveaux logos sont apparus sur&hellip;\n","protected":false},"author":2,"featured_media":248654,"comment_status":"","ping_status":"","sticky":false,"template":"","format":"standard","meta":{"footnotes":""},"categories":[2821],"tags":[1111,11,829,21017,1777,674,1011,27,848,12,584,25],"class_list":{"0":"post-248653","1":"post","2":"type-post","3":"status-publish","4":"format-standard","5":"has-post-thumbnail","7":"category-rennes","8":"tag-actu","9":"tag-actualites","10":"tag-bretagne","11":"tag-deplacements-a-rennes","12":"tag-eu","13":"tag-europe","14":"tag-fr","15":"tag-france","16":"tag-ille-et-vilaine","17":"tag-news","18":"tag-rennes","19":"tag-republique-francaise"},"share_on_mastodon":{"url":"https:\/\/pubeurope.com\/@fr\/114849872785642821","error":""},"_links":{"self":[{"href":"https:\/\/www.europesays.com\/fr\/wp-json\/wp\/v2\/posts\/248653","targetHints":{"allow":["GET"]}}],"collection":[{"href":"https:\/\/www.europesays.com\/fr\/wp-json\/wp\/v2\/posts"}],"about":[{"href":"https:\/\/www.europesays.com\/fr\/wp-json\/wp\/v2\/types\/post"}],"author":[{"embeddable":true,"href":"https:\/\/www.europesays.com\/fr\/wp-json\/wp\/v2\/users\/2"}],"replies":[{"embeddable":true,"href":"https:\/\/www.europesays.com\/fr\/wp-json\/wp\/v2\/comments?post=248653"}],"version-history":[{"count":0,"href":"https:\/\/www.europesays.com\/fr\/wp-json\/wp\/v2\/posts\/248653\/revisions"}],"wp:featuredmedia":[{"embeddable":true,"href":"https:\/\/www.europesays.com\/fr\/wp-json\/wp\/v2\/media\/248654"}],"wp:attachment":[{"href":"https:\/\/www.europesays.com\/fr\/wp-json\/wp\/v2\/media?parent=248653"}],"wp:term":[{"taxonomy":"category","embeddable":true,"href":"https:\/\/www.europesays.com\/fr\/wp-json\/wp\/v2\/categories?post=248653"},{"taxonomy":"post_tag","embeddable":true,"href":"https:\/\/www.europesays.com\/fr\/wp-json\/wp\/v2\/tags?post=248653"}],"curies":[{"name":"wp","href":"https:\/\/api.w.org\/{rel}","templated":true}]}}