{"id":248657,"date":"2025-07-14T05:13:11","date_gmt":"2025-07-14T05:13:11","guid":{"rendered":"https:\/\/www.europesays.com\/fr\/248657\/"},"modified":"2025-07-14T05:13:11","modified_gmt":"2025-07-14T05:13:11","slug":"strasbourg-une-nouvelle-directrice-pour-lobservatoire-europeen-de-laudiovisuel","status":"publish","type":"post","link":"https:\/\/www.europesays.com\/fr\/248657\/","title":{"rendered":"Strasbourg. Une nouvelle directrice pour l\u2019Observatoire europ\u00e9en de l\u2019audiovisuel"},"content":{"rendered":"<p>Le 15\u00a0septembre prochain une nouvelle directrice g\u00e9n\u00e9rale prendra ses fonctions \u00e0 la t\u00eate de l\u2019Observatoire europ\u00e9en de l\u2019audiovisuel (OEA, 26 agents), un d\u00e9partement autonome du Conseil de l\u2019Europe qui scrute avec minutie tous les chiffres de l\u2019industrie mondiale des images et du son. L\u2019Allemande Suzanne Nikoltchev, qui le dirigeait depuis l\u2019\u00e9t\u00e9 2013, c\u00e9dera son fauteuil apr\u00e8s 27 ann\u00e9es de carri\u00e8re au sein de l\u2019organisme bas\u00e9 \u00e0 la villa Schutzenberger, all\u00e9e de la Robertsau \u00e0 Strasbourg.<\/p>\n<p>Pour lui succ\u00e9der le conseil ex\u00e9cutif de l\u2019OEA a d\u00e9sign\u00e9 la Fran\u00e7aise Pauline Durand-Vialle. \u00c2g\u00e9e de 40 ans, la nouvelle directrice g\u00e9n\u00e9rale conna\u00eet bien le secteur audiovisuel europ\u00e9en pour avoir travaill\u00e9 dans la distribution de films et les ventes internationales avant de se sp\u00e9cialiser dans les affaires publiques.<\/p>\n<p>En 2014, elle a rejoint F\u00e9d\u00e9ration europ\u00e9enne des r\u00e9alisateurs de l\u2019audiovisuel (FERA) \u00e0 Bruxelles apr\u00e8s cinq ans \u00e0 la Soci\u00e9t\u00e9 des r\u00e9alisateurs de films \u00e0 Paris. De 2020 \u00e0 2024, elle a pr\u00e9sid\u00e9 le comit\u00e9 consultatif de l\u2019OEA. Elle intervient, depuis 2023, comme charg\u00e9e de cours \u00e0 Sciences Po Lille sur l\u2019\u00e9volution du secteur et les politiques audiovisuelles europ\u00e9ennes.<\/p>\n","protected":false},"excerpt":{"rendered":"Le 15\u00a0septembre prochain une nouvelle directrice g\u00e9n\u00e9rale prendra ses fonctions \u00e0 la t\u00eate de l\u2019Observatoire europ\u00e9en de l\u2019audiovisuel&hellip;\n","protected":false},"author":2,"featured_media":248658,"comment_status":"","ping_status":"","sticky":false,"template":"","format":"standard","meta":{"footnotes":""},"categories":[2820],"tags":[1111,11,2389,650,1687,1777,674,107,1011,27,775,12,25,640],"class_list":{"0":"post-248657","1":"post","2":"type-post","3":"status-publish","4":"format-standard","5":"has-post-thumbnail","7":"category-strasbourg","8":"tag-actu","9":"tag-actualites","10":"tag-alsace","11":"tag-cinema","12":"tag-culture-loisirs","13":"tag-eu","14":"tag-europe","15":"tag-fil-info","16":"tag-fr","17":"tag-france","18":"tag-grand-est","19":"tag-news","20":"tag-republique-francaise","21":"tag-strasbourg"},"share_on_mastodon":{"url":"https:\/\/pubeurope.com\/@fr\/114849880664654964","error":""},"_links":{"self":[{"href":"https:\/\/www.europesays.com\/fr\/wp-json\/wp\/v2\/posts\/248657","targetHints":{"allow":["GET"]}}],"collection":[{"href":"https:\/\/www.europesays.com\/fr\/wp-json\/wp\/v2\/posts"}],"about":[{"href":"https:\/\/www.europesays.com\/fr\/wp-json\/wp\/v2\/types\/post"}],"author":[{"embeddable":true,"href":"https:\/\/www.europesays.com\/fr\/wp-json\/wp\/v2\/users\/2"}],"replies":[{"embeddable":true,"href":"https:\/\/www.europesays.com\/fr\/wp-json\/wp\/v2\/comments?post=248657"}],"version-history":[{"count":0,"href":"https:\/\/www.europesays.com\/fr\/wp-json\/wp\/v2\/posts\/248657\/revisions"}],"wp:featuredmedia":[{"embeddable":true,"href":"https:\/\/www.europesays.com\/fr\/wp-json\/wp\/v2\/media\/248658"}],"wp:attachment":[{"href":"https:\/\/www.europesays.com\/fr\/wp-json\/wp\/v2\/media?parent=248657"}],"wp:term":[{"taxonomy":"category","embeddable":true,"href":"https:\/\/www.europesays.com\/fr\/wp-json\/wp\/v2\/categories?post=248657"},{"taxonomy":"post_tag","embeddable":true,"href":"https:\/\/www.europesays.com\/fr\/wp-json\/wp\/v2\/tags?post=248657"}],"curies":[{"name":"wp","href":"https:\/\/api.w.org\/{rel}","templated":true}]}}