{"id":248676,"date":"2025-07-14T05:27:13","date_gmt":"2025-07-14T05:27:13","guid":{"rendered":"https:\/\/www.europesays.com\/fr\/248676\/"},"modified":"2025-07-14T05:27:13","modified_gmt":"2025-07-14T05:27:13","slug":"inauguration-pres-de-lyon-bron-la-securite-au-coeur-des-debats","status":"publish","type":"post","link":"https:\/\/www.europesays.com\/fr\/248676\/","title":{"rendered":"Inauguration pr\u00e8s de Lyon. Bron, la s\u00e9curit\u00e9 au c\u0153ur des d\u00e9bats"},"content":{"rendered":"<p>\t\t\t\t<img fetchpriority=\"high\" decoding=\"async\" width=\"900\" height=\"580\" src=\"https:\/\/www.europesays.com\/fr\/wp-content\/uploads\/2025\/07\/01-Bron-police-municipale-1.jpg\" alt=\"\" title=\"01 Bron police municipale\"   class=\"wp-image-162606\"\/><\/p>\n<p><strong>Texte\u00a0: Morgan Couturier \u2013<\/strong> Contrairement \u00e0 son homologue lyonnais, le maire de Bron J\u00e9r\u00e9mie attache une importance toute particuli\u00e8re \u00e0 la s\u00e9curit\u00e9 de ses concitoyens. Dernier exemple en date\u00a0: l\u2019inauguration, ce jeudi 10 juillet 2025, de locaux flambant neufs pour la police municipale, financ\u00e9s gr\u00e2ce au soutien de la R\u00e9gion Auvergne-Rh\u00f4ne-Alpes.<\/p>\n<p><strong>J\u00e9r\u00e9mie Breaud<\/strong> a beau ne pas \u00eatre aussi cal\u00e9 sur le foot que son grand ami <strong>Pierre Oliver<\/strong>, maire du 2e arrondissement de Lyon, il aura s\u00fbrement appr\u00e9ci\u00e9 la passe d\u00e9cisive d\u00e9livr\u00e9e quelques jours plus t\u00f4t, par la repr\u00e9sentante LFI, <strong>Mathilde Panot<\/strong>. Alors que cette derni\u00e8re pr\u00f4nait un d\u00e9sarmement de la police municipale, le maire de Bron ne l\u2019a pas attendu pour emprunter le chemin inverse.<\/p>\n<p><a href=\"https:\/\/www.lyonpeople.com\/?attachment_id=162607\" rel=\"attachment wp-att-162607 nofollow noopener\" target=\"_blank\"><img loading=\"lazy\" decoding=\"async\" class=\"alignnone size-full wp-image-162607\" src=\"data:image\/svg+xml,%3Csvg%20xmlns=\" http:=\"\" alt=\"\" width=\"900\" height=\"621\" data-lazy- data-lazy- data-lazy-src=\"https:\/\/www.europesays.com\/fr\/wp-content\/uploads\/2025\/07\/03-Bron-police-municipale.jpg\"\/><\/a><\/p>\n<p>Hasard du calendrier, l\u2019inauguration du nouveau poste de Police Municipale est tomb\u00e9e tr\u00e8s \u00e0 propos. \u00ab\u00a0La premi\u00e8re chose que les gens m\u2019ont demand\u00e9e ici, c\u2019est de les prot\u00e9ger. Et sans s\u00e9curit\u00e9, vous ne pouvez rien faire\u00a0\u00bb, glissa l\u2019\u00e9dile, sa visite du quartier du Terraillon, organis\u00e9e en amont (lire par ailleurs), ayant suscit\u00e9 une pluie de remerciements des habitants du coin.<\/p>\n<p>\u00ab\u00a0La s\u00e9curit\u00e9 restera une grande priorit\u00e9 de notre mandat\u00a0\u00bb, poursuivit-il, \u00e0 l\u2019heure d\u2019offrir \u00e0 ses \u00ab\u00a0policiers pr\u00e9f\u00e9r\u00e9s\u00a0\u00bb un \u00ab\u00a0centre moderne\u00a0\u00bb de 1012m2\u00a0(850m2 de l\u2019ancienne CPAM auxquels ont \u00e9t\u00e9 ajout\u00e9s 162m2), ce dernier r\u00e9pondant \u00ab\u00a0aux exigences de s\u00e9curit\u00e9 actuelles\u00a0\u00bb. Mais aussi \u00e0 des imp\u00e9ratifs de place, tant la trentaine de policiers municipaux commen\u00e7ait \u00e0 se sentir \u00e0 l\u2019\u00e9troit dans son pr\u00e9c\u00e9dent commissariat.<\/p>\n<p><strong>\u00ab\u00a0Un des meilleurs \u00e9quipements pour la police municipale dans la r\u00e9gion\u00a0\u00bb<\/strong><\/p>\n<p>Dor\u00e9navant et depuis un mois, ces derniers peuvent profiter d\u2019un \u00e9quipement ultra performant, en ad\u00e9quation avec la r\u00e9alit\u00e9 du terrain. La r\u00e9p\u00e9tition du mot \u00ab\u00a0s\u00e9curit\u00e9\u00a0\u00bb fut d\u2019ailleurs symptomatique des besoins de la commune, gangren\u00e9e autrefois par les trafics. Un combat qui avait valu \u00e0 J\u00e9r\u00e9mie Br\u00e9aud d\u2019\u00eatre l\u2019objet de menaces au d\u00e9but de son mandat, de la part des trafiquants de drogue.<\/p>\n<p><a href=\"https:\/\/www.lyonpeople.com\/?attachment_id=162608\" rel=\"attachment wp-att-162608 nofollow noopener\" target=\"_blank\"><img loading=\"lazy\" decoding=\"async\" aria-describedby=\"caption-attachment-162608\" class=\"size-full wp-image-162608\" src=\"data:image\/svg+xml,%3Csvg%20xmlns=\" http:=\"\" alt=\"\" width=\"900\" height=\"615\" data-lazy- data-lazy- data-lazy-src=\"https:\/\/www.europesays.com\/fr\/wp-content\/uploads\/2025\/07\/05-Bron-police-municipale.jpg\"\/><\/a><\/p>\n<p id=\"caption-attachment-162608\" class=\"wp-caption-text\">Fra\u00eechement nomm\u00e9, le directeur de la tranquillit\u00e9 publique de Bron, Yoann Giraudier a pu d\u00e9voiler les \u00e9quipements mis \u00e0 disposition de ses policiers munipaux.<\/p>\n<p>\u00ab\u00a0Bron est un bel exemple pour la symbolique du chemin parcouru\u00a0\u00bb, le f\u00e9licita en ce sens, le pr\u00e9sident de la R\u00e9gion Auvergne-Rh\u00f4ne-Alpes, <strong>Fabrice Pannekoucke<\/strong>, lequel a d\u00e9bloqu\u00e9 700 000\u20ac pour participer \u00e0 la r\u00e9alisation de ce projet estim\u00e9 \u00e0 plus de 3 millions d\u2019euros.<\/p>\n<p>\u00ab\u00a0C\u2019est un objet majeur, un objet d\u2019avenir et un objet de qualit\u00e9 de vie\u00a0\u00bb, releva celui-ci, les policiers municipaux b\u00e9n\u00e9ficiant aujourd\u2019hui d\u2019une salle d\u2019armes, d\u2019une salle de sport, d\u2019un dojo, de nombreux garages pour les v\u00e9hicules ou de locaux pour la brigade canine.<\/p>\n<p>Cette participation de la R\u00e9gion Auvergne-Rh\u00f4ne-Alpes n\u2019est pas sans rappeler sa contribution dans l\u2019essor des cam\u00e9ras de surveillance, pass\u00e9e de 70, \u00ab dont seulement en \u00e9tat de marche \u00bb sous l\u2019ancienne mandature, \u00e0 plus de 300 cinq ans plus tard.<\/p>\n<p><strong>\u00ab\u00a0Je suis fier du chemin parcouru tous ensemble\u00a0\u00bb<\/strong><\/p>\n<p>\u00ab\u00a0J\u00e9r\u00e9my, tu devrais inviter Mathilde Panot et tous les repr\u00e9sentants de la France Insoumise \u00e0 venir ici, dans une ville avec des gens de tous les horizons. Avoir des propos comme les leurs est ahurissant dans un pays comme le n\u00f4tre. Qu\u2019ils viennent voir ce qu\u2019est le travail des policiers municipaux et qu\u2019ils viennent rencontrer les habitants de Bron pour qu\u2019ils leur disent combien la s\u00e9curit\u00e9 est primordiale\u00a0\u00bb.<\/p>\n<p><a href=\"https:\/\/www.lyonpeople.com\/?attachment_id=162609\" rel=\"attachment wp-att-162609 nofollow noopener\" target=\"_blank\"><img loading=\"lazy\" decoding=\"async\" class=\"alignnone size-full wp-image-162609\" src=\"data:image\/svg+xml,%3Csvg%20xmlns=\" http:=\"\" alt=\"\" width=\"900\" height=\"636\" data-lazy- data-lazy- data-lazy-src=\"https:\/\/www.europesays.com\/fr\/wp-content\/uploads\/2025\/07\/07-Bron-Police-Municipale.jpg\"\/><\/a><\/p>\n<p>\u00ab\u00a0Bron est l\u2019exemple de ce que l\u2019on veut, \u00e0 savoir une R\u00e9gion pr\u00e9sente aux c\u00f4t\u00e9s des maires qui agissent\u00a0\u00bb, exposa <strong>Laurent Wauquiez<\/strong>, pr\u00e9sent en qualit\u00e9 de conseiller sp\u00e9cial et chef des d\u00e9put\u00e9s LR \u00e0 l\u2019Assembl\u00e9e nationale.<\/p>\n<p>Une formule bien choisie, \u00e0 l\u2019heure o\u00f9 le maire Bron, comme la majorit\u00e9 de ses homologues de la r\u00e9gion lyonnaise \u2013 notamment Rillieux (repr\u00e9sent\u00e9e par <strong>Julien Smati<\/strong>) ou Mions (avec <strong>Michael Paccaud<\/strong>), critique ouvertement les \u00e9cologistes de la M\u00e9tropole ou de la Ville de Lyon sur leur inaction vis \u00e0 vis d\u2019une ins\u00e9curit\u00e9 grandissante.<\/p>\n<p>\u00ab\u00a0Nous voulons une soci\u00e9t\u00e9 qui puisse vivre de la meilleure des mani\u00e8res\u00a0\u00bb, valida en ce sens, Fabrice Pannekoucke, entour\u00e9 des conseillers r\u00e9gionaux <strong>Isabelle Ramet<\/strong> et <strong>Renaud Pfeffer<\/strong>. Point\u00e9e du doigt par le pass\u00e9, Bron semble donc se muer en r\u00e9f\u00e9rence. En exemple de moyens mis au service de la s\u00e9curit\u00e9.<\/p>\n<p>\u00ab\u00a0En agissant ainsi, on agit aussi sur la vie. Nous continuerons \u00e0 faire de Bron, une ville forte\u00a0\u00bb, confirma J\u00e9r\u00e9mie Br\u00e9aud. Avant de conclure sur une tirade \u00e0 double sens\u00a0: \u00ab\u00a0ici, nous aimons le\u2026 bleu. Nous aimons la police, qu\u2019elle soit nationale ou municipale\u00a0\u00bb.<\/p>\n<p><strong>Encadr\u00e9<br \/><\/strong><strong>Laurent Wauquiez au contact de la population<\/strong><\/p>\n<p><a href=\"https:\/\/www.lyonpeople.com\/?attachment_id=162610\" rel=\"attachment wp-att-162610 nofollow noopener\" target=\"_blank\"><img loading=\"lazy\" decoding=\"async\" class=\"alignnone size-full wp-image-162610\" src=\"data:image\/svg+xml,%3Csvg%20xmlns=\" http:=\"\" alt=\"\" width=\"900\" height=\"622\" data-lazy- data-lazy- data-lazy-src=\"https:\/\/www.europesays.com\/fr\/wp-content\/uploads\/2025\/07\/09-Bron-Wauquiez.jpg\"\/><\/a><\/p>\n<p>Au surlendemain de sa d\u00e9faite dans la course \u00e0 la pr\u00e9sidence LR, <strong>Laurent Wauquiez<\/strong> n\u2019a rien perdu de sa pr\u00e9sence sur le terrain. Avant de f\u00e9liciter son homologue J\u00e9r\u00e9mie Br\u00e9aud et son succeseur, Fabrice Pannekoucke, pour l\u2019inauguration du poste de police municipale, l\u2019ancien pr\u00e9sident de la R\u00e9gion Aura \u00e9tait ainsi de passage au c\u0153ur du Terraillon pour prendre la temp\u00e9rature de ce quartier r\u00e9put\u00e9 comme l\u2019un des plus chauds de la commune.<\/p>\n<p><a href=\"https:\/\/www.lyonpeople.com\/?attachment_id=162611\" rel=\"attachment wp-att-162611 nofollow noopener\" target=\"_blank\"><img loading=\"lazy\" decoding=\"async\" class=\"alignnone size-full wp-image-162611\" src=\"data:image\/svg+xml,%3Csvg%20xmlns=\" http:=\"\" alt=\"\" width=\"900\" height=\"604\" data-lazy- data-lazy- data-lazy-src=\"https:\/\/www.europesays.com\/fr\/wp-content\/uploads\/2025\/07\/011-Bron-Wauquiez.jpg\"\/><\/a><\/p>\n<p>Sur place, l\u2019\u00e9lu r\u00e9publicain a pu appr\u00e9cier les efforts de son poulain. \u00c0 commencer par l\u2019installation p\u00f4le m\u00e9dical, rue Louis Pergaud, au b\u00e9n\u00e9fice d\u2019un investissement de 800 000\u20ac (pay\u00e9 pour moiti\u00e9 par la R\u00e9gion). Symbole de la politique locale, ce centre pluridisciplinaire est venu remplacer un centre commercial incendi\u00e9 volontairement en novembre 2020.<\/p>\n<p>S\u2019il manque encore un m\u00e9decin, Laurent Wauquiez a assur\u00e9 avoir interpell\u00e9 la ministre de la Sant\u00e9, <strong>Catherine Vautrin<\/strong> pour r\u00e9pondre \u00e0 ce besoin. Cela contribuerait un peu plus \u00e0 la renaissance de ce quartier o\u00f9 \u00ab\u00a0il fait bon vivre aujourd\u2019hui\u00a0\u00bb.<\/p>\n","protected":false},"excerpt":{"rendered":"Texte\u00a0: Morgan Couturier \u2013 Contrairement \u00e0 son homologue lyonnais, le maire de Bron J\u00e9r\u00e9mie attache une importance toute&hellip;\n","protected":false},"author":2,"featured_media":248677,"comment_status":"","ping_status":"","sticky":false,"template":"","format":"standard","meta":{"footnotes":""},"categories":[1889],"tags":[4257,1111,47,4258,11,2430,9492,1777,674,1011,27,2428,12,25],"class_list":{"0":"post-248676","1":"post","2":"type-post","3":"status-publish","4":"format-standard","5":"has-post-thumbnail","7":"category-lyon","8":"tag-0top","9":"tag-actu","10":"tag-actualite","11":"tag-actualite-lyon","12":"tag-actualites","13":"tag-auvergne-rhone-alpes","14":"tag-bron","15":"tag-eu","16":"tag-europe","17":"tag-fr","18":"tag-france","19":"tag-lyon","20":"tag-news","21":"tag-republique-francaise"},"share_on_mastodon":{"url":"https:\/\/pubeurope.com\/@fr\/114849935994146982","error":""},"_links":{"self":[{"href":"https:\/\/www.europesays.com\/fr\/wp-json\/wp\/v2\/posts\/248676","targetHints":{"allow":["GET"]}}],"collection":[{"href":"https:\/\/www.europesays.com\/fr\/wp-json\/wp\/v2\/posts"}],"about":[{"href":"https:\/\/www.europesays.com\/fr\/wp-json\/wp\/v2\/types\/post"}],"author":[{"embeddable":true,"href":"https:\/\/www.europesays.com\/fr\/wp-json\/wp\/v2\/users\/2"}],"replies":[{"embeddable":true,"href":"https:\/\/www.europesays.com\/fr\/wp-json\/wp\/v2\/comments?post=248676"}],"version-history":[{"count":0,"href":"https:\/\/www.europesays.com\/fr\/wp-json\/wp\/v2\/posts\/248676\/revisions"}],"wp:featuredmedia":[{"embeddable":true,"href":"https:\/\/www.europesays.com\/fr\/wp-json\/wp\/v2\/media\/248677"}],"wp:attachment":[{"href":"https:\/\/www.europesays.com\/fr\/wp-json\/wp\/v2\/media?parent=248676"}],"wp:term":[{"taxonomy":"category","embeddable":true,"href":"https:\/\/www.europesays.com\/fr\/wp-json\/wp\/v2\/categories?post=248676"},{"taxonomy":"post_tag","embeddable":true,"href":"https:\/\/www.europesays.com\/fr\/wp-json\/wp\/v2\/tags?post=248676"}],"curies":[{"name":"wp","href":"https:\/\/api.w.org\/{rel}","templated":true}]}}