{"id":248684,"date":"2025-07-14T05:31:11","date_gmt":"2025-07-14T05:31:11","guid":{"rendered":"https:\/\/www.europesays.com\/fr\/248684\/"},"modified":"2025-07-14T05:31:11","modified_gmt":"2025-07-14T05:31:11","slug":"les-valeurs-a-suivre-a-paris-et-en-europe-14-07-2025-a-0654","status":"publish","type":"post","link":"https:\/\/www.europesays.com\/fr\/248684\/","title":{"rendered":"Les valeurs \u00e0 suivre \u00e0 Paris et en Europe &#8211; 14\/07\/2025 \u00e0 06:54"},"content":{"rendered":"<p>\n *\n<\/p>\n<p>\n Variation des futures sur indice CAC 40  0#FCE:\n<\/p>\n<p>\n *\n<\/p>\n<p>\n Variation des futures sur indice Stoxx 600  0#FXXP:\n<\/p>\n<p>\n *\n<\/p>\n<p>\n Valeurs qui se traitent ex-dividende  .EX.PA\n<\/p>\n<p>\n *\n<\/p>\n<p>\n Le point sur les march\u00e9s europ\u00e9ens  .EUFR\n<\/p>\n<p>\n Les valeurs \u00e0 suivre lundi<br \/>\n\u00e0 la Bourse de Paris et en Europe :\n<\/p>\n<p>\n * DROITS DE DOUANE &#8211; Le pr\u00e9sident am\u00e9ricain Donald Trump a<br \/>\nannonc\u00e9 samedi qu&rsquo;il imposerait des droits de douane de 30% aux<br \/>\nproduits import\u00e9s de l&rsquo;Union europ\u00e9enne \u00e0 partir du 1er ao\u00fbt si<br \/>\naucun accord commercial n&rsquo;est conclu d&rsquo;ici l\u00e0, des mesures qui<br \/>\ns&rsquo;ajouteraient \u00e0 celles que les \u00c9tats-Unis ont d\u00e9j\u00e0 impos\u00e9 ou<br \/>\nmenacent d&rsquo;imposer \u00e0 certains secteurs d&rsquo;activit\u00e9.\n<\/p>\n<p>\n * BASF<br \/>\n <a href=\"https:\/\/www.boursorama.com\/cours\/1zBAS\/\" rel=\"nofollow noopener\" target=\"_blank\"><br \/>\n  BASFn.DE<br \/>\n <\/a><br \/>\n a fait \u00e9tat vendredi d&rsquo;un b\u00e9n\u00e9fice<br \/>\nd&rsquo;exploitation en baisse de 9,7% au titre du deuxi\u00e8me trimestre<br \/>\n2025 et a revu \u00e0 la baisse ses perspectives pour l&rsquo;ensemble de<br \/>\nl&rsquo;ann\u00e9e, citant les incertitudes \u00e9conomiques et g\u00e9opolitiques.\n<\/p>\n<p>\n * THYSSENKRUPP<br \/>\n <a href=\"https:\/\/www.boursorama.com\/cours\/1zTKA\/\" rel=\"nofollow noopener\" target=\"_blank\"><br \/>\n  TKAG.DE<br \/>\n <\/a><br \/>\n &#8211; Berlin a conclu un accord pour<br \/>\ns&rsquo;assurer une influence sur la division d\u00e9fense du conglom\u00e9rat<br \/>\nallemand, TKMS, en vue d&rsquo;une scission pr\u00e9vue et d&rsquo;une cotation<br \/>\ns\u00e9par\u00e9e plus tard dans l&rsquo;ann\u00e9e, selon des documents publi\u00e9s<br \/>\nvendredi.\n<\/p>\n<p>\n * BPER BANCA<br \/>\n <a href=\"https:\/\/www.boursorama.com\/cours\/1gBPE\/\" rel=\"nofollow noopener\" target=\"_blank\"><br \/>\n  EMII.MI<br \/>\n <\/a><br \/>\n &#8211; La quatri\u00e8me banque italienne a mis<br \/>\nla main sur 58,35% du capital de Banca Popolare di Sondrio\n<\/p>\n<p>\n <a href=\"https:\/\/www.boursorama.com\/cours\/1gBPSO\/\" rel=\"nofollow noopener\" target=\"_blank\"><br \/>\n  BPSI.MI<br \/>\n <\/a><br \/>\n , selon un document de la Bourse italienne publi\u00e9<br \/>\nvendredi, garantissant \u00e0 l&rsquo;acheteur le contr\u00f4le total de la<br \/>\ncible\n<\/p>\n<p>\n * VINCI<br \/>\n <a href=\"https:\/\/www.boursorama.com\/cours\/1rPDG\/\" rel=\"nofollow noopener\" target=\"_blank\"><br \/>\n  SGEF.PA<br \/>\n <\/a><br \/>\n a annonc\u00e9 vendredi la nomination de<br \/>\nThierry Mirville au poste de directeur financier adjoint.\n<\/p>\n<p>\n * EURAZEO<br \/>\n <a href=\"https:\/\/www.boursorama.com\/cours\/1rPRF\/\" rel=\"nofollow noopener\" target=\"_blank\"><br \/>\n  EURA.PA<br \/>\n <\/a><br \/>\n est entr\u00e9 en n\u00e9gociations exclusives<br \/>\navec une holding europ\u00e9enne du groupe Ferrara pour la cession de<br \/>\nsa participation dans le groupe CPK, selon un communiqu\u00e9 publi\u00e9<br \/>\nvendredi.\n<\/p>\n<p>\n * VALNEVA<br \/>\n <a href=\"https:\/\/www.boursorama.com\/cours\/1rPVLA\/\" rel=\"nofollow noopener\" target=\"_blank\"><br \/>\n  VLS.PA<br \/>\n <\/a><br \/>\n a annonc\u00e9 vendredi la lev\u00e9e de la<br \/>\nrestriction temporaire de l&rsquo;EMA sur le vaccin IXCHIQ chez les<br \/>\npersonnes \u00e2g\u00e9es.\n<\/p>\n<p>\n * NOVARTIS<br \/>\n <a href=\"https:\/\/www.boursorama.com\/cours\/2aNOVN\/\" rel=\"nofollow noopener\" target=\"_blank\"><br \/>\n  NOVN.S<br \/>\n <\/a><br \/>\n &#8211; Selon une d\u00e9cision de justice rendue<br \/>\nvendredi, le fabricant de m\u00e9dicaments ne peut pas emp\u00eacher son<br \/>\nconcurrent MSN Pharmaceuticals de lancer une version g\u00e9n\u00e9rique<br \/>\nde son m\u00e9dicament phare contre l&rsquo;insuffisance cardiaque Entresto<br \/>\njusqu&rsquo;\u00e0 la fin 2026.\n<\/p>\n<p>\n L&rsquo;AGENDA FRANCE &amp; INTERNATIONAL \u00c0 7 JOURS:<\/p>\n<p> nL8N3T80DS\n<\/p>\n<p>\n (R\u00e9dig\u00e9 par Bertrand De Meyer, \u00e9dit\u00e9 par Augustin Turpin)<\/p>\n","protected":false},"excerpt":{"rendered":"* Variation des futures sur indice CAC 40 0#FCE: * Variation des futures sur indice Stoxx 600 0#FXXP:&hellip;\n","protected":false},"author":2,"featured_media":64038,"comment_status":"","ping_status":"","sticky":false,"template":"","format":"standard","meta":{"footnotes":""},"categories":[1888],"tags":[400,1111,1928,11,1927,398,408,405,1777,674,1011,27,403,402,399,404,12,1926,626,1925,25,401,406,407],"class_list":{"0":"post-248684","1":"post","2":"type-post","3":"status-publish","4":"format-standard","5":"has-post-thumbnail","7":"category-paris","8":"tag-action-cac-40","9":"tag-actu","10":"tag-actu-paris","11":"tag-actualites","12":"tag-actualites-paris","13":"tag-bourse-de-paris","14":"tag-boursorama","15":"tag-cotations","16":"tag-eu","17":"tag-europe","18":"tag-fr","19":"tag-france","20":"tag-indices-devises","21":"tag-investir","22":"tag-investissement","23":"tag-marche-boursier","24":"tag-news","25":"tag-news-paris","26":"tag-paris","27":"tag-paris-news","28":"tag-republique-francaise","29":"tag-sicav","30":"tag-trackers","31":"tag-warrants"},"share_on_mastodon":{"url":"https:\/\/pubeurope.com\/@fr\/114849951788543307","error":""},"_links":{"self":[{"href":"https:\/\/www.europesays.com\/fr\/wp-json\/wp\/v2\/posts\/248684","targetHints":{"allow":["GET"]}}],"collection":[{"href":"https:\/\/www.europesays.com\/fr\/wp-json\/wp\/v2\/posts"}],"about":[{"href":"https:\/\/www.europesays.com\/fr\/wp-json\/wp\/v2\/types\/post"}],"author":[{"embeddable":true,"href":"https:\/\/www.europesays.com\/fr\/wp-json\/wp\/v2\/users\/2"}],"replies":[{"embeddable":true,"href":"https:\/\/www.europesays.com\/fr\/wp-json\/wp\/v2\/comments?post=248684"}],"version-history":[{"count":0,"href":"https:\/\/www.europesays.com\/fr\/wp-json\/wp\/v2\/posts\/248684\/revisions"}],"wp:featuredmedia":[{"embeddable":true,"href":"https:\/\/www.europesays.com\/fr\/wp-json\/wp\/v2\/media\/64038"}],"wp:attachment":[{"href":"https:\/\/www.europesays.com\/fr\/wp-json\/wp\/v2\/media?parent=248684"}],"wp:term":[{"taxonomy":"category","embeddable":true,"href":"https:\/\/www.europesays.com\/fr\/wp-json\/wp\/v2\/categories?post=248684"},{"taxonomy":"post_tag","embeddable":true,"href":"https:\/\/www.europesays.com\/fr\/wp-json\/wp\/v2\/tags?post=248684"}],"curies":[{"name":"wp","href":"https:\/\/api.w.org\/{rel}","templated":true}]}}