{"id":248695,"date":"2025-07-14T05:37:17","date_gmt":"2025-07-14T05:37:17","guid":{"rendered":"https:\/\/www.europesays.com\/fr\/248695\/"},"modified":"2025-07-14T05:37:17","modified_gmt":"2025-07-14T05:37:17","slug":"lunion-europeenne-prete-a-riposter-aux-etats-unis-avec-une-liste-de-droits-de-douane-de-21-milliards-deuros-selon-le-ministre-italien-des-affaires-etrangeres","status":"publish","type":"post","link":"https:\/\/www.europesays.com\/fr\/248695\/","title":{"rendered":"L&rsquo;Union europ\u00e9enne pr\u00e9te \u00e0 riposter aux \u00c9tats-Unis avec une liste de droits de douane de 21 milliards d&rsquo;euros, selon le ministre italien des Affaires \u00e9trang\u00e8res"},"content":{"rendered":"<td class=\"is__realtime px-5\">\n<tr wp_automatic_readability=\"2\">\n<td colspan=\"3\" class=\"is__realtime-quality js-next-event-quotes\" data-next-event=\"2025-07-14T01:59:58+02:00\">\n<p>                                                    Temps r\u00e9el estim\u00e9<br \/>\n                                            TTMZero<\/p>\n<p>07:36:14 14\/07\/2025<\/p>\n<\/td>\n<td class=\"txt-align-center is__realtime-quality c-none cm-table\">\n                            Varia. 5j.\n                        <\/td>\n<td class=\"txt-align-center is__realtime-quality\">\n                            Varia. 1 janv.\n                        <\/td>\n<\/tr>\n<tr>\n<td class=\"txt-s7 txt-align-left is__realtime-last\">\n<p>1,1670                        USD\n                                    <\/td>\n<td class=\"txt-s7 txt-align-left is__realtime-var\">\n                                             -0,10%\n                                    <\/td>\n<td class=\"table-child--middle c-none cs-table table-child--no-pad\">\n                                                <img loading=\"lazy\" decoding=\"async\" style=\"vertical-align: middle\" width=\"120\" height=\"45\" alt=\"Graphique intraday de Euro \/ US Dollar (EUR\/USD)\" src=\"https:\/\/www.zonebourse.com\/zbcache\/charts\/ObjectChart.aspx?Name=4591&amp;Type=Intraday&amp;Width=120&amp;Height=45&amp;ShowAxis=0&amp;DTstart=2025-07-14&amp;Render=Line&amp;BottomMargin=3&amp;TopMargin=5&amp;Prev=1.16822&amp;TIMEZONE=Europe\/Paris\" onerror=\"this.style.display='none'\"\/>                    <\/td>\n<td class=\"txt-s4 txt-align-center c-none cm-table\">\n                             -0,52%\n                        <\/td>\n<td class=\"txt-s4 txt-align-center\">\n                             +12,79%\n                        <\/td>\n<\/tr>\n<p class=\"m-0\">\n                    Publi\u00e9 le 14\/07\/2025 \u00e0 07:30                <\/p>\n<p><img decoding=\"async\" src=\"https:\/\/www.europesays.com\/fr\/wp-content\/uploads\/2025\/07\/2016-08-23T165455Z_1_LYNXNPEC7M14E_RTROPTP_2_REGIONALHUBEMEA.JPG\" alt=\"L'Union europ\u00e9enne pr\u00e9te \u00e0 riposter aux \u00c9tats-Unis avec une liste de droits de douane de 21 milliards d'euros, selon le ministre italien des Affaires \u00e9trang\u00e8res\" class=\"w-100 media--169 \" data-zoomable=\"true\" data-zoomable-url=\"\/images\/reuters\/2016-08-23T165455Z_1_LYNXNPEC7M14E_RTROPTP_2_REGIONALHUBEMEA.JPG\"\/>]]]]>]]><\/p>\n<p>D\u00e9bloquer l&rsquo;article : INSCRIVEZ-VOUS !<\/p>\n<p>]]]]>]]><\/p>\n<p class=\"txt-s2\">Acc\u00e9der \u00e0 l&rsquo;article original.<br \/>\n                    <br \/>\n            Avertissement l\u00e9gal<\/p>\n<p>Avertissement l\u00e9gal<\/p>\n<p>Contactez-nous pour toute demande de correction<\/p>\n<\/p>\n<p><img decoding=\"async\" src=\"https:\/\/www.europesays.com\/fr\/wp-content\/uploads\/2025\/04\/reuters.jpg\" alt=\"Reuters logo\" class=\"c-block ml-auto\"\/><br \/>\n                                    \u00a9 Reuters &#8211; 2025<\/p>\n<p>    <img decoding=\"async\" src=\"https:\/\/www.europesays.com\/fr\/wp-content\/uploads\/2025\/04\/img_footer_appstore.png\" alt=\"Download from Apple Store\" loading=\"lazy\"\/><\/p>\n<p class=\"m-0\">NOS EXPERTS \u00c0 VOTRE \u00c9COUTE<\/p>\n<p class=\"m-0 txt-bold\">Lundi &#8211; Vendredi 9h-12h \/ 14h-18h<\/p>\n<p><img decoding=\"async\" src=\"https:\/\/www.europesays.com\/fr\/wp-content\/uploads\/2025\/04\/footer_logo_zb.png\" width=\"181\" height=\"24\" alt=\"Zonebourse, bourse en direct\" loading=\"lazy\"\/><br \/>\n                    Mentions l\u00e9gales<br \/>\n                |<br \/>\n                Param\u00e9trer les cookies<br \/>\n            |<br \/>\n                    Blog Zonebourse<br \/>\n                |<a href=\"https:\/\/ch.zonebourse.com\/qui-sommes-nous\" class=\"link txt-footer\" rel=\"nofollow noopener\" target=\"_blank\"><br \/>\n                Qui sommes-nous ?<br \/>\n            <\/a>|<br \/>\n                Copyright \u00a9 2025 Surperformance SAS. Tous droits r\u00e9serv\u00e9s.<\/p>\n<p>\n            Les cotations sont fournies par Factset, Morningstar et S&amp;P Capital IQ\n        <\/p>\n<p class=\"pl-10 txt-bold m-0\">S\u00e9lectionnez votre \u00e9dition<\/p>\n<p class=\"txt-s1 txt-muted m-0 pl-10\">Toutes les informations financi\u00e8res adapt\u00e9es au niveau national<\/p>\n<\/td>\n","protected":false},"excerpt":{"rendered":"Temps r\u00e9el estim\u00e9 TTMZero 07:36:14 14\/07\/2025 Varia. 5j. Varia. 1 janv. 1,1670 USD -0,10% -0,52% +12,79% Publi\u00e9 le&hellip;\n","protected":false},"author":2,"featured_media":135525,"comment_status":"","ping_status":"","sticky":false,"template":"","format":"standard","meta":{"footnotes":""},"categories":[1589],"tags":[11,340,73,1866,12,1864,1865,1863,308],"class_list":{"0":"post-248695","1":"post","2":"type-post","3":"status-publish","4":"format-standard","5":"has-post-thumbnail","7":"category-etats-unis","8":"tag-actualites","9":"tag-bourse","10":"tag-etats-unis","11":"tag-etats-unis-damerique","12":"tag-news","13":"tag-united-states","14":"tag-united-states-of-america","15":"tag-us","16":"tag-usa"},"share_on_mastodon":{"url":"https:\/\/pubeurope.com\/@fr\/114849975304008269","error":""},"_links":{"self":[{"href":"https:\/\/www.europesays.com\/fr\/wp-json\/wp\/v2\/posts\/248695","targetHints":{"allow":["GET"]}}],"collection":[{"href":"https:\/\/www.europesays.com\/fr\/wp-json\/wp\/v2\/posts"}],"about":[{"href":"https:\/\/www.europesays.com\/fr\/wp-json\/wp\/v2\/types\/post"}],"author":[{"embeddable":true,"href":"https:\/\/www.europesays.com\/fr\/wp-json\/wp\/v2\/users\/2"}],"replies":[{"embeddable":true,"href":"https:\/\/www.europesays.com\/fr\/wp-json\/wp\/v2\/comments?post=248695"}],"version-history":[{"count":0,"href":"https:\/\/www.europesays.com\/fr\/wp-json\/wp\/v2\/posts\/248695\/revisions"}],"wp:featuredmedia":[{"embeddable":true,"href":"https:\/\/www.europesays.com\/fr\/wp-json\/wp\/v2\/media\/135525"}],"wp:attachment":[{"href":"https:\/\/www.europesays.com\/fr\/wp-json\/wp\/v2\/media?parent=248695"}],"wp:term":[{"taxonomy":"category","embeddable":true,"href":"https:\/\/www.europesays.com\/fr\/wp-json\/wp\/v2\/categories?post=248695"},{"taxonomy":"post_tag","embeddable":true,"href":"https:\/\/www.europesays.com\/fr\/wp-json\/wp\/v2\/tags?post=248695"}],"curies":[{"name":"wp","href":"https:\/\/api.w.org\/{rel}","templated":true}]}}