{"id":248698,"date":"2025-07-14T05:39:12","date_gmt":"2025-07-14T05:39:12","guid":{"rendered":"https:\/\/www.europesays.com\/fr\/248698\/"},"modified":"2025-07-14T05:39:12","modified_gmt":"2025-07-14T05:39:12","slug":"motogp-allemagne-canal-revivez-les-temps-forts-du-grand-prix-en-8-minutes-de-video","status":"publish","type":"post","link":"https:\/\/www.europesays.com\/fr\/248698\/","title":{"rendered":"MotoGP, Allemagne, Canal+ : Revivez les temps forts du Grand Prix en 8 minutes de vid\u00e9o !"},"content":{"rendered":"<p><strong>Vous avez manqu\u00e9 le Grand Prix d\u2019Allemagne ? Ou bien<br \/>\nvous souhaitez tout simplement en revoir les moments forts ? Vous<br \/>\n\u00eates au bon endroit ! Voici un r\u00e9sum\u00e9 en vid\u00e9o de ce qu\u2019il ne<br \/>\nfallait absolument pas manquer ce dimanche sur le<br \/>\nSachsenring.<\/strong><\/p>\n<p>Pour rappel, la grille de d\u00e9part du Grand Prix \u00e9tait<br \/>\ncompos\u00e9e de <strong>Marc M\u00e1rquez<\/strong> (Ducati), <strong>Johann<br \/>\nZarco<\/strong> (Honda) et <strong>Marco Bezzecchi<\/strong><br \/>\n(Aprilia). Derri\u00e8re devait se trouver <strong>Franco<br \/>\nMorbidelli<\/strong> (Ducati) mais <a href=\"https:\/\/www.paddock-gp.com\/motogp-allemagne-j2-breaking-news-franco-morbidelli-forfait-a-son-tour-pour-le-grand-prix\/\" target=\"_blank\" rel=\"noopener nofollow\">l\u2019Italien a d\u00e9clar\u00e9 forfait \u00e0 la<br \/>\nsuite de sa lourde chute survenue hier en course sprint<\/a>. Il<br \/>\nn\u2019\u00e9tait pas le seul \u00e0 manquer \u00e0 l\u2019appel, puisque les deux pilotes<br \/>\nTech3, <strong>Enea Bastianini<\/strong> et <strong>Maverick<br \/>\nVi\u00f1ales<\/strong> \u00e9taient eux aussi forfaits. Le premier pour une<br \/>\ncrise d\u2019appendicite, <a href=\"https:\/\/www.paddock-gp.com\/motogp-allemagne-j2-maverick-vinales-frustre-par-son-forfait-jai-mal-mais-je-suis-surtout-reellement-decu\/\" target=\"_blank\" rel=\"noopener nofollow\">le second pour une fracture \u00e0<br \/>\nl\u2019\u00e9paule gauche apr\u00e8s un high side en Q2<\/a>, sans compter Somkiat<br \/>\nChantra et Jorge Mart\u00edn, convalescents.<\/p>\n<p>Tous les pilotes ont donc avanc\u00e9 d\u2019une place sur la grille.<br \/>\nLa deuxi\u00e8me ligne \u00e9tait constitu\u00e9e de <strong>Pedro Acosta<\/strong><br \/>\n(KTM), <strong>\u00c1lex M\u00e1rquez<\/strong> (Ducati) et <strong>Fabio<br \/>\nQuartararo<\/strong> (Yamaha). <strong>Fabio Di<br \/>\nGiannantonio<\/strong> (Ducati), <strong>Jack Miller<\/strong><br \/>\n(Yamaha) et <strong>Brad Binder<\/strong> (KTM) composaient la<br \/>\ntroisi\u00e8me ligne.<\/p>\n<p>\u00c0 l\u2019extinction des feux, <strong>Marc M\u00e1rquez<\/strong> a r\u00e9alis\u00e9<br \/>\nle meilleur envol et n\u2019a cette fois pas commis d\u2019erreur. Il a vir\u00e9<br \/>\nen t\u00eate dans le premier virage et n\u2019a plus jamais quitt\u00e9 la<br \/>\npremi\u00e8re place de la course, qui allait en revanche s\u2019annoncer tr\u00e8s<br \/>\nmouvement\u00e9e derri\u00e8re !<\/p>\n<p><strong>Marco Bezzecchi<\/strong>, <strong>Fabio Di<br \/>\nGiannantonio<\/strong> et <strong>\u00c1lex M\u00e1rquez<\/strong> ont<br \/>\n\u00e9galement r\u00e9ussi leur d\u00e9part, \u00e0 l\u2019inverse des Fran\u00e7ais, qui ont<br \/>\nperdu quelques positions. <strong>Johann Zarco<\/strong> est pass\u00e9<br \/>\nde la deuxi\u00e8me \u00e0 la cinqui\u00e8me place, et <strong>Fabio<br \/>\nQuartararo<\/strong> de la sixi\u00e8me \u00e0 la huiti\u00e8me. La bagarre a \u00e9t\u00e9<br \/>\nimm\u00e9diatement lanc\u00e9e, \u00e0 la fois entre <strong>Bezzecchi<\/strong> et<br \/>\n<strong>Di Giannantonio<\/strong> qu\u2019entre <strong>Zarco<\/strong> et<br \/>\n<strong>Pedro Acosta<\/strong>. Le pilote VR46 et le pilote KTM ont<br \/>\neu le dernier mot sur leur adversaire.<\/p>\n<p>Dans le second tour, <strong>Lorenzo Savadori<\/strong>\u00a0a<br \/>\nchut\u00e9 mais a pu repartir. C\u2019\u00e9tait la premi\u00e8re chute d\u2019une longue<br \/>\ns\u00e9rie. Deux tours plus tard, <strong>Miguel Oliveira<\/strong> puis<br \/>\n<strong>Pedro Acosta<\/strong> sont partis \u00e0 la faute \u00e0 leur tour.<br \/>\nDurant les 14 tours suivants, la course a \u00e9t\u00e9 plut\u00f4t calme, avec un<br \/>\nclassement peu bouscul\u00e9.<\/p>\n<p>Au 18e tour, <strong>Fabio Di Giannantonio<\/strong>, alors<br \/>\ndeuxi\u00e8me, a chut\u00e9 dans le virage 1. Il a \u00e9t\u00e9 imit\u00e9 quelques<br \/>\nsecondes plus tard par <strong>Johann Zarco<\/strong>, au m\u00eame<br \/>\nendroit, puis trois tours plus tard par <strong>Marco<br \/>\nBezzecchi<\/strong>, toujours dans le virage 1. Trois tours plus<br \/>\ntard, <strong>Ai Ogura<\/strong> a rat\u00e9 son freinage et est all\u00e9<br \/>\npercuter <strong>Joan Mir<\/strong>, tandis que <strong>Lorenzo<br \/>\nSavadori<\/strong> a chut\u00e9 dans la foul\u00e9e juste derri\u00e8re eux.<\/p>\n<p>En piste, personne n\u2019a pu aller chercher <strong>Marc<br \/>\nM\u00e1rquez<\/strong>, qui s\u2019est offert la victoire devant son fr\u00e8re<br \/>\n<strong>\u00c1lex M\u00e1rquez<\/strong>, et <strong>Francesco<br \/>\nBagnaia<\/strong>, qui a retrouv\u00e9 le podium. <strong>Fabio<br \/>\nQuartararo<\/strong> et <strong>Ferm\u00edn Aldeguer<\/strong> ont<br \/>\ncompl\u00e9t\u00e9 le top 5, devant <strong>Luca Marini<\/strong>,<br \/>\n<strong>Brad Binder<\/strong>, <strong>Jack Miller<\/strong>,<br \/>\n<strong>Ra\u00fal Fern\u00e1ndez<\/strong> et <strong>\u00c1lex Rins<\/strong>, les<br \/>\ndix seuls rescap\u00e9s de la course \u00e0 l\u2019arriv\u00e9e !<\/p>\n<p><strong>Revivez ces temps forts en 8 minutes avec celle<br \/>\npartag\u00e9e par <a href=\"https:\/\/www.canalplus.com\/sport\/motogp\" rel=\"nofollow noopener\" target=\"_blank\">Canal+<\/a><\/strong>\u00a0:<\/p>\n<\/p>\n<p><strong>R\u00e9sultats du <a href=\"https:\/\/www.paddock-gp.com\/motogp-allemagne-course-live\/\" target=\"_blank\" rel=\"noopener nofollow\">Grand Prix<\/a> d\u2019Allemagne<br \/>\n:<\/strong><\/p>\n<p><img loading=\"lazy\" decoding=\"async\" class=\"aligncenter size-full wp-image-1309909\" src=\"https:\/\/www.europesays.com\/fr\/wp-content\/uploads\/2025\/07\/gp.jpg\" alt=\"\" width=\"800\" height=\"783\"  \/><\/p>\n<p>Cr\u00e9dit classement : <a href=\"https:\/\/www.motogp.com\/fr\" rel=\"nofollow noopener\" target=\"_blank\">MotoGP.com<\/a><\/p>\n","protected":false},"excerpt":{"rendered":"Vous avez manqu\u00e9 le Grand Prix d\u2019Allemagne ? Ou bien vous souhaitez tout simplement en revoir les moments&hellip;\n","protected":false},"author":2,"featured_media":248699,"comment_status":"","ping_status":"","sticky":false,"template":"","format":"standard","meta":{"footnotes":""},"categories":[1587],"tags":[11,672,1804,1805,1803,1777,674,1801,12,1802],"class_list":{"0":"post-248698","1":"post","2":"type-post","3":"status-publish","4":"format-standard","5":"has-post-thumbnail","7":"category-allemagne","8":"tag-actualites","9":"tag-allemagne","10":"tag-bundesrepublik-deutschland","11":"tag-de","12":"tag-deutschland","13":"tag-eu","14":"tag-europe","15":"tag-germany","16":"tag-news","17":"tag-republique-federale-dallemagne"},"share_on_mastodon":{"url":"https:\/\/pubeurope.com\/@fr\/114849983024514989","error":""},"_links":{"self":[{"href":"https:\/\/www.europesays.com\/fr\/wp-json\/wp\/v2\/posts\/248698","targetHints":{"allow":["GET"]}}],"collection":[{"href":"https:\/\/www.europesays.com\/fr\/wp-json\/wp\/v2\/posts"}],"about":[{"href":"https:\/\/www.europesays.com\/fr\/wp-json\/wp\/v2\/types\/post"}],"author":[{"embeddable":true,"href":"https:\/\/www.europesays.com\/fr\/wp-json\/wp\/v2\/users\/2"}],"replies":[{"embeddable":true,"href":"https:\/\/www.europesays.com\/fr\/wp-json\/wp\/v2\/comments?post=248698"}],"version-history":[{"count":0,"href":"https:\/\/www.europesays.com\/fr\/wp-json\/wp\/v2\/posts\/248698\/revisions"}],"wp:featuredmedia":[{"embeddable":true,"href":"https:\/\/www.europesays.com\/fr\/wp-json\/wp\/v2\/media\/248699"}],"wp:attachment":[{"href":"https:\/\/www.europesays.com\/fr\/wp-json\/wp\/v2\/media?parent=248698"}],"wp:term":[{"taxonomy":"category","embeddable":true,"href":"https:\/\/www.europesays.com\/fr\/wp-json\/wp\/v2\/categories?post=248698"},{"taxonomy":"post_tag","embeddable":true,"href":"https:\/\/www.europesays.com\/fr\/wp-json\/wp\/v2\/tags?post=248698"}],"curies":[{"name":"wp","href":"https:\/\/api.w.org\/{rel}","templated":true}]}}