{"id":248702,"date":"2025-07-14T05:41:11","date_gmt":"2025-07-14T05:41:11","guid":{"rendered":"https:\/\/www.europesays.com\/fr\/248702\/"},"modified":"2025-07-14T05:41:11","modified_gmt":"2025-07-14T05:41:11","slug":"le-tarif-entre-lindonesie-et-lue-est-presque-de-0-pour-cent-2","status":"publish","type":"post","link":"https:\/\/www.europesays.com\/fr\/248702\/","title":{"rendered":"Le tarif entre l&rsquo;Indon\u00e9sie et l&rsquo;UE est presque de 0 pour cent"},"content":{"rendered":"<p>ARTA &#8211; Le pr\u00e9sident Prabowo Subianto a d\u00e9clar\u00e9 que les tarifs sur les marchandises import\u00e9es de l\u2019Union europ\u00e9enne et de l\u2019Indon\u00e9sie \u00e9taient presque de 0 pour cent, de sorte que les deux parties \u00e9taient pr\u00eates \u00e0 mettre en \u0153uvre imm\u00e9diatement l\u2019accord \u00e9conomique global (CEPA) qui devrait \u00eatre sign\u00e9 en septembre 2025.<\/p>\n<p>al. \u00ab Nous avons donc maintenant un Trait\u00e9 de partenariat \u00e9conomique complet (CEPA) entre l\u2019Indon\u00e9sie et l\u2019Union europ\u00e9enne, ce qui deviendra en fait un accord de libre march\u00e9. Presque tous nos tarifs sont termin\u00e9s, presque tout est \u00e0 0 pour cent parmi nous \u00bb, a d\u00e9clar\u00e9 le pr\u00e9sident Prabowo en r\u00e9ponse aux questions des journalistes lors d\u2019une r\u00e9union \u00e0 Bruxelles, en Belgique, dimanche 13 juillet, cit\u00e9 par Antara.<\/p>\n<p>r\u00e9nal. Le pr\u00e9sident a ensuite soulign\u00e9 que la CEPA entre l\u2019Indon\u00e9sie et l\u2019Union europ\u00e9enne \u00e9tait une coop\u00e9ration strat\u00e9gique, ainsi qu\u2019une perc\u00e9e dans les relations entre les deux parties.<\/p>\n<p>r\u00e9nal. \u00ab L\u2019Union Europ\u00e9enne est un tr\u00e8s grand march\u00e9. La population est de plus de 460 millions de personnes, leur PIB total (produit int\u00e9rieur brut, rouge) est tr\u00e8s grand, leur commerce est \u00e9galement tr\u00e8s important. C\u2019est donc Dieu merci, un \u00e9v\u00e9nement historique \u00bb, a d\u00e9clar\u00e9 le pr\u00e9sident Prabowo.<\/p>\n<p>Prabowo a annonc\u00e9 que les n\u00e9gociations sur la CEPA Indon\u00e9sie et l\u2019Union europ\u00e9enne avaient \u00e9t\u00e9 termin\u00e9es lors d\u2019une conf\u00e9rence de presse avec la pr\u00e9sidente de la Commission europ\u00e9enne, Ursula von der Leyen, au bureau de la Commission europ\u00e9enne, au b\u00e2timent Berlaymont, \u00e0 Bruxelles, dimanche. L\u2019Indon\u00e9sie et l\u2019Union europ\u00e9enne discutent des points de coop\u00e9ration CEPA depuis environ 10 ans.<\/p>\n<p>el Prabowo a d\u00e9clar\u00e9 lors d\u2019une conf\u00e9rence de presse : \u00ab Aujourd\u2019hui, nous avons r\u00e9ussi \u00e0 faire une perc\u00e9e, apr\u00e8s 10 ann\u00e9es de n\u00e9gociations, nous avons conclu un accord \u00e9conomique global (CEPA), qui est essentiellement un accord de libre march\u00e9. Nous avons convenu de nombreux, de nombreux accords, sur lesquels nous accueillons essentiellement les int\u00e9r\u00eats \u00e9conomiques les uns des autres. Nous trouvons ces int\u00e9r\u00eats b\u00e9n\u00e9ficiaires mutuellement \u00bb, a d\u00e9clar\u00e9 le pr\u00e9sident Prabowo lors d\u2019une conf\u00e9rence de presse.<\/p>\n<p>, le ministre de l\u2019Investissement et de l\u2019Hilirisation \/ PDG de Danantara, Rosan Perkasa Ro Isani, a expliqu\u00e9 que la CEPA entre l\u2019Indon\u00e9sie et l\u2019Union europ\u00e9enne ouvrirait le plus grand acc\u00e8s au march\u00e9 possible pour les deux parties.<\/p>\n<p>al.com \u00ab En l\u2019existence de l\u2019AEFI I-UE, le commerce peut passer de environ 30 milliards de dollars \u00e0 60 milliards de dollars, et aussi en termes d\u2019investissement, nous esp\u00e9rons que la r\u00e9ponse sera \u00e9galement plus positive \u00bb, a d\u00e9clar\u00e9 Rosan en r\u00e9ponse aux questions des journalistes lorsqu\u2019il a \u00e9t\u00e9 rencontr\u00e9 \u00e0 Bruxelles.<\/p>\n<p>Prabowo a visit\u00e9 dimanche le si\u00e8ge de l\u2019Union europ\u00e9enne au b\u00e2timent Berlaymont, \u00e0 Bruxelles, et a rencontr\u00e9 le pr\u00e9sident de la Commission europ\u00e9enne, Ursula von der Leyen, et le pr\u00e9sident du Conseil europ\u00e9en Ant\u00f3nio Costa. \u00c0 Bruxelles, le pr\u00e9sident Prabowo a \u00e9galement rencontr\u00e9 le roi belge Philippe L\u00e9opold Louis Marie.<\/p>\n<p>bowo lors de sa visite officielle \u00e0 Bruxelles depuis samedi (12\/7), le pr\u00e9sident Prabowo \u00e9tait accompagn\u00e9 de plusieurs ministres du Cabinet Rouge et Blanc, \u00e0 savoir le ministre coordinateur des affaires \u00e9conomiques Airlangga Hartarto, le ministre du Commerce Budi Santoso, le ministre de l\u2019Investissement et de l\u2019Hilirisation \/ PDG de Danantara Rosan Perkasa Ro Umani, puis il y a aussi le secr\u00e9taire du Cabinet Teddy Indra Wijaya et l\u2019ambassadeur indon\u00e9sien en Belgique Andri Hadi.<\/p>\n<p>The English, Chinese, Japanese, Arabic, and French versions are automatically generated by the AI. So there may still be inaccuracies in translating, please always see Indonesian as our main language.<br \/>\n                                    (system supported by DigitalSiber.id)<\/p>\n","protected":false},"excerpt":{"rendered":"ARTA &#8211; Le pr\u00e9sident Prabowo Subianto a d\u00e9clar\u00e9 que les tarifs sur les marchandises import\u00e9es de l\u2019Union europ\u00e9enne&hellip;\n","protected":false},"author":2,"featured_media":248290,"comment_status":"","ping_status":"","sticky":false,"template":"","format":"standard","meta":{"footnotes":""},"categories":[1586],"tags":[11,9626,1777,674,1779,1011,27,38876,12,25,1778,364],"class_list":{"0":"post-248702","1":"post","2":"type-post","3":"status-publish","4":"format-standard","5":"has-post-thumbnail","7":"category-europe","8":"tag-actualites","9":"tag-an","10":"tag-eu","11":"tag-europe","12":"tag-european-union","13":"tag-fr","14":"tag-france","15":"tag-le-tarif-des-marchandises-est-de-0","16":"tag-news","17":"tag-republique-francaise","18":"tag-ue","19":"tag-union-europeenne"},"share_on_mastodon":{"url":"https:\/\/pubeurope.com\/@fr\/114849990788045201","error":""},"_links":{"self":[{"href":"https:\/\/www.europesays.com\/fr\/wp-json\/wp\/v2\/posts\/248702","targetHints":{"allow":["GET"]}}],"collection":[{"href":"https:\/\/www.europesays.com\/fr\/wp-json\/wp\/v2\/posts"}],"about":[{"href":"https:\/\/www.europesays.com\/fr\/wp-json\/wp\/v2\/types\/post"}],"author":[{"embeddable":true,"href":"https:\/\/www.europesays.com\/fr\/wp-json\/wp\/v2\/users\/2"}],"replies":[{"embeddable":true,"href":"https:\/\/www.europesays.com\/fr\/wp-json\/wp\/v2\/comments?post=248702"}],"version-history":[{"count":0,"href":"https:\/\/www.europesays.com\/fr\/wp-json\/wp\/v2\/posts\/248702\/revisions"}],"wp:featuredmedia":[{"embeddable":true,"href":"https:\/\/www.europesays.com\/fr\/wp-json\/wp\/v2\/media\/248290"}],"wp:attachment":[{"href":"https:\/\/www.europesays.com\/fr\/wp-json\/wp\/v2\/media?parent=248702"}],"wp:term":[{"taxonomy":"category","embeddable":true,"href":"https:\/\/www.europesays.com\/fr\/wp-json\/wp\/v2\/categories?post=248702"},{"taxonomy":"post_tag","embeddable":true,"href":"https:\/\/www.europesays.com\/fr\/wp-json\/wp\/v2\/tags?post=248702"}],"curies":[{"name":"wp","href":"https:\/\/api.w.org\/{rel}","templated":true}]}}