{"id":248708,"date":"2025-07-14T05:45:16","date_gmt":"2025-07-14T05:45:16","guid":{"rendered":"https:\/\/www.europesays.com\/fr\/248708\/"},"modified":"2025-07-14T05:45:16","modified_gmt":"2025-07-14T05:45:16","slug":"david-law-dicte-sa-loi-top-10-pour-mathieu-decottignies-lafon","status":"publish","type":"post","link":"https:\/\/www.europesays.com\/fr\/248708\/","title":{"rendered":"David Law dicte sa loi, top 10 pour Mathieu Decottignies-Lafon"},"content":{"rendered":"<p>\t\t\t\t\t\t<img width=\"770\" height=\"556\" src=\"https:\/\/www.europesays.com\/fr\/wp-content\/uploads\/2025\/07\/afp__20250713__2224903615__v1__midres__ddrealczechchallenge2025dayfour-770x556.jpg\" class=\"img-responsive wp-post-image\" alt=\"Dean Mouhtaropoulos \/ GETTY IMAGES EUROPE \/ Getty Images via AFP\" decoding=\"async\" fetchpriority=\"high\"  \/>\t\t\t\t\t<\/p>\n<p>\t\t\t\t\t\t Partager cet article <\/p>\n<p class=\"screen-reader-text juiz_sps_maybe_hidden_text\">Partager la publication \u00ab\u00a0David Law dicte sa loi, top 10 pour Mathieu Decottignies-Lafon\u00a0\u00bb<\/p>\n<p><strong>David Law a sign\u00e9 un beau come-back lors du dernier tour du D+D REAL Czech Challenge et relanc\u00e9 sa carri\u00e8re, tandis que Maximilian Steinlechner a pris la t\u00eate du classement g\u00e9n\u00e9ral et que les Fran\u00e7ais ont marqu\u00e9 des points.<\/strong><\/p>\n<p>\u00a0<\/p>\n<p>Rel\u00e9gu\u00e9 apr\u00e8s avoir perdu sa carte du <strong>DP World Tour<\/strong> l\u2019an pass\u00e9, <strong>David Law<\/strong> a su inverser la tendance lors de la quatri\u00e8me et derni\u00e8re journ\u00e9e du <strong>D+D REAL Czech Challenge<\/strong> pour retrouver le chemin de la victoire sur l\u2019<strong>HotelPlanner Tour<\/strong>.<\/p>\n<p><a href=\"https:\/\/www.europeantour.com\/hotelplanner-tour\/d-d-real-czech-challenge-2025\/leaderboard?round=2\" target=\"_blank\" rel=\"noopener nofollow\">Retrouvez le classement complet<\/a><\/p>\n<p>Leaders depuis le premier tour, l\u2019Espagnol <strong>Albert Boneta<\/strong> (sur la photo) et l\u2019Australien <strong>Danny List<\/strong> n\u2019ont pas su r\u00e9sister \u00e0 la pression du dernier tour et laissent filer le troph\u00e9e \u00e0 l\u2019\u00c9cossais, auteur d\u2019un finish impressionnant.<\/p>\n<p>\t\t\t\t<img loading=\"lazy\" decoding=\"async\" src=\"data:image\/svg+xml,%3Csvg%20xmlns=\" http:=\"\" attributionsrc=\"\" border=\"0\" height=\"1\" width=\"1\" alt=\"Advertisement\" data-lazy-src=\"https:\/\/www.europesays.com\/fr\/wp-content\/uploads\/2025\/07\/B33047934.424844126;dc_trk_aid=615928068;dc_trk_cid=236605808;ord=[timestamp];dc_lat=;dc_rdid=;tag_f.gif\"\/><\/p>\n<p>\t\t\t\t\t<a id=\"179412\" href=\"https:\/\/ad.doubleclick.net\/ddm\/trackclk\/N1153799.3770024GOLFPLANATE\/B33047934.424844126;dc_trk_aid=615928068;dc_trk_cid=236605808;dc_lat=;dc_rdid=;tag_for_child_directed_treatment=;tfua=;gdpr=${GDPR};gdpr_consent=${GDPR_CONSENT_755};ltd=;dc_tdv=1\" target=\"_blank\" rel=\"sponsorised nofollow noopener\"><img decoding=\"async\" src=\"data:image\/svg+xml,%3Csvg%20xmlns=\" http:=\"\" class=\"img-responsive\" alt=\"\" data-lazy-src=\"https:\/\/www.europesays.com\/fr\/wp-content\/uploads\/2025\/07\/callaway-e01-apex-v1-1170x275-1.jpg\"\/><\/a><\/p>\n<p>David Law a livr\u00e9 une prestation solide au <strong>Royal Beroun Golf Club,<\/strong> signant un eagle et cinq birdies pour coiffer tout le monde au poteau gr\u00e2ce \u00e0 une derni\u00e8re carte de 63 (-7). \u00ab J\u2019ai travaill\u00e9 dur pour revenir \u00e0 ce niveau. Gagner \u00e0 nouveau, c\u2019est tr\u00e8s sp\u00e9cial. Je n\u2019ai jamais dout\u00e9 de ma capacit\u00e9 \u00e0 le faire, mais il faut parfois toucher le fond pour mieux rebondir \u00bb, a-t-il confi\u00e9 \u00e0 l\u2019issue de sa victoire.<\/p>\n<p>\u00a0<\/p>\n<blockquote class=\"twitter-tweet\" data-media-max-width=\"560\">\n<p lang=\"en\" dir=\"ltr\">Six years later, David Law tastes that winning feeling once more \ud83d\udc4f\ud83c\udff4\udb40\udc67\udb40\udc62\udb40\udc73\udb40\udc63\udb40\udc74\udb40\udc7f<a href=\"https:\/\/twitter.com\/hashtag\/CzechChallenge?src=hash&amp;ref_src=twsrc%5Etfw\" rel=\"nofollow noopener\" target=\"_blank\">#CzechChallenge<\/a> <a href=\"https:\/\/t.co\/vIJhcXzFAa\" rel=\"nofollow\">pic.twitter.com\/vIJhcXzFAa<\/a><\/p>\n<p>\u2014 HotelPlanner Tour (@HPlanner_Tour) <a href=\"https:\/\/twitter.com\/HPlanner_Tour\/status\/1944430000461013218?ref_src=twsrc%5Etfw\" rel=\"nofollow noopener\" target=\"_blank\">July 13, 2025<\/a><\/p>\n<\/blockquote>\n<p>\u00a0<\/p>\n<p>Quatre Fran\u00e7ais dans le top 20<\/p>\n<p>2e \u00e0 deux coups, \u00e0 \u00e9galit\u00e9 avec l\u2019Ecossais <strong>Ryan Lumsden <\/strong>l\u2019Anglais<strong> Jack Floydd <\/strong>et le Danois<strong> Victor Sidal Svendsen<\/strong>, l\u2019Autrichien <strong>Maximilian Steinlechner<\/strong>, quant \u00e0 lui, s\u2019empare de la premi\u00e8re place de <a href=\"https:\/\/www.europeantour.com\/hotelplanner-tour\/rankings\/overview\/rankings\" rel=\"nofollow noopener\" target=\"_blank\">l\u2019Ordre du m\u00e9rite<\/a> apr\u00e8s une derni\u00e8re carte de 61 \u2013 la meilleure de la semaine.<\/p>\n<p>C\u00f4t\u00e9 fran\u00e7ais, la performance est \u00e0 souligner avec plusieurs joueurs dans le top 20. Derri\u00e8re <strong>Mathieu Decottignies-Lafon<\/strong>, 8e \u00e0 quatre coups du vainqueur, <strong>Damien Perrier <\/strong>et <strong>Bastien Amat<\/strong> ont pris la 12e place et <strong>F\u00e9lix Mory<\/strong> la 20e. <strong>Cl\u00e9ment Charmasson<\/strong> et <strong>Maxence Giboudot<\/strong> ont \u00e9galement franchi le cut et engrang\u00e9 de pr\u00e9cieux points pour la suite de la saison.<\/p>\n<p>\u00a0<\/p>\n<p>Le leaderboard<\/p>\n<p><img loading=\"lazy\" decoding=\"async\" class=\"aligncenter wp-image-179424 size-full\" src=\"data:image\/svg+xml,%3Csvg%20xmlns=\" http:=\"\" alt=\"\" width=\"775\" height=\"439\" data-lazy- data-lazy- data-lazy-src=\"https:\/\/www.europesays.com\/fr\/wp-content\/uploads\/2025\/07\/dd-real-czech-challenge-tour-4-e1752419331265.jpg\"\/><\/p>\n<p>Les autres Fran\u00e7ais<\/p>\n<p><img loading=\"lazy\" decoding=\"async\" class=\"aligncenter wp-image-179423 size-full\" src=\"data:image\/svg+xml,%3Csvg%20xmlns=\" http:=\"\" alt=\"\" width=\"775\" height=\"395\" data-lazy- data-lazy- data-lazy-src=\"https:\/\/www.europesays.com\/fr\/wp-content\/uploads\/2025\/07\/dd-real-czech-challenge-tour-4-francais.jpg\"\/><\/p>\n<p>\u00a0<\/p>\n<p>Photo : Dean Mouhtaropoulos \/ Getty Images via AFP<\/p>\n<p>\t\t\t\t\t<a id=\"177253\" href=\"https:\/\/www.noyangolf.com\/fr\/\" target=\"_blank\" rel=\"sponsorised nofollow noopener\"><img decoding=\"async\" src=\"data:image\/svg+xml,%3Csvg%20xmlns=\" http:=\"\" class=\"img-responsive\" alt=\"\" data-lazy-src=\"https:\/\/www.europesays.com\/fr\/wp-content\/uploads\/2025\/06\/noyan-e01-where-golf-meets-excellence-1170x275-1.jpg\"\/><\/a><\/p>\n<p>\t\t\t<script async src=\"https:\/\/platform.twitter.com\/widgets.js\" charset=\"utf-8\"><\/script><\/p>\n","protected":false},"excerpt":{"rendered":"Partager cet article Partager la publication \u00ab\u00a0David Law dicte sa loi, top 10 pour Mathieu Decottignies-Lafon\u00a0\u00bb David Law&hellip;\n","protected":false},"author":2,"featured_media":248709,"comment_status":"","ping_status":"","sticky":false,"template":"","format":"standard","meta":{"footnotes":""},"categories":[1418],"tags":[1011,27,1472,60],"class_list":{"0":"post-248708","1":"post","2":"type-post","3":"status-publish","4":"format-standard","5":"has-post-thumbnail","7":"category-golf","8":"tag-fr","9":"tag-france","10":"tag-golf","11":"tag-sports"},"share_on_mastodon":{"url":"https:\/\/pubeurope.com\/@fr\/114850006759657640","error":""},"_links":{"self":[{"href":"https:\/\/www.europesays.com\/fr\/wp-json\/wp\/v2\/posts\/248708","targetHints":{"allow":["GET"]}}],"collection":[{"href":"https:\/\/www.europesays.com\/fr\/wp-json\/wp\/v2\/posts"}],"about":[{"href":"https:\/\/www.europesays.com\/fr\/wp-json\/wp\/v2\/types\/post"}],"author":[{"embeddable":true,"href":"https:\/\/www.europesays.com\/fr\/wp-json\/wp\/v2\/users\/2"}],"replies":[{"embeddable":true,"href":"https:\/\/www.europesays.com\/fr\/wp-json\/wp\/v2\/comments?post=248708"}],"version-history":[{"count":0,"href":"https:\/\/www.europesays.com\/fr\/wp-json\/wp\/v2\/posts\/248708\/revisions"}],"wp:featuredmedia":[{"embeddable":true,"href":"https:\/\/www.europesays.com\/fr\/wp-json\/wp\/v2\/media\/248709"}],"wp:attachment":[{"href":"https:\/\/www.europesays.com\/fr\/wp-json\/wp\/v2\/media?parent=248708"}],"wp:term":[{"taxonomy":"category","embeddable":true,"href":"https:\/\/www.europesays.com\/fr\/wp-json\/wp\/v2\/categories?post=248708"},{"taxonomy":"post_tag","embeddable":true,"href":"https:\/\/www.europesays.com\/fr\/wp-json\/wp\/v2\/tags?post=248708"}],"curies":[{"name":"wp","href":"https:\/\/api.w.org\/{rel}","templated":true}]}}